{"id":99951,"date":"2016-11-10T08:29:35","date_gmt":"2016-11-10T07:29:35","guid":{"rendered":"http:\/\/www.ifun.de\/?p=99951"},"modified":"2016-11-10T08:29:35","modified_gmt":"2016-11-10T07:29:35","slug":"macbook-pro-verkaufsrekord-in-den-ersten-fuenf-tagen","status":"publish","type":"post","link":"https:\/\/www.ifun.de\/macbook-pro-verkaufsrekord-in-den-ersten-fuenf-tagen-99951\/","title":{"rendered":"MacBook Pro: Verkaufsrekord in den ersten f\u00fcnf Tagen"},"content":{"rendered":"<p>Die Marktbeobachter des Analyse-Institutes Slice haben frischen <a href=\"https:\/\/intelligence.slice.com\/apples-macbook-pro-launch\/\">Zahlen zum Verkaufsauftakt<\/a> der neuen MacBook Pro-Modelle vorgelegt und gehen davon aus, dass Apples neues Laptop-Flaggschiff schon jetzt f\u00fcr mehr Umsatz als jedes andere Notebook im laufenden Jahr gesorgt hat. <\/p>\n<p><a href=\"https:\/\/images.ifun.de\/wp-content\/uploads\/2016\/10\/macbook-pro-praesentation-tim-cook.jpg\"><img loading=\"lazy\" decoding=\"async\" src=\"https:\/\/images.ifun.de\/wp-content\/uploads\/2016\/10\/macbook-pro-praesentation-tim-cook.jpg\" alt=\"Macbook Pro Praesentation Tim Cook\" width=\"500\" height=\"305\" class=\"aligncenter size-full wp-image-99393\" srcset=\"https:\/\/images.ifun.de\/wp-content\/uploads\/2016\/10\/macbook-pro-praesentation-tim-cook.jpg 500w, https:\/\/images.ifun.de\/wp-content\/uploads\/2016\/10\/macbook-pro-praesentation-tim-cook-300x183.jpg 300w\" sizes=\"auto, (max-width: 500px) 100vw, 500px\" \/><\/a><\/p>\n<p>Die wohl spannendste Erkenntnis: In den ersten f\u00fcnf Tagen seiner Verf\u00fcgbarkeit hat das neue MacBook Pro fast sieben Mal so viel Umsatz generiert, wie das im April 2015 in den Markt gestartete MacBook. Und: Schon jetzt sollen die neuen Pro-Modelle 78% des Gesamtumsatzes eingefahren haben, den das 12-Zoll MacBook seit seiner initialen Verf\u00fcgbarkeit erwirtschaften konnte. <\/p>\n<blockquote><p>This successful launch may be luring those who have abandoned Apple back to the brand. Touch-screen technology has been deployed by other laptop brands for years and shoppers looking for the newest technology would have to move away from Apple to try the new tech.<\/p><\/blockquote>\n<p>Slice wertet die Rechnungen und Beleg-Quittungen von \u00fcber 4 Millionen Online-Shoppern aus und ber\u00fccksichtiget in Sachen MacBook das Einkaufsverhalten von knapp 13.000 amerikanischen Online-Shoppern. <\/p>\n<p><a href=\"https:\/\/images.ifun.de\/wp-content\/uploads\/2016\/11\/slice.gif\"><img loading=\"lazy\" decoding=\"async\" src=\"https:\/\/images.ifun.de\/wp-content\/uploads\/2016\/11\/slice.gif\" alt=\"Slice\" width=\"700\" height=\"539\" class=\"aligncenter size-full wp-image-99952\" \/><\/a><\/p>\n","protected":false},"excerpt":{"rendered":"<a href=\"https:\/\/www.ifun.de\/macbook-pro-verkaufsrekord-in-den-ersten-fuenf-tagen-99951\/\"><img width=\"150\" height=\"150\" src=\"https:\/\/images.ifun.de\/wp-content\/uploads\/2016\/11\/slice-150x150.gif\" class=\"alignright tfe wp-post-image\" alt=\"Slice\" decoding=\"async\" loading=\"lazy\" \/><\/a><p>Die Marktbeobachter des Analyse-Institutes Slice haben frischen Zahlen zum Verkaufsauftakt der neuen MacBook Pro-Modelle vorgelegt und gehen davon aus, dass Apples neues Laptop-Flaggschiff schon jetzt f\u00fcr mehr Umsatz als jedes andere Notebook im laufenden Jahr gesorgt hat. Die wohl spannendste Erkenntnis: In den ersten f\u00fcnf Tagen seiner Verf\u00fcgbarkeit hat das neue MacBook Pro fast sieben [&hellip;]<\/p>\n","protected":false},"author":1,"featured_media":99952,"comment_status":"open","ping_status":"closed","sticky":false,"template":"","format":"standard","meta":{"_acf_changed":false,"footnotes":""},"categories":[3],"tags":[115,224,225],"class_list":["post-99951","post","type-post","status-publish","format-standard","has-post-thumbnail","hentry","category-apple","tag-geld","tag-macbook-pro","tag-zahlen"],"acf":[],"aioseo_notices":[],"featured_image":["https:\/\/images.ifun.de\/wp-content\/uploads\/2016\/10\/macbook-pro-phil-schiller-header.jpg"],"subheadline":["Deutlich beliebter als das MacBook"],"rest_api_enabler":{"featured_image":"https:\/\/images.ifun.de\/wp-content\/uploads\/2016\/10\/macbook-pro-phil-schiller-header.jpg","subheadline":"Deutlich beliebter als das MacBook"},"_links":{"self":[{"href":"https:\/\/www.ifun.de\/apiv2\/wp\/v2\/posts\/99951","targetHints":{"allow":["GET"]}}],"collection":[{"href":"https:\/\/www.ifun.de\/apiv2\/wp\/v2\/posts"}],"about":[{"href":"https:\/\/www.ifun.de\/apiv2\/wp\/v2\/types\/post"}],"author":[{"embeddable":true,"href":"https:\/\/www.ifun.de\/apiv2\/wp\/v2\/users\/1"}],"replies":[{"embeddable":true,"href":"https:\/\/www.ifun.de\/apiv2\/wp\/v2\/comments?post=99951"}],"version-history":[{"count":1,"href":"https:\/\/www.ifun.de\/apiv2\/wp\/v2\/posts\/99951\/revisions"}],"predecessor-version":[{"id":99953,"href":"https:\/\/www.ifun.de\/apiv2\/wp\/v2\/posts\/99951\/revisions\/99953"}],"wp:featuredmedia":[{"embeddable":true,"href":"https:\/\/www.ifun.de\/apiv2\/wp\/v2\/media\/99952"}],"wp:attachment":[{"href":"https:\/\/www.ifun.de\/apiv2\/wp\/v2\/media?parent=99951"}],"wp:term":[{"taxonomy":"category","embeddable":true,"href":"https:\/\/www.ifun.de\/apiv2\/wp\/v2\/categories?post=99951"},{"taxonomy":"post_tag","embeddable":true,"href":"https:\/\/www.ifun.de\/apiv2\/wp\/v2\/tags?post=99951"}],"curies":[{"name":"wp","href":"https:\/\/api.w.org\/{rel}","templated":true}]}}