{"id":99479,"date":"2016-10-31T08:11:30","date_gmt":"2016-10-31T07:11:30","guid":{"rendered":"http:\/\/www.ifun.de\/?p=99479"},"modified":"2016-10-31T08:11:30","modified_gmt":"2016-10-31T07:11:30","slug":"ssd-beim-macbook-pro-2016-ohne-touch-bar-nicht-fest-verbaut","status":"publish","type":"post","link":"https:\/\/www.ifun.de\/ssd-beim-macbook-pro-2016-ohne-touch-bar-nicht-fest-verbaut-99479\/","title":{"rendered":"SSD beim MacBook Pro 2016 ohne Touch Bar &#8222;nicht fest verbaut&#8220;"},"content":{"rendered":"<p>Mit Blick auf die <a href=\"http:\/\/ifun.de\/applestore\/http:\/\/www.apple.com\/de\/macbook-pro\" title=\"Webseite zum MacBook Pro\">neuen MacBook-Pro-Modelle<\/a> kommt die Frage auf, ob sich Arbeitsspeicher und die interne SSD auch im Nachhinein noch austauschen bzw. erweitern lassen k\u00f6nnen. Apple selbst empfiehlt, schon beim Kauf der Ger\u00e4te die passende Ausstattung zu w\u00e4hlen und weist darauf hin, dass sich die Module im Nachhinein nicht mehr austauschen lassen.<\/p>\n<p><a href=\"https:\/\/images.ifun.de\/wp-content\/uploads\/2016\/10\/macbook-pro-zerlegt.jpg\"><img loading=\"lazy\" decoding=\"async\" src=\"https:\/\/images.ifun.de\/wp-content\/uploads\/2016\/10\/macbook-pro-zerlegt.jpg\" alt=\"Macbook Pro Zerlegt\" width=\"500\" height=\"375\" class=\"alignnone size-full wp-image-99482\" srcset=\"https:\/\/images.ifun.de\/wp-content\/uploads\/2016\/10\/macbook-pro-zerlegt.jpg 500w, https:\/\/images.ifun.de\/wp-content\/uploads\/2016\/10\/macbook-pro-zerlegt-300x225.jpg 300w\" sizes=\"auto, (max-width: 500px) 100vw, 500px\" \/><\/a><\/p>\n<blockquote>\n<p>Dieser Festplattenspeicher ist fest in den Computer verbaut. Wenn du also wahrscheinlich in Zukunft mehr Speicher brauchst, solltest du ihn schon beim Kauf erweitern.<\/p>\n<\/blockquote>\n<p>Was beim Arbeitsspeicher in der Regel tats\u00e4chlich so ist, k\u00f6nnte sich zumindest mit Blick auf die verbaute SSD als nicht ganz richtig erweisen. <a href=\"http:\/\/blog.macsales.com\/38440-ssd-in-late-2016-entry-level-macbook-pro-removable\">OWC<\/a>, ein amerikanischer Anbieter f\u00fcr Speichererweiterungen, hat das bereits erh\u00e4ltliche neue MacBook Pro mit klassischer Tastatur bereits zerlegt und stellt fest, dass der von Apple mitgelieferte SSD-Speicher grunds\u00e4tzlich ausgetauscht werden kann.<\/p>\n<p>F\u00fcr Endkunden d\u00fcrfte diese Prozedur dennoch kaum in Frage kommen, zu aufw\u00e4ndig ist es, die neuen Ger\u00e4te zu \u00f6ffnen und den Speicher zu tauschen. So berichten die OWC-Techniker, dass dazu auch der Lautsprecher entfernt werden muss und das Speichermodul zudem durch ein sehr starkes Klebeband fixiert ist. Dazu kommt, dass es keinesfalls sicher ist, dass sich der Speicher bei den noch nicht erh\u00e4ltlichen Modellen mit Touch Bar ebenfalls auf diese Weise tauschen l\u00e4sst. Die vern\u00fcnftigere Entscheidung wird trotz der hohen Preise also die Wahl der Apple-Module direkt bei der Notebook-Bestellung.<\/p>\n<p><div class=\"responsive-video\"><iframe loading=\"lazy\" src=\"https:\/\/player.vimeo.com\/video\/189447875?title=0&#038;byline=0&#038;portrait=0\" width=\"700\" height=\"394\" frameborder=\"0\" webkitallowfullscreen mozallowfullscreen allowfullscreen><\/iframe><\/div><\/p>\n<p><a href=\"https:\/\/vimeo.com\/189447875\">13-inch MacBook Pro Late 2016 Unboxing and Teardown<\/a> from <a href=\"https:\/\/vimeo.com\/macsales\">macsales.com<\/a> on <a href=\"https:\/\/vimeo.com\">Vimeo<\/a>.<\/p>\n","protected":false},"excerpt":{"rendered":"<a href=\"https:\/\/www.ifun.de\/ssd-beim-macbook-pro-2016-ohne-touch-bar-nicht-fest-verbaut-99479\/\"><img width=\"150\" height=\"150\" src=\"https:\/\/images.ifun.de\/wp-content\/uploads\/2016\/10\/macbook-pro-zerlegt-150x150.jpg\" class=\"alignright tfe wp-post-image\" alt=\"Macbook Pro Zerlegt\" decoding=\"async\" loading=\"lazy\" \/><\/a><p>Mit Blick auf die neuen MacBook-Pro-Modelle kommt die Frage auf, ob sich Arbeitsspeicher und die interne SSD auch im Nachhinein noch austauschen bzw. erweitern lassen k\u00f6nnen. Apple selbst empfiehlt, schon beim Kauf der Ger\u00e4te die passende Ausstattung zu w\u00e4hlen und weist darauf hin, dass sich die Module im Nachhinein nicht mehr austauschen lassen. Dieser Festplattenspeicher [&hellip;]<\/p>\n","protected":false},"author":2,"featured_media":99482,"comment_status":"open","ping_status":"closed","sticky":false,"template":"","format":"standard","meta":{"_acf_changed":false,"footnotes":""},"categories":[16],"tags":[224,878,700],"class_list":["post-99479","post","type-post","status-publish","format-standard","has-post-thumbnail","hentry","category-mac","tag-macbook-pro","tag-ssd","tag-upgrade"],"acf":[],"aioseo_notices":[],"subheadline":["Upgrade theoretisch m\u00f6glich"],"featured_image":["https:\/\/images.ifun.de\/wp-content\/uploads\/2016\/10\/macbook-pro-ssd.jpg"],"rest_api_enabler":{"subheadline":"Upgrade theoretisch m\u00f6glich","featured_image":"https:\/\/images.ifun.de\/wp-content\/uploads\/2016\/10\/macbook-pro-ssd.jpg"},"_links":{"self":[{"href":"https:\/\/www.ifun.de\/apiv2\/wp\/v2\/posts\/99479","targetHints":{"allow":["GET"]}}],"collection":[{"href":"https:\/\/www.ifun.de\/apiv2\/wp\/v2\/posts"}],"about":[{"href":"https:\/\/www.ifun.de\/apiv2\/wp\/v2\/types\/post"}],"author":[{"embeddable":true,"href":"https:\/\/www.ifun.de\/apiv2\/wp\/v2\/users\/2"}],"replies":[{"embeddable":true,"href":"https:\/\/www.ifun.de\/apiv2\/wp\/v2\/comments?post=99479"}],"version-history":[{"count":2,"href":"https:\/\/www.ifun.de\/apiv2\/wp\/v2\/posts\/99479\/revisions"}],"predecessor-version":[{"id":99483,"href":"https:\/\/www.ifun.de\/apiv2\/wp\/v2\/posts\/99479\/revisions\/99483"}],"wp:featuredmedia":[{"embeddable":true,"href":"https:\/\/www.ifun.de\/apiv2\/wp\/v2\/media\/99482"}],"wp:attachment":[{"href":"https:\/\/www.ifun.de\/apiv2\/wp\/v2\/media?parent=99479"}],"wp:term":[{"taxonomy":"category","embeddable":true,"href":"https:\/\/www.ifun.de\/apiv2\/wp\/v2\/categories?post=99479"},{"taxonomy":"post_tag","embeddable":true,"href":"https:\/\/www.ifun.de\/apiv2\/wp\/v2\/tags?post=99479"}],"curies":[{"name":"wp","href":"https:\/\/api.w.org\/{rel}","templated":true}]}}