{"id":99424,"date":"2016-10-28T13:19:48","date_gmt":"2016-10-28T11:19:48","guid":{"rendered":"http:\/\/www.ifun.de\/?p=99424"},"modified":"2016-10-28T13:19:48","modified_gmt":"2016-10-28T11:19:48","slug":"macbook-air-11-eingestellt-macbook-pro-2015-noch-im-programm-thunderbolt-adapter","status":"publish","type":"post","link":"https:\/\/www.ifun.de\/macbook-air-11-eingestellt-macbook-pro-2015-noch-im-programm-thunderbolt-adapter-99424\/","title":{"rendered":"MacBook Air 11&#8243; eingestellt &#8211; MacBook Pro 2015 noch im Programm &#8211; Thunderbolt-Adapter"},"content":{"rendered":"<p>Bei der Pr\u00e4sentation des neuen MacBook Pro hat Tim Cook den Eindruck erweckt, als w\u00fcrde Apple das MacBook Air 13\u201c k\u00fcnftig nicht mehr anbieten. Das Gegenteil ist der Fall: <a href=\"http:\/\/ifun.de\/applestore\/http:\/\/www.apple.com\/de\/shop\/buy-mac\/macbook-air\">Im Apple Store<\/a> findet sich nun nur noch die 13-Zoll-Version des MacBook Air und das kleinere 11-Zoll-Modell ist aus dem offiziellen Angebot verschwunden. Restbest\u00e4nde sind noch in begrenzter St\u00fcckzahl \u00fcber <a href=\"http:\/\/ifun.de\/applestore\/http:\/\/store.apple.com\/de\/go\/specialdeals\">Apples Refurb Store<\/a> erh\u00e4ltlich.<\/p>\n<p><a href=\"https:\/\/images.ifun.de\/wp-content\/uploads\/2016\/10\/macbook-air-13-zoll.jpg\"><img loading=\"lazy\" decoding=\"async\" src=\"https:\/\/images.ifun.de\/wp-content\/uploads\/2016\/10\/macbook-air-13-zoll.jpg\" alt=\"Macbook Air 13 Zoll\" width=\"500\" height=\"275\" class=\"alignnone size-full wp-image-99426\" srcset=\"https:\/\/images.ifun.de\/wp-content\/uploads\/2016\/10\/macbook-air-13-zoll.jpg 500w, https:\/\/images.ifun.de\/wp-content\/uploads\/2016\/10\/macbook-air-13-zoll-300x165.jpg 300w\" sizes=\"auto, (max-width: 500px) 100vw, 500px\" \/><\/a><\/p>\n<p>Diese Entscheidung \u00fcberrascht zun\u00e4chst, ist allerdings nachvollziehbar. Das ab 1099 Euro erh\u00e4ltliche 13-Zoll-Notebook d\u00fcrfte von Apple besonders mit Blick auf Sch\u00fcler und Studenten als g\u00fcnstiger Einstieg in die hauseigene Notebook-Linie gesehen werden, 11 Zoll w\u00e4ren hier zu klein. F\u00fcr ein MacBook 12\u201c oder das g\u00fcnstigste MacBook Pro werden sonst n\u00e4mlich gleich mal 350 Euro mehr abgerufen.<\/p>\n<h2>MacBook Pro von 2015 noch im Programm<\/h2>\n<p>Ebenfalls bemerkenswert: Bei dem oben erw\u00e4hnten aktuell g\u00fcnstigsten <a href=\"http:\/\/ifun.de\/applestore\/http:\/\/www.apple.com\/de\/shop\/buy-mac\/macbook-pro\">MacBook Pro f\u00fcr 1449 Euro<\/a> handelt es sich nicht um das kleinste der gestern neu vorgestellten Apple-Notebooks, sondern um das bereits seit 2015 erh\u00e4ltliche Modell mit einem Intel i5 2,7 GHz Dual-Core-Prozessor, das noch mit alten Thunderbolt-2-Anschl\u00fcssen, daf\u00fcr aber auch USB-3, HDMI und SD-Kartensteckplatz ausgestattet ist. Erg\u00e4nzend bietet Apple auch eine 15-Zoll-Version des 2015er-MacBook-Pro f\u00fcr 2249 Euro an.<\/p>\n<p><a href=\"https:\/\/images.ifun.de\/wp-content\/uploads\/2016\/10\/macbook-pro-2015-anschluesse.jpg\"><img loading=\"lazy\" decoding=\"async\" src=\"https:\/\/images.ifun.de\/wp-content\/uploads\/2016\/10\/macbook-pro-2015-anschluesse.jpg\" alt=\"Macbook Pro 2015 Anschluesse\" width=\"700\" height=\"205\" class=\"alignnone size-full wp-image-99427\" srcset=\"https:\/\/images.ifun.de\/wp-content\/uploads\/2016\/10\/macbook-pro-2015-anschluesse.jpg 700w, https:\/\/images.ifun.de\/wp-content\/uploads\/2016\/10\/macbook-pro-2015-anschluesse-300x88.jpg 300w\" sizes=\"auto, (max-width: 700px) 100vw, 700px\" \/><\/a><\/p>\n<p>Das g\u00fcnstigste neue MacBook Pro mit Jahrgang 2016 ist das mit herk\u00f6mmlicher Tastatur ausgestattete Modell 13-Zoll-Modell mit 2,0 GHz Intel Core i5 f\u00fcr 1699 Euro. Wer Apples auf die neuen Features Touch Bar und Touch ID nicht verzichten will, muss mindestens 1999 Euro investieren.<\/p>\n<h2>Apple-Adapter von Thunderbolt 3 auf Thunderbolt 2<\/h2>\n<p>Thunderbolt 3 kommt mit <a href=\"https:\/\/www.ifun.de\/schnittstellen-mashup-thunderbolt-setzt-in-zukunft-auf-usb-c-stecker-77521\/\">ver\u00e4nderter Anschlussform<\/a>. Im Gegensatz zur Vorg\u00e4ngergeneration setzt der Standard nun auf einen USB-C-Stecker und bietet damit die M\u00f6glichkeit der parallelen Verwendung. F\u00fcr Besitzer \u00e4lterer Thunderbolt-Ger\u00e4te ist diese Umstellung allerdings mit zus\u00e4tzlichen Kosten verbunden, hier ist ein weiterer Adapter vonn\u00f6ten. Apple selbst bietet mit dem neuen <a href=\"http:\/\/ifun.de\/applestore\/http:\/\/store.apple.com\/de\/go\/product\/MMEL2\">Thunderbolt&nbsp;3 (USB\u2011C) auf Thunderbolt&nbsp;2 Adapter<\/a> eine L\u00f6sung zum Preis von 59 Euro an, Alternativen von Drittanbietern sollten in K\u00fcrze folgen.<img decoding=\"async\" src=\"http:\/\/vg09.met.vgwort.de\/na\/68da5abeece546de952637849dada5bd\" width=\"1\" height=\"1\" class=\"tracking\" no-lazy loading=\"eager\"><\/p>\n<p><a href=\"https:\/\/images.ifun.de\/wp-content\/uploads\/2016\/10\/thunderbolt-2-auf-thunderbolt-3-adapter.jpg\"><img loading=\"lazy\" decoding=\"async\" src=\"https:\/\/images.ifun.de\/wp-content\/uploads\/2016\/10\/thunderbolt-2-auf-thunderbolt-3-adapter.jpg\" alt=\"Thunderbolt 2 Auf Thunderbolt 3 Adapter\" width=\"700\" height=\"189\" class=\"alignnone size-full wp-image-99428\" srcset=\"https:\/\/images.ifun.de\/wp-content\/uploads\/2016\/10\/thunderbolt-2-auf-thunderbolt-3-adapter.jpg 700w, https:\/\/images.ifun.de\/wp-content\/uploads\/2016\/10\/thunderbolt-2-auf-thunderbolt-3-adapter-300x81.jpg 300w\" sizes=\"auto, (max-width: 700px) 100vw, 700px\" \/><\/a><\/p>\n","protected":false},"excerpt":{"rendered":"<a href=\"https:\/\/www.ifun.de\/macbook-air-11-eingestellt-macbook-pro-2015-noch-im-programm-thunderbolt-adapter-99424\/\"><img width=\"150\" height=\"150\" src=\"https:\/\/images.ifun.de\/wp-content\/uploads\/2016\/10\/thunderbolt-2-auf-thunderbolt-3-adapter-150x150.jpg\" class=\"alignright tfe wp-post-image\" alt=\"Thunderbolt 2 Auf Thunderbolt 3 Adapter\" decoding=\"async\" loading=\"lazy\" \/><\/a><p>Bei der Pr\u00e4sentation des neuen MacBook Pro hat Tim Cook den Eindruck erweckt, als w\u00fcrde Apple das MacBook Air 13\u201c k\u00fcnftig nicht mehr anbieten. Das Gegenteil ist der Fall: Im Apple Store findet sich nun nur noch die 13-Zoll-Version des MacBook Air und das kleinere 11-Zoll-Modell ist aus dem offiziellen Angebot verschwunden. Restbest\u00e4nde sind noch [&hellip;]<\/p>\n","protected":false},"author":2,"featured_media":99428,"comment_status":"open","ping_status":"closed","sticky":false,"template":"","format":"standard","meta":{"footnotes":""},"categories":[16],"tags":[347,224,305],"class_list":["post-99424","post","type-post","status-publish","format-standard","has-post-thumbnail","hentry","category-mac","tag-adapter","tag-macbook-pro","tag-thunderbolt"],"aioseo_notices":[],"aioseo_head":"\n\t\t<!-- All in One SEO Pro 5.0.1.1 - aioseo.com -->\n\t<meta name=\"description\" content=\"Bei der Pr\u00e4sentation des neuen MacBook Pro hat Tim Cook den Eindruck erweckt, als w\u00fcrde Apple das MacBook Air 13\u201c k\u00fcnftig nicht mehr anbieten. Das Gegenteil ist der Fall: Im Apple Store findet sich nun nur noch die 13-Zoll-Version des MacBook Air und das kleinere 11-Zoll-Modell ist aus dem offiziellen Angebot verschwunden. Restbest\u00e4nde sind noch\" \/>\n\t<meta name=\"robots\" content=\"max-image-preview:large\" \/>\n\t<meta name=\"author\" content=\"Chris\"\/>\n\t<meta name=\"google-site-verification\" content=\"uH_IhWlZO-QDb51DGwVoGT_GCZmfJp98klL3XmbE3ow\" \/>\n\t<link rel=\"canonical\" href=\"https:\/\/www.ifun.de\/macbook-air-11-eingestellt-macbook-pro-2015-noch-im-programm-thunderbolt-adapter-99424\/\" \/>\n\t<meta name=\"generator\" content=\"All in One SEO Pro (AIOSEO) 5.0.1.1\" \/>\n\t\t<meta property=\"og:locale\" content=\"de_DE\" \/>\n\t\t<meta property=\"og:site_name\" content=\"ifun.de | Apple-News seit 2001\" \/>\n\t\t<meta property=\"og:type\" content=\"article\" \/>\n\t\t<meta property=\"og:title\" content=\"MacBook Air 11\u2033 eingestellt \u2013 MacBook Pro 2015 noch im Programm \u2013 Thunderbolt-Adapter | ifun.de\" \/>\n\t\t<meta property=\"og:description\" content=\"Bei der Pr\u00e4sentation des neuen MacBook Pro hat Tim Cook den Eindruck erweckt, als w\u00fcrde Apple das MacBook Air 13\u201c k\u00fcnftig nicht mehr anbieten. Das Gegenteil ist der Fall: Im Apple Store findet sich nun nur noch die 13-Zoll-Version des MacBook Air und das kleinere 11-Zoll-Modell ist aus dem offiziellen Angebot verschwunden. Restbest\u00e4nde sind noch\" \/>\n\t\t<meta property=\"og:url\" content=\"https:\/\/www.ifun.de\/macbook-air-11-eingestellt-macbook-pro-2015-noch-im-programm-thunderbolt-adapter-99424\/\" \/>\n\t\t<meta property=\"og:image\" content=\"https:\/\/images.ifun.de\/wp-content\/uploads\/2016\/10\/macbook-header.jpg\" \/>\n\t\t<meta property=\"og:image:secure_url\" content=\"https:\/\/images.ifun.de\/wp-content\/uploads\/2016\/10\/macbook-header.jpg\" \/>\n\t\t<meta property=\"og:image:width\" content=\"960\" \/>\n\t\t<meta property=\"og:image:height\" content=\"378\" \/>\n\t\t<meta property=\"article:published_time\" content=\"2016-10-28T11:19:48+00:00\" \/>\n\t\t<meta property=\"article:modified_time\" content=\"2016-10-28T11:19:48+00:00\" \/>\n\t\t<meta property=\"article:publisher\" content=\"https:\/\/facebook.com\/ifun.de\" \/>\n\t\t<meta name=\"twitter:card\" content=\"summary_large_image\" \/>\n\t\t<meta name=\"twitter:site\" content=\"@ifun_news\" \/>\n\t\t<meta name=\"twitter:title\" content=\"MacBook Air 11\u2033 eingestellt \u2013 MacBook Pro 2015 noch im Programm \u2013 Thunderbolt-Adapter | ifun.de\" \/>\n\t\t<meta name=\"twitter:description\" content=\"Bei der Pr\u00e4sentation des neuen MacBook Pro hat Tim Cook den Eindruck erweckt, als w\u00fcrde Apple das MacBook Air 13\u201c k\u00fcnftig nicht mehr anbieten. Das Gegenteil ist der Fall: Im Apple Store findet sich nun nur noch die 13-Zoll-Version des MacBook Air und das kleinere 11-Zoll-Modell ist aus dem offiziellen Angebot verschwunden. Restbest\u00e4nde sind noch\" \/>\n\t\t<meta name=\"twitter:creator\" content=\"@ifun_news\" \/>\n\t\t<meta name=\"twitter:image\" content=\"https:\/\/images.ifun.de\/wp-content\/uploads\/2016\/10\/macbook-header.jpg\" \/>\n\t\t<script type=\"application\/ld+json\" class=\"aioseo-schema\">\n\t\t\t{\"@context\":\"https:\\\/\\\/schema.org\",\"@graph\":[{\"@type\":\"Article\",\"@id\":\"https:\\\/\\\/www.ifun.de\\\/macbook-air-11-eingestellt-macbook-pro-2015-noch-im-programm-thunderbolt-adapter-99424\\\/#article\",\"name\":\"MacBook Air 11\\u2033 eingestellt \\u2013 MacBook Pro 2015 noch im Programm \\u2013 Thunderbolt-Adapter | ifun.de\",\"headline\":\"MacBook Air 11&#8243; eingestellt &#8211; MacBook Pro 2015 noch im Programm &#8211; Thunderbolt-Adapter\",\"author\":{\"@id\":\"https:\\\/\\\/www.ifun.de\\\/author\\\/chris\\\/#author\"},\"publisher\":{\"@id\":\"https:\\\/\\\/www.ifun.de\\\/#organization\"},\"image\":{\"@type\":\"ImageObject\",\"url\":\"https:\\\/\\\/images.ifun.de\\\/wp-content\\\/uploads\\\/2016\\\/10\\\/thunderbolt-2-auf-thunderbolt-3-adapter.jpg\",\"width\":700,\"height\":189,\"caption\":\"Thunderbolt 2 Auf Thunderbolt 3 Adapter\"},\"datePublished\":\"2016-10-28T13:19:48+02:00\",\"dateModified\":\"2016-10-28T13:19:48+02:00\",\"inLanguage\":\"de-DE\",\"commentCount\":67,\"mainEntityOfPage\":{\"@id\":\"https:\\\/\\\/www.ifun.de\\\/macbook-air-11-eingestellt-macbook-pro-2015-noch-im-programm-thunderbolt-adapter-99424\\\/#webpage\"},\"isPartOf\":{\"@id\":\"https:\\\/\\\/www.ifun.de\\\/macbook-air-11-eingestellt-macbook-pro-2015-noch-im-programm-thunderbolt-adapter-99424\\\/#webpage\"},\"articleSection\":\"Mac, Adapter, MacBook Pro, Thunderbolt\"},{\"@type\":\"BreadcrumbList\",\"@id\":\"https:\\\/\\\/www.ifun.de\\\/macbook-air-11-eingestellt-macbook-pro-2015-noch-im-programm-thunderbolt-adapter-99424\\\/#breadcrumblist\",\"itemListElement\":[{\"@type\":\"ListItem\",\"@id\":\"https:\\\/\\\/www.ifun.de#listItem\",\"position\":1,\"name\":\"Home\",\"item\":\"https:\\\/\\\/www.ifun.de\",\"nextItem\":{\"@type\":\"ListItem\",\"@id\":\"https:\\\/\\\/www.ifun.de\\\/category\\\/mac\\\/#listItem\",\"name\":\"Mac\"}},{\"@type\":\"ListItem\",\"@id\":\"https:\\\/\\\/www.ifun.de\\\/category\\\/mac\\\/#listItem\",\"position\":2,\"name\":\"Mac\",\"item\":\"https:\\\/\\\/www.ifun.de\\\/category\\\/mac\\\/\",\"nextItem\":{\"@type\":\"ListItem\",\"@id\":\"https:\\\/\\\/www.ifun.de\\\/macbook-air-11-eingestellt-macbook-pro-2015-noch-im-programm-thunderbolt-adapter-99424\\\/#listItem\",\"name\":\"MacBook Air 11&#8243; eingestellt &#8211; MacBook Pro 2015 noch im Programm &#8211; Thunderbolt-Adapter\"},\"previousItem\":{\"@type\":\"ListItem\",\"@id\":\"https:\\\/\\\/www.ifun.de#listItem\",\"name\":\"Home\"}},{\"@type\":\"ListItem\",\"@id\":\"https:\\\/\\\/www.ifun.de\\\/macbook-air-11-eingestellt-macbook-pro-2015-noch-im-programm-thunderbolt-adapter-99424\\\/#listItem\",\"position\":3,\"name\":\"MacBook Air 11&#8243; eingestellt &#8211; MacBook Pro 2015 noch im Programm &#8211; Thunderbolt-Adapter\",\"previousItem\":{\"@type\":\"ListItem\",\"@id\":\"https:\\\/\\\/www.ifun.de\\\/category\\\/mac\\\/#listItem\",\"name\":\"Mac\"}}]},{\"@type\":\"Organization\",\"@id\":\"https:\\\/\\\/www.ifun.de\\\/#organization\",\"name\":\"ifun.de\",\"description\":\"Apple-News seit 2001\",\"url\":\"https:\\\/\\\/www.ifun.de\\\/\",\"telephone\":\"+493057707123\",\"logo\":{\"@type\":\"ImageObject\",\"url\":\"https:\\\/\\\/images.ifun.de\\\/wp-content\\\/uploads\\\/2026\\\/02\\\/apple-touch-icon.png\",\"@id\":\"https:\\\/\\\/www.ifun.de\\\/macbook-air-11-eingestellt-macbook-pro-2015-noch-im-programm-thunderbolt-adapter-99424\\\/#organizationLogo\",\"width\":512,\"height\":512,\"caption\":\"Apple Touch Icon\"},\"image\":{\"@id\":\"https:\\\/\\\/www.ifun.de\\\/macbook-air-11-eingestellt-macbook-pro-2015-noch-im-programm-thunderbolt-adapter-99424\\\/#organizationLogo\"},\"sameAs\":[\"https:\\\/\\\/facebook.com\\\/ifun.de\",\"https:\\\/\\\/x.com\\\/ifun_news\"]},{\"@type\":\"Person\",\"@id\":\"https:\\\/\\\/www.ifun.de\\\/author\\\/chris\\\/#author\",\"url\":\"https:\\\/\\\/www.ifun.de\\\/author\\\/chris\\\/\",\"name\":\"Chris\"},{\"@type\":\"WebPage\",\"@id\":\"https:\\\/\\\/www.ifun.de\\\/macbook-air-11-eingestellt-macbook-pro-2015-noch-im-programm-thunderbolt-adapter-99424\\\/#webpage\",\"url\":\"https:\\\/\\\/www.ifun.de\\\/macbook-air-11-eingestellt-macbook-pro-2015-noch-im-programm-thunderbolt-adapter-99424\\\/\",\"name\":\"MacBook Air 11\\u2033 eingestellt \\u2013 MacBook Pro 2015 noch im Programm \\u2013 Thunderbolt-Adapter | ifun.de\",\"description\":\"Bei der Pr\\u00e4sentation des neuen MacBook Pro hat Tim Cook den Eindruck erweckt, als w\\u00fcrde Apple das MacBook Air 13\\u201c k\\u00fcnftig nicht mehr anbieten. Das Gegenteil ist der Fall: Im Apple Store findet sich nun nur noch die 13-Zoll-Version des MacBook Air und das kleinere 11-Zoll-Modell ist aus dem offiziellen Angebot verschwunden. Restbest\\u00e4nde sind noch\",\"inLanguage\":\"de-DE\",\"isPartOf\":{\"@id\":\"https:\\\/\\\/www.ifun.de\\\/#website\"},\"breadcrumb\":{\"@id\":\"https:\\\/\\\/www.ifun.de\\\/macbook-air-11-eingestellt-macbook-pro-2015-noch-im-programm-thunderbolt-adapter-99424\\\/#breadcrumblist\"},\"author\":{\"@id\":\"https:\\\/\\\/www.ifun.de\\\/author\\\/chris\\\/#author\"},\"creator\":{\"@id\":\"https:\\\/\\\/www.ifun.de\\\/author\\\/chris\\\/#author\"},\"image\":{\"@type\":\"ImageObject\",\"url\":\"https:\\\/\\\/images.ifun.de\\\/wp-content\\\/uploads\\\/2016\\\/10\\\/thunderbolt-2-auf-thunderbolt-3-adapter.jpg\",\"@id\":\"https:\\\/\\\/www.ifun.de\\\/macbook-air-11-eingestellt-macbook-pro-2015-noch-im-programm-thunderbolt-adapter-99424\\\/#mainImage\",\"width\":700,\"height\":189,\"caption\":\"Thunderbolt 2 Auf Thunderbolt 3 Adapter\"},\"primaryImageOfPage\":{\"@id\":\"https:\\\/\\\/www.ifun.de\\\/macbook-air-11-eingestellt-macbook-pro-2015-noch-im-programm-thunderbolt-adapter-99424\\\/#mainImage\"},\"datePublished\":\"2016-10-28T13:19:48+02:00\",\"dateModified\":\"2016-10-28T13:19:48+02:00\"},{\"@type\":\"WebSite\",\"@id\":\"https:\\\/\\\/www.ifun.de\\\/#website\",\"url\":\"https:\\\/\\\/www.ifun.de\\\/\",\"name\":\"ifun.de\",\"description\":\"Apple-News seit 2001\",\"inLanguage\":\"de-DE\",\"publisher\":{\"@id\":\"https:\\\/\\\/www.ifun.de\\\/#organization\"}}]}\n\t\t<\/script>\n\t\t<!-- All in One SEO Pro -->\r\n\t\t<title>MacBook Air 11\u2033 eingestellt \u2013 MacBook Pro 2015 noch im Programm \u2013 Thunderbolt-Adapter | ifun.de<\/title>\n\n","aioseo_head_json":{"title":"MacBook Air 11\u2033 eingestellt \u2013 MacBook Pro 2015 noch im Programm \u2013 Thunderbolt-Adapter | ifun.de","description":"Bei der Pr\u00e4sentation des neuen MacBook Pro hat Tim Cook den Eindruck erweckt, als w\u00fcrde Apple das MacBook Air 13\u201c k\u00fcnftig nicht mehr anbieten. Das Gegenteil ist der Fall: Im Apple Store findet sich nun nur noch die 13-Zoll-Version des MacBook Air und das kleinere 11-Zoll-Modell ist aus dem offiziellen Angebot verschwunden. Restbest\u00e4nde sind noch","canonical_url":"https:\/\/www.ifun.de\/macbook-air-11-eingestellt-macbook-pro-2015-noch-im-programm-thunderbolt-adapter-99424\/","robots":"max-image-preview:large","keywords":"","webmasterTools":{"google-site-verification":"uH_IhWlZO-QDb51DGwVoGT_GCZmfJp98klL3XmbE3ow","miscellaneous":""},"schema":{"@context":"https:\/\/schema.org","@graph":[{"@type":"Article","@id":"https:\/\/www.ifun.de\/macbook-air-11-eingestellt-macbook-pro-2015-noch-im-programm-thunderbolt-adapter-99424\/#article","name":"MacBook Air 11\u2033 eingestellt \u2013 MacBook Pro 2015 noch im Programm \u2013 Thunderbolt-Adapter | ifun.de","headline":"MacBook Air 11&#8243; eingestellt &#8211; MacBook Pro 2015 noch im Programm &#8211; Thunderbolt-Adapter","author":{"@id":"https:\/\/www.ifun.de\/author\/chris\/#author"},"publisher":{"@id":"https:\/\/www.ifun.de\/#organization"},"image":{"@type":"ImageObject","url":"https:\/\/images.ifun.de\/wp-content\/uploads\/2016\/10\/thunderbolt-2-auf-thunderbolt-3-adapter.jpg","width":700,"height":189,"caption":"Thunderbolt 2 Auf Thunderbolt 3 Adapter"},"datePublished":"2016-10-28T13:19:48+02:00","dateModified":"2016-10-28T13:19:48+02:00","inLanguage":"de-DE","commentCount":67,"mainEntityOfPage":{"@id":"https:\/\/www.ifun.de\/macbook-air-11-eingestellt-macbook-pro-2015-noch-im-programm-thunderbolt-adapter-99424\/#webpage"},"isPartOf":{"@id":"https:\/\/www.ifun.de\/macbook-air-11-eingestellt-macbook-pro-2015-noch-im-programm-thunderbolt-adapter-99424\/#webpage"},"articleSection":"Mac, Adapter, MacBook Pro, Thunderbolt"},{"@type":"BreadcrumbList","@id":"https:\/\/www.ifun.de\/macbook-air-11-eingestellt-macbook-pro-2015-noch-im-programm-thunderbolt-adapter-99424\/#breadcrumblist","itemListElement":[{"@type":"ListItem","@id":"https:\/\/www.ifun.de#listItem","position":1,"name":"Home","item":"https:\/\/www.ifun.de","nextItem":{"@type":"ListItem","@id":"https:\/\/www.ifun.de\/category\/mac\/#listItem","name":"Mac"}},{"@type":"ListItem","@id":"https:\/\/www.ifun.de\/category\/mac\/#listItem","position":2,"name":"Mac","item":"https:\/\/www.ifun.de\/category\/mac\/","nextItem":{"@type":"ListItem","@id":"https:\/\/www.ifun.de\/macbook-air-11-eingestellt-macbook-pro-2015-noch-im-programm-thunderbolt-adapter-99424\/#listItem","name":"MacBook Air 11&#8243; eingestellt &#8211; MacBook Pro 2015 noch im Programm &#8211; Thunderbolt-Adapter"},"previousItem":{"@type":"ListItem","@id":"https:\/\/www.ifun.de#listItem","name":"Home"}},{"@type":"ListItem","@id":"https:\/\/www.ifun.de\/macbook-air-11-eingestellt-macbook-pro-2015-noch-im-programm-thunderbolt-adapter-99424\/#listItem","position":3,"name":"MacBook Air 11&#8243; eingestellt &#8211; MacBook Pro 2015 noch im Programm &#8211; Thunderbolt-Adapter","previousItem":{"@type":"ListItem","@id":"https:\/\/www.ifun.de\/category\/mac\/#listItem","name":"Mac"}}]},{"@type":"Organization","@id":"https:\/\/www.ifun.de\/#organization","name":"ifun.de","description":"Apple-News seit 2001","url":"https:\/\/www.ifun.de\/","telephone":"+493057707123","logo":{"@type":"ImageObject","url":"https:\/\/images.ifun.de\/wp-content\/uploads\/2026\/02\/apple-touch-icon.png","@id":"https:\/\/www.ifun.de\/macbook-air-11-eingestellt-macbook-pro-2015-noch-im-programm-thunderbolt-adapter-99424\/#organizationLogo","width":512,"height":512,"caption":"Apple Touch Icon"},"image":{"@id":"https:\/\/www.ifun.de\/macbook-air-11-eingestellt-macbook-pro-2015-noch-im-programm-thunderbolt-adapter-99424\/#organizationLogo"},"sameAs":["https:\/\/facebook.com\/ifun.de","https:\/\/x.com\/ifun_news"]},{"@type":"Person","@id":"https:\/\/www.ifun.de\/author\/chris\/#author","url":"https:\/\/www.ifun.de\/author\/chris\/","name":"Chris"},{"@type":"WebPage","@id":"https:\/\/www.ifun.de\/macbook-air-11-eingestellt-macbook-pro-2015-noch-im-programm-thunderbolt-adapter-99424\/#webpage","url":"https:\/\/www.ifun.de\/macbook-air-11-eingestellt-macbook-pro-2015-noch-im-programm-thunderbolt-adapter-99424\/","name":"MacBook Air 11\u2033 eingestellt \u2013 MacBook Pro 2015 noch im Programm \u2013 Thunderbolt-Adapter | ifun.de","description":"Bei der Pr\u00e4sentation des neuen MacBook Pro hat Tim Cook den Eindruck erweckt, als w\u00fcrde Apple das MacBook Air 13\u201c k\u00fcnftig nicht mehr anbieten. Das Gegenteil ist der Fall: Im Apple Store findet sich nun nur noch die 13-Zoll-Version des MacBook Air und das kleinere 11-Zoll-Modell ist aus dem offiziellen Angebot verschwunden. Restbest\u00e4nde sind noch","inLanguage":"de-DE","isPartOf":{"@id":"https:\/\/www.ifun.de\/#website"},"breadcrumb":{"@id":"https:\/\/www.ifun.de\/macbook-air-11-eingestellt-macbook-pro-2015-noch-im-programm-thunderbolt-adapter-99424\/#breadcrumblist"},"author":{"@id":"https:\/\/www.ifun.de\/author\/chris\/#author"},"creator":{"@id":"https:\/\/www.ifun.de\/author\/chris\/#author"},"image":{"@type":"ImageObject","url":"https:\/\/images.ifun.de\/wp-content\/uploads\/2016\/10\/thunderbolt-2-auf-thunderbolt-3-adapter.jpg","@id":"https:\/\/www.ifun.de\/macbook-air-11-eingestellt-macbook-pro-2015-noch-im-programm-thunderbolt-adapter-99424\/#mainImage","width":700,"height":189,"caption":"Thunderbolt 2 Auf Thunderbolt 3 Adapter"},"primaryImageOfPage":{"@id":"https:\/\/www.ifun.de\/macbook-air-11-eingestellt-macbook-pro-2015-noch-im-programm-thunderbolt-adapter-99424\/#mainImage"},"datePublished":"2016-10-28T13:19:48+02:00","dateModified":"2016-10-28T13:19:48+02:00"},{"@type":"WebSite","@id":"https:\/\/www.ifun.de\/#website","url":"https:\/\/www.ifun.de\/","name":"ifun.de","description":"Apple-News seit 2001","inLanguage":"de-DE","publisher":{"@id":"https:\/\/www.ifun.de\/#organization"}}]},"og:locale":"de_DE","og:site_name":"ifun.de | Apple-News seit 2001","og:type":"article","og:title":"MacBook Air 11\u2033 eingestellt \u2013 MacBook Pro 2015 noch im Programm \u2013 Thunderbolt-Adapter | ifun.de","og:description":"Bei der Pr\u00e4sentation des neuen MacBook Pro hat Tim Cook den Eindruck erweckt, als w\u00fcrde Apple das MacBook Air 13\u201c k\u00fcnftig nicht mehr anbieten. Das Gegenteil ist der Fall: Im Apple Store findet sich nun nur noch die 13-Zoll-Version des MacBook Air und das kleinere 11-Zoll-Modell ist aus dem offiziellen Angebot verschwunden. Restbest\u00e4nde sind noch","og:url":"https:\/\/www.ifun.de\/macbook-air-11-eingestellt-macbook-pro-2015-noch-im-programm-thunderbolt-adapter-99424\/","og:image":"https:\/\/images.ifun.de\/wp-content\/uploads\/2016\/10\/macbook-header.jpg","og:image:secure_url":"https:\/\/images.ifun.de\/wp-content\/uploads\/2016\/10\/macbook-header.jpg","og:image:width":960,"og:image:height":378,"article:published_time":"2016-10-28T11:19:48+00:00","article:modified_time":"2016-10-28T11:19:48+00:00","article:publisher":"https:\/\/facebook.com\/ifun.de","twitter:card":"summary_large_image","twitter:site":"@ifun_news","twitter:title":"MacBook Air 11\u2033 eingestellt \u2013 MacBook Pro 2015 noch im Programm \u2013 Thunderbolt-Adapter | ifun.de","twitter:description":"Bei der Pr\u00e4sentation des neuen MacBook Pro hat Tim Cook den Eindruck erweckt, als w\u00fcrde Apple das MacBook Air 13\u201c k\u00fcnftig nicht mehr anbieten. Das Gegenteil ist der Fall: Im Apple Store findet sich nun nur noch die 13-Zoll-Version des MacBook Air und das kleinere 11-Zoll-Modell ist aus dem offiziellen Angebot verschwunden. Restbest\u00e4nde sind noch","twitter:creator":"@ifun_news","twitter:image":"https:\/\/images.ifun.de\/wp-content\/uploads\/2016\/10\/macbook-header.jpg"},"aioseo_meta_data":{"post_id":"99424","title":null,"description":null,"keywords":null,"keyphrases":null,"primary_term":null,"canonical_url":null,"og_title":null,"og_description":null,"og_object_type":"default","og_image_type":"default","og_image_url":null,"og_image_width":null,"og_image_height":null,"og_image_custom_url":null,"og_image_custom_fields":null,"og_video":null,"og_custom_url":null,"og_article_section":null,"og_article_tags":null,"twitter_use_og":false,"twitter_card":"default","twitter_image_type":"default","twitter_image_url":null,"twitter_image_custom_url":null,"twitter_image_custom_fields":null,"twitter_title":null,"twitter_description":null,"schema":{"blockGraphs":[],"customGraphs":[],"default":{"data":{"Article":[],"Course":[],"Dataset":[],"FAQPage":[],"Movie":[],"Person":[],"Product":[],"ProductReview":[],"Car":[],"Recipe":[],"Service":[],"SoftwareApplication":[],"WebPage":[]},"graphName":"Article","isEnabled":true},"graphs":[]},"schema_type":"default","schema_type_options":null,"pillar_content":false,"robots_default":true,"robots_noindex":false,"robots_noarchive":false,"robots_nosnippet":false,"robots_nofollow":false,"robots_noimageindex":false,"robots_noodp":false,"robots_notranslate":false,"robots_max_snippet":null,"robots_max_videopreview":null,"robots_max_imagepreview":"large","priority":null,"frequency":null,"local_seo":null,"seo_analyzer_scan_date":null,"breadcrumb_settings":null,"limit_modified_date":false,"reviewed_by":null,"open_ai":null,"ai":null,"created":"2026-02-23 14:31:05","updated":"2026-02-23 14:31:05","focus_keyword":null,"additional_keywords":null,"truseo_locale":null},"aioseo_breadcrumb":"<div class=\"aioseo-breadcrumbs\"><span class=\"aioseo-breadcrumb\">\n\t<a href=\"https:\/\/www.ifun.de\" title=\"Home\">Home<\/a>\n<\/span><span class=\"aioseo-breadcrumb-separator\">\u00bb<\/span><span class=\"aioseo-breadcrumb\">\n\t<a href=\"https:\/\/www.ifun.de\/category\/mac\/\" title=\"Mac\">Mac<\/a>\n<\/span><span class=\"aioseo-breadcrumb-separator\">\u00bb<\/span><span class=\"aioseo-breadcrumb\">\n\tMacBook Air 11\u2033 eingestellt \u2013 MacBook Pro 2015 noch im Programm \u2013 Thunderbolt-Adapter\n<\/span><\/div>","aioseo_breadcrumb_json":[{"label":"Home","link":"https:\/\/www.ifun.de"},{"label":"Mac","link":"https:\/\/www.ifun.de\/category\/mac\/"},{"label":"MacBook Air 11&#8243; eingestellt &#8211; MacBook Pro 2015 noch im Programm &#8211; Thunderbolt-Adapter","link":"https:\/\/www.ifun.de\/macbook-air-11-eingestellt-macbook-pro-2015-noch-im-programm-thunderbolt-adapter-99424\/"}],"subheadline":["MacBook-Umstellungen"],"featured_image":["https:\/\/images.ifun.de\/wp-content\/uploads\/2016\/10\/macbook-header.jpg"],"rest_api_enabler":{"subheadline":"MacBook-Umstellungen","featured_image":"https:\/\/images.ifun.de\/wp-content\/uploads\/2016\/10\/macbook-header.jpg"},"_links":{"self":[{"href":"https:\/\/www.ifun.de\/apiv2\/wp\/v2\/posts\/99424","targetHints":{"allow":["GET"]}}],"collection":[{"href":"https:\/\/www.ifun.de\/apiv2\/wp\/v2\/posts"}],"about":[{"href":"https:\/\/www.ifun.de\/apiv2\/wp\/v2\/types\/post"}],"author":[{"embeddable":true,"href":"https:\/\/www.ifun.de\/apiv2\/wp\/v2\/users\/2"}],"replies":[{"embeddable":true,"href":"https:\/\/www.ifun.de\/apiv2\/wp\/v2\/comments?post=99424"}],"version-history":[{"count":6,"href":"https:\/\/www.ifun.de\/apiv2\/wp\/v2\/posts\/99424\/revisions"}],"predecessor-version":[{"id":99433,"href":"https:\/\/www.ifun.de\/apiv2\/wp\/v2\/posts\/99424\/revisions\/99433"}],"wp:featuredmedia":[{"embeddable":true,"href":"https:\/\/www.ifun.de\/apiv2\/wp\/v2\/media\/99428"}],"wp:attachment":[{"href":"https:\/\/www.ifun.de\/apiv2\/wp\/v2\/media?parent=99424"}],"wp:term":[{"taxonomy":"category","embeddable":true,"href":"https:\/\/www.ifun.de\/apiv2\/wp\/v2\/categories?post=99424"},{"taxonomy":"post_tag","embeddable":true,"href":"https:\/\/www.ifun.de\/apiv2\/wp\/v2\/tags?post=99424"}],"curies":[{"name":"wp","href":"https:\/\/api.w.org\/{rel}","templated":true}]}}