{"id":99411,"date":"2016-10-28T10:57:09","date_gmt":"2016-10-28T08:57:09","guid":{"rendered":"http:\/\/www.ifun.de\/?p=99411"},"modified":"2016-10-28T10:57:09","modified_gmt":"2016-10-28T08:57:09","slug":"macbook-pro-2016-apple-chefs-im-interview-und-hands-on-videos","status":"publish","type":"post","link":"https:\/\/www.ifun.de\/macbook-pro-2016-apple-chefs-im-interview-und-hands-on-videos-99411\/","title":{"rendered":"MacBook Pro 2016: Apple-Chefs im Interview und Hands-on-Videos"},"content":{"rendered":"<p>Mit Phill Schiller, Craig Federighi und Jony Ive hat sich beinahe die komplette Apple-F\u00fchrungsriege im Interview mit dem US-Sender <a href=\"https:\/\/www.cnet.com\/special-reports\/does-the-mac-still-matter\/\">CNET<\/a> den Fragen zum neuen MacBook Pro gestellt. Das komplette Gespr\u00e4ch l\u00e4sst sich auf der Webseite des Senders nachlesen.<\/p>\n<p>Einleitend begr\u00fcndete Apples Phil Schiller die Tatsache, dass seit der letzten grundlegenden \u00dcberarbeitung des MacBook Pro mehr als vier Jahre zur\u00fcckliegen damit, dass sich Innovation nicht am Kalender festmachen lie\u00dfe. Manchmal gen\u00fcge ein Jahr um Gro\u00dfes zu vollbringen, ein andermal dauere es eben l\u00e4nger.<\/p>\n<p><a href=\"https:\/\/images.ifun.de\/wp-content\/uploads\/2016\/10\/500.jpg\"><img loading=\"lazy\" decoding=\"async\" src=\"https:\/\/images.ifun.de\/wp-content\/uploads\/2016\/10\/500.jpg\" alt=\"500\" width=\"500\" height=\"281\" class=\"alignnone size-full wp-image-99413\" srcset=\"https:\/\/images.ifun.de\/wp-content\/uploads\/2016\/10\/500.jpg 500w, https:\/\/images.ifun.de\/wp-content\/uploads\/2016\/10\/500-300x169.jpg 300w\" sizes=\"auto, (max-width: 500px) 100vw, 500px\" \/><\/a><\/p>\n<h6>Bild: <a href=\"https:\/\/www.cnet.com\/special-reports\/does-the-mac-still-matter\/\">CNET<\/a><\/h6>\n<p>Apples Software-Chef Craig Federighi hebt das enorme Potenzial hervor, das sich noch hinter der von Apple eingef\u00fchrten Touchscreen-Leiste \u201eTouch Bar\u201c verbirgt. Jede App k\u00f6nne davon profitieren, neben den bereits bei der Produktvorstellung erw\u00e4hnten Adobe-Anwendungen nannte er Microsoft als namhaften Unterst\u00fctzer der neuen Funktion. Die Apple-Offiziellen betonen, dass die Touch Bar die bessere und anwenderfreundliche Alternative zu einem kompletten Touchscreen am Notebook ist.<\/p>\n<p>Phil Schiller \u00e4u\u00dferte sich auch zu den vergleichsweise hohen Preisen der neuen Ger\u00e4te. Apple sei immer daran gelegen, erschwingliche Produkte zu produzieren, aber man stelle bei der Entwicklung nicht den g\u00fcnstigen Preis, sondern die Benutzererfahrung und Qualit\u00e4t der Ger\u00e4te in den Vordergrund. Manchmal lande man dann am oberen Ende der Skala, dies jedoch keinesfalls gezielt, sondern einfach weil es so viel koste.<\/p>\n<h2>Craig Federighi zu Apples Touch Bar<\/h2>\n<p>Craig Federighi hat sich zudem <a href=\"https:\/\/www.youtube.com\/channel\/UCBJycsmduvYEL83R_U4JriQ\" title=\"Marques Brownlee\">Marques Brownlee<\/a> zum Interview gestellt. Die Antworten von Apples Software-Chef auf die Fragen des YouTubers seht ihr im unten eingebetteten Video.<\/p>\n<p><div class=\"responsive-video\"><iframe loading=\"lazy\" width=\"700\" height=\"394\" src=\"https:\/\/www.youtube-nocookie.com\/embed\/gWoqwCGQIM0?rel=0\" frameborder=\"0\" allowfullscreen><\/iframe><\/div><\/p>\n<h2>Hands-on-Video zum neuen MacBook Pro<\/h2>\n<p>Bis zur Auslieferung der neuen Apple-Notebooks vergehen noch mindestens zwei Wochen. Im Rahmen der Apple-Pr\u00e4sentation hatten ausgew\u00e4hlte Journalisten bereits die M\u00f6glichkeit, in paar Minuten mit den neuen Ger\u00e4ten herumzuspielen. Einen hervorragenden ersten Eindruck vermitteln die beiden folgenden Videos von <a href=\"https:\/\/youtu.be\/N6_dB8Gb-JY\">Engadget<\/a> und <a href=\"https:\/\/youtu.be\/K6pSryUe_AU\">TheVerge<\/a>.<img loading=\"lazy\" decoding=\"async\" src=\"http:\/\/vg09.met.vgwort.de\/na\/ace68c0b64804fbfb06f2687fd323896\" width=\"1\" height=\"1\" class=\"tracking\"><\/p>\n<p><div class=\"responsive-video\"><iframe loading=\"lazy\" width=\"700\" height=\"394\" src=\"https:\/\/www.youtube-nocookie.com\/embed\/N6_dB8Gb-JY?rel=0\" frameborder=\"0\" allowfullscreen><\/iframe><\/div><\/p>\n<p><div class=\"responsive-video\"><iframe loading=\"lazy\" width=\"700\" height=\"394\" src=\"https:\/\/www.youtube-nocookie.com\/embed\/K6pSryUe_AU?rel=0\" frameborder=\"0\" allowfullscreen><\/iframe><\/div><\/p>\n","protected":false},"excerpt":{"rendered":"<a href=\"https:\/\/www.ifun.de\/macbook-pro-2016-apple-chefs-im-interview-und-hands-on-videos-99411\/\"><img width=\"150\" height=\"150\" src=\"https:\/\/images.ifun.de\/wp-content\/uploads\/2016\/10\/macbook-pro-phil-schiller-header-150x150.jpg\" class=\"alignright tfe wp-post-image\" alt=\"Macbook Pro Phil Schiller Header\" decoding=\"async\" loading=\"lazy\" \/><\/a><p>Mit Phill Schiller, Craig Federighi und Jony Ive hat sich beinahe die komplette Apple-F\u00fchrungsriege im Interview mit dem US-Sender CNET den Fragen zum neuen MacBook Pro gestellt. Das komplette Gespr\u00e4ch l\u00e4sst sich auf der Webseite des Senders nachlesen. Einleitend begr\u00fcndete Apples Phil Schiller die Tatsache, dass seit der letzten grundlegenden \u00dcberarbeitung des MacBook Pro mehr [&hellip;]<\/p>\n","protected":false},"author":2,"featured_media":99414,"comment_status":"open","ping_status":"closed","sticky":false,"template":"","format":"standard","meta":{"_acf_changed":false,"footnotes":""},"categories":[16],"tags":[2952,224,2732],"class_list":["post-99411","post","type-post","status-publish","format-standard","has-post-thumbnail","hentry","category-mac","tag-craig-federighi","tag-macbook-pro","tag-phil-schiller"],"acf":[],"aioseo_notices":[],"subheadline":["\"Wir machen das nicht mit Absicht teuer\""],"featured_image":["https:\/\/images.ifun.de\/wp-content\/uploads\/2016\/10\/macbook-pro-phil-schiller-header.jpg"],"rest_api_enabler":{"subheadline":"\"Wir machen das nicht mit Absicht teuer\"","featured_image":"https:\/\/images.ifun.de\/wp-content\/uploads\/2016\/10\/macbook-pro-phil-schiller-header.jpg"},"_links":{"self":[{"href":"https:\/\/www.ifun.de\/apiv2\/wp\/v2\/posts\/99411","targetHints":{"allow":["GET"]}}],"collection":[{"href":"https:\/\/www.ifun.de\/apiv2\/wp\/v2\/posts"}],"about":[{"href":"https:\/\/www.ifun.de\/apiv2\/wp\/v2\/types\/post"}],"author":[{"embeddable":true,"href":"https:\/\/www.ifun.de\/apiv2\/wp\/v2\/users\/2"}],"replies":[{"embeddable":true,"href":"https:\/\/www.ifun.de\/apiv2\/wp\/v2\/comments?post=99411"}],"version-history":[{"count":4,"href":"https:\/\/www.ifun.de\/apiv2\/wp\/v2\/posts\/99411\/revisions"}],"predecessor-version":[{"id":99417,"href":"https:\/\/www.ifun.de\/apiv2\/wp\/v2\/posts\/99411\/revisions\/99417"}],"wp:featuredmedia":[{"embeddable":true,"href":"https:\/\/www.ifun.de\/apiv2\/wp\/v2\/media\/99414"}],"wp:attachment":[{"href":"https:\/\/www.ifun.de\/apiv2\/wp\/v2\/media?parent=99411"}],"wp:term":[{"taxonomy":"category","embeddable":true,"href":"https:\/\/www.ifun.de\/apiv2\/wp\/v2\/categories?post=99411"},{"taxonomy":"post_tag","embeddable":true,"href":"https:\/\/www.ifun.de\/apiv2\/wp\/v2\/tags?post=99411"}],"curies":[{"name":"wp","href":"https:\/\/api.w.org\/{rel}","templated":true}]}}