{"id":9932,"date":"2011-02-24T18:39:36","date_gmt":"2011-02-24T17:39:36","guid":{"rendered":"http:\/\/www.ifun.de\/?p=9932"},"modified":"2011-02-24T18:39:36","modified_gmt":"2011-02-24T17:39:36","slug":"ipad-ausverkauf-sonderpreise-bei-media-markt","status":"publish","type":"post","link":"https:\/\/www.ifun.de\/ipad-ausverkauf-sonderpreise-bei-media-markt-9932\/","title":{"rendered":"iPad-Ausverkauf: Sonderpreise bei Media Markt"},"content":{"rendered":"<p><img loading=\"lazy\" decoding=\"async\" src=\"http:\/\/images.ifun.de\/wp-content\/uploads\/2011\/02\/mediamarkt.jpg\" alt=\"\" title=\"mediamarkt\" width=\"226\" height=\"178\" class=\"alignright size-full wp-image-9933\" \/>Kurz vor der Vorstellung der zweiten iPad-Generation sollen bei Media Markt offensichtlich die Lager ger\u00e4umt werden. Wir haben von mehreren Lesern Hinweise darauf bekommen, dass die Elektrokette das iPad teilweise stark preisreduziert abgibt. Falls also jemand auf der Suche nach einem Schn\u00e4ppchen ist, lohnt sich ein Anruf bei der n\u00e4chstgelegenen Filiale.<\/p>\n<p>Die uns \u00fcbermittelten Preise variieren sehr, mit Abstand das g\u00fcnstigste Angebot kam wohl \u00fcber den Media Markt Newsletter &#8211; darin wurde das regul\u00e4r 699 Euro teure iPad Wi-Fi mit 64 GB Speicher f\u00fcr gerade mal 579 Euro angeboten. (Danke an Sven f\u00fcr den Screenshot)<\/p>\n","protected":false},"excerpt":{"rendered":"<a href=\"https:\/\/www.ifun.de\/ipad-ausverkauf-sonderpreise-bei-media-markt-9932\/\"><img width=\"150\" height=\"150\" src=\"https:\/\/images.ifun.de\/wp-content\/uploads\/2011\/02\/mediamarkt-150x150.jpg\" class=\"alignright tfe wp-post-image\" alt=\"\" decoding=\"async\" loading=\"lazy\" \/><\/a><p>Kurz vor der Vorstellung der zweiten iPad-Generation sollen bei Media Markt offensichtlich die Lager ger\u00e4umt werden. Wir haben von mehreren Lesern Hinweise darauf bekommen, dass die Elektrokette das iPad teilweise stark preisreduziert abgibt. Falls also jemand auf der Suche nach einem Schn\u00e4ppchen ist, lohnt sich ein Anruf bei der n\u00e4chstgelegenen Filiale. Die uns \u00fcbermittelten Preise [&hellip;]<\/p>\n","protected":false},"author":2,"featured_media":9933,"comment_status":"open","ping_status":"closed","sticky":false,"template":"","format":"standard","meta":{"footnotes":""},"categories":[10],"tags":[4740,40],"class_list":["post-9932","post","type-post","status-publish","format-standard","has-post-thumbnail","hentry","category-ipad","tag-ipad","tag-sparen"],"aioseo_notices":[],"aioseo_head":"\n\t\t<!-- All in One SEO Pro 5.0.1.1 - aioseo.com -->\n\t<meta name=\"description\" content=\"Kurz vor der Vorstellung der zweiten iPad-Generation sollen bei Media Markt offensichtlich die Lager ger\u00e4umt werden. Wir haben von mehreren Lesern Hinweise darauf bekommen, dass die Elektrokette das iPad teilweise stark preisreduziert abgibt. Falls also jemand auf der Suche nach einem Schn\u00e4ppchen ist, lohnt sich ein Anruf bei der n\u00e4chstgelegenen Filiale. Die uns \u00fcbermittelten Preise\" \/>\n\t<meta name=\"robots\" content=\"max-image-preview:large\" \/>\n\t<meta name=\"author\" content=\"Chris\"\/>\n\t<meta name=\"google-site-verification\" content=\"uH_IhWlZO-QDb51DGwVoGT_GCZmfJp98klL3XmbE3ow\" \/>\n\t<link rel=\"canonical\" href=\"https:\/\/www.ifun.de\/ipad-ausverkauf-sonderpreise-bei-media-markt-9932\/\" \/>\n\t<meta name=\"generator\" content=\"All in One SEO Pro (AIOSEO) 5.0.1.1\" \/>\n\t\t<meta property=\"og:locale\" content=\"de_DE\" \/>\n\t\t<meta property=\"og:site_name\" content=\"ifun.de | Apple-News seit 2001\" \/>\n\t\t<meta property=\"og:type\" content=\"article\" \/>\n\t\t<meta property=\"og:title\" content=\"iPad-Ausverkauf: Sonderpreise bei Media Markt | ifun.de\" \/>\n\t\t<meta property=\"og:description\" content=\"Kurz vor der Vorstellung der zweiten iPad-Generation sollen bei Media Markt offensichtlich die Lager ger\u00e4umt werden. Wir haben von mehreren Lesern Hinweise darauf bekommen, dass die Elektrokette das iPad teilweise stark preisreduziert abgibt. Falls also jemand auf der Suche nach einem Schn\u00e4ppchen ist, lohnt sich ein Anruf bei der n\u00e4chstgelegenen Filiale. Die uns \u00fcbermittelten Preise\" \/>\n\t\t<meta property=\"og:url\" content=\"https:\/\/www.ifun.de\/ipad-ausverkauf-sonderpreise-bei-media-markt-9932\/\" \/>\n\t\t<meta property=\"article:published_time\" content=\"2011-02-24T17:39:36+00:00\" \/>\n\t\t<meta property=\"article:modified_time\" content=\"2011-02-24T17:39:36+00:00\" \/>\n\t\t<meta property=\"article:publisher\" content=\"https:\/\/facebook.com\/ifun.de\" \/>\n\t\t<meta name=\"twitter:card\" content=\"summary_large_image\" \/>\n\t\t<meta name=\"twitter:site\" content=\"@ifun_news\" \/>\n\t\t<meta name=\"twitter:title\" content=\"iPad-Ausverkauf: Sonderpreise bei Media Markt | ifun.de\" \/>\n\t\t<meta name=\"twitter:description\" content=\"Kurz vor der Vorstellung der zweiten iPad-Generation sollen bei Media Markt offensichtlich die Lager ger\u00e4umt werden. Wir haben von mehreren Lesern Hinweise darauf bekommen, dass die Elektrokette das iPad teilweise stark preisreduziert abgibt. Falls also jemand auf der Suche nach einem Schn\u00e4ppchen ist, lohnt sich ein Anruf bei der n\u00e4chstgelegenen Filiale. Die uns \u00fcbermittelten Preise\" \/>\n\t\t<meta name=\"twitter:creator\" content=\"@ifun_news\" \/>\n\t\t<script type=\"application\/ld+json\" class=\"aioseo-schema\">\n\t\t\t{\"@context\":\"https:\\\/\\\/schema.org\",\"@graph\":[{\"@type\":\"Article\",\"@id\":\"https:\\\/\\\/www.ifun.de\\\/ipad-ausverkauf-sonderpreise-bei-media-markt-9932\\\/#article\",\"name\":\"iPad-Ausverkauf: Sonderpreise bei Media Markt | ifun.de\",\"headline\":\"iPad-Ausverkauf: Sonderpreise bei Media Markt\",\"author\":{\"@id\":\"https:\\\/\\\/www.ifun.de\\\/author\\\/chris\\\/#author\"},\"publisher\":{\"@id\":\"https:\\\/\\\/www.ifun.de\\\/#organization\"},\"image\":{\"@type\":\"ImageObject\",\"url\":\"https:\\\/\\\/images.ifun.de\\\/wp-content\\\/uploads\\\/2011\\\/02\\\/mediamarkt.jpg\",\"width\":226,\"height\":178},\"datePublished\":\"2011-02-24T18:39:36+01:00\",\"dateModified\":\"2011-02-24T18:39:36+01:00\",\"inLanguage\":\"de-DE\",\"commentCount\":55,\"mainEntityOfPage\":{\"@id\":\"https:\\\/\\\/www.ifun.de\\\/ipad-ausverkauf-sonderpreise-bei-media-markt-9932\\\/#webpage\"},\"isPartOf\":{\"@id\":\"https:\\\/\\\/www.ifun.de\\\/ipad-ausverkauf-sonderpreise-bei-media-markt-9932\\\/#webpage\"},\"articleSection\":\"iPad, iPad, sparen\"},{\"@type\":\"BreadcrumbList\",\"@id\":\"https:\\\/\\\/www.ifun.de\\\/ipad-ausverkauf-sonderpreise-bei-media-markt-9932\\\/#breadcrumblist\",\"itemListElement\":[{\"@type\":\"ListItem\",\"@id\":\"https:\\\/\\\/www.ifun.de#listItem\",\"position\":1,\"name\":\"Home\",\"item\":\"https:\\\/\\\/www.ifun.de\",\"nextItem\":{\"@type\":\"ListItem\",\"@id\":\"https:\\\/\\\/www.ifun.de\\\/category\\\/ipad\\\/#listItem\",\"name\":\"iPad\"}},{\"@type\":\"ListItem\",\"@id\":\"https:\\\/\\\/www.ifun.de\\\/category\\\/ipad\\\/#listItem\",\"position\":2,\"name\":\"iPad\",\"item\":\"https:\\\/\\\/www.ifun.de\\\/category\\\/ipad\\\/\",\"nextItem\":{\"@type\":\"ListItem\",\"@id\":\"https:\\\/\\\/www.ifun.de\\\/ipad-ausverkauf-sonderpreise-bei-media-markt-9932\\\/#listItem\",\"name\":\"iPad-Ausverkauf: Sonderpreise bei Media Markt\"},\"previousItem\":{\"@type\":\"ListItem\",\"@id\":\"https:\\\/\\\/www.ifun.de#listItem\",\"name\":\"Home\"}},{\"@type\":\"ListItem\",\"@id\":\"https:\\\/\\\/www.ifun.de\\\/ipad-ausverkauf-sonderpreise-bei-media-markt-9932\\\/#listItem\",\"position\":3,\"name\":\"iPad-Ausverkauf: Sonderpreise bei Media Markt\",\"previousItem\":{\"@type\":\"ListItem\",\"@id\":\"https:\\\/\\\/www.ifun.de\\\/category\\\/ipad\\\/#listItem\",\"name\":\"iPad\"}}]},{\"@type\":\"Organization\",\"@id\":\"https:\\\/\\\/www.ifun.de\\\/#organization\",\"name\":\"ifun.de\",\"description\":\"Apple-News seit 2001\",\"url\":\"https:\\\/\\\/www.ifun.de\\\/\",\"telephone\":\"+493057707123\",\"logo\":{\"@type\":\"ImageObject\",\"url\":\"https:\\\/\\\/images.ifun.de\\\/wp-content\\\/uploads\\\/2026\\\/02\\\/apple-touch-icon.png\",\"@id\":\"https:\\\/\\\/www.ifun.de\\\/ipad-ausverkauf-sonderpreise-bei-media-markt-9932\\\/#organizationLogo\",\"width\":512,\"height\":512,\"caption\":\"Apple Touch Icon\"},\"image\":{\"@id\":\"https:\\\/\\\/www.ifun.de\\\/ipad-ausverkauf-sonderpreise-bei-media-markt-9932\\\/#organizationLogo\"},\"sameAs\":[\"https:\\\/\\\/facebook.com\\\/ifun.de\",\"https:\\\/\\\/x.com\\\/ifun_news\"]},{\"@type\":\"Person\",\"@id\":\"https:\\\/\\\/www.ifun.de\\\/author\\\/chris\\\/#author\",\"url\":\"https:\\\/\\\/www.ifun.de\\\/author\\\/chris\\\/\",\"name\":\"Chris\"},{\"@type\":\"WebPage\",\"@id\":\"https:\\\/\\\/www.ifun.de\\\/ipad-ausverkauf-sonderpreise-bei-media-markt-9932\\\/#webpage\",\"url\":\"https:\\\/\\\/www.ifun.de\\\/ipad-ausverkauf-sonderpreise-bei-media-markt-9932\\\/\",\"name\":\"iPad-Ausverkauf: Sonderpreise bei Media Markt | ifun.de\",\"description\":\"Kurz vor der Vorstellung der zweiten iPad-Generation sollen bei Media Markt offensichtlich die Lager ger\\u00e4umt werden. Wir haben von mehreren Lesern Hinweise darauf bekommen, dass die Elektrokette das iPad teilweise stark preisreduziert abgibt. Falls also jemand auf der Suche nach einem Schn\\u00e4ppchen ist, lohnt sich ein Anruf bei der n\\u00e4chstgelegenen Filiale. Die uns \\u00fcbermittelten Preise\",\"inLanguage\":\"de-DE\",\"isPartOf\":{\"@id\":\"https:\\\/\\\/www.ifun.de\\\/#website\"},\"breadcrumb\":{\"@id\":\"https:\\\/\\\/www.ifun.de\\\/ipad-ausverkauf-sonderpreise-bei-media-markt-9932\\\/#breadcrumblist\"},\"author\":{\"@id\":\"https:\\\/\\\/www.ifun.de\\\/author\\\/chris\\\/#author\"},\"creator\":{\"@id\":\"https:\\\/\\\/www.ifun.de\\\/author\\\/chris\\\/#author\"},\"image\":{\"@type\":\"ImageObject\",\"url\":\"https:\\\/\\\/images.ifun.de\\\/wp-content\\\/uploads\\\/2011\\\/02\\\/mediamarkt.jpg\",\"@id\":\"https:\\\/\\\/www.ifun.de\\\/ipad-ausverkauf-sonderpreise-bei-media-markt-9932\\\/#mainImage\",\"width\":226,\"height\":178},\"primaryImageOfPage\":{\"@id\":\"https:\\\/\\\/www.ifun.de\\\/ipad-ausverkauf-sonderpreise-bei-media-markt-9932\\\/#mainImage\"},\"datePublished\":\"2011-02-24T18:39:36+01:00\",\"dateModified\":\"2011-02-24T18:39:36+01:00\"},{\"@type\":\"WebSite\",\"@id\":\"https:\\\/\\\/www.ifun.de\\\/#website\",\"url\":\"https:\\\/\\\/www.ifun.de\\\/\",\"name\":\"ifun.de\",\"description\":\"Apple-News seit 2001\",\"inLanguage\":\"de-DE\",\"publisher\":{\"@id\":\"https:\\\/\\\/www.ifun.de\\\/#organization\"}}]}\n\t\t<\/script>\n\t\t<!-- All in One SEO Pro -->\r\n\t\t<title>iPad-Ausverkauf: Sonderpreise bei Media Markt | ifun.de<\/title>\n\n","aioseo_head_json":{"title":"iPad-Ausverkauf: Sonderpreise bei Media Markt | ifun.de","description":"Kurz vor der Vorstellung der zweiten iPad-Generation sollen bei Media Markt offensichtlich die Lager ger\u00e4umt werden. Wir haben von mehreren Lesern Hinweise darauf bekommen, dass die Elektrokette das iPad teilweise stark preisreduziert abgibt. Falls also jemand auf der Suche nach einem Schn\u00e4ppchen ist, lohnt sich ein Anruf bei der n\u00e4chstgelegenen Filiale. Die uns \u00fcbermittelten Preise","canonical_url":"https:\/\/www.ifun.de\/ipad-ausverkauf-sonderpreise-bei-media-markt-9932\/","robots":"max-image-preview:large","keywords":"","webmasterTools":{"google-site-verification":"uH_IhWlZO-QDb51DGwVoGT_GCZmfJp98klL3XmbE3ow","miscellaneous":""},"schema":{"@context":"https:\/\/schema.org","@graph":[{"@type":"Article","@id":"https:\/\/www.ifun.de\/ipad-ausverkauf-sonderpreise-bei-media-markt-9932\/#article","name":"iPad-Ausverkauf: Sonderpreise bei Media Markt | ifun.de","headline":"iPad-Ausverkauf: Sonderpreise bei Media Markt","author":{"@id":"https:\/\/www.ifun.de\/author\/chris\/#author"},"publisher":{"@id":"https:\/\/www.ifun.de\/#organization"},"image":{"@type":"ImageObject","url":"https:\/\/images.ifun.de\/wp-content\/uploads\/2011\/02\/mediamarkt.jpg","width":226,"height":178},"datePublished":"2011-02-24T18:39:36+01:00","dateModified":"2011-02-24T18:39:36+01:00","inLanguage":"de-DE","commentCount":55,"mainEntityOfPage":{"@id":"https:\/\/www.ifun.de\/ipad-ausverkauf-sonderpreise-bei-media-markt-9932\/#webpage"},"isPartOf":{"@id":"https:\/\/www.ifun.de\/ipad-ausverkauf-sonderpreise-bei-media-markt-9932\/#webpage"},"articleSection":"iPad, iPad, sparen"},{"@type":"BreadcrumbList","@id":"https:\/\/www.ifun.de\/ipad-ausverkauf-sonderpreise-bei-media-markt-9932\/#breadcrumblist","itemListElement":[{"@type":"ListItem","@id":"https:\/\/www.ifun.de#listItem","position":1,"name":"Home","item":"https:\/\/www.ifun.de","nextItem":{"@type":"ListItem","@id":"https:\/\/www.ifun.de\/category\/ipad\/#listItem","name":"iPad"}},{"@type":"ListItem","@id":"https:\/\/www.ifun.de\/category\/ipad\/#listItem","position":2,"name":"iPad","item":"https:\/\/www.ifun.de\/category\/ipad\/","nextItem":{"@type":"ListItem","@id":"https:\/\/www.ifun.de\/ipad-ausverkauf-sonderpreise-bei-media-markt-9932\/#listItem","name":"iPad-Ausverkauf: Sonderpreise bei Media Markt"},"previousItem":{"@type":"ListItem","@id":"https:\/\/www.ifun.de#listItem","name":"Home"}},{"@type":"ListItem","@id":"https:\/\/www.ifun.de\/ipad-ausverkauf-sonderpreise-bei-media-markt-9932\/#listItem","position":3,"name":"iPad-Ausverkauf: Sonderpreise bei Media Markt","previousItem":{"@type":"ListItem","@id":"https:\/\/www.ifun.de\/category\/ipad\/#listItem","name":"iPad"}}]},{"@type":"Organization","@id":"https:\/\/www.ifun.de\/#organization","name":"ifun.de","description":"Apple-News seit 2001","url":"https:\/\/www.ifun.de\/","telephone":"+493057707123","logo":{"@type":"ImageObject","url":"https:\/\/images.ifun.de\/wp-content\/uploads\/2026\/02\/apple-touch-icon.png","@id":"https:\/\/www.ifun.de\/ipad-ausverkauf-sonderpreise-bei-media-markt-9932\/#organizationLogo","width":512,"height":512,"caption":"Apple Touch Icon"},"image":{"@id":"https:\/\/www.ifun.de\/ipad-ausverkauf-sonderpreise-bei-media-markt-9932\/#organizationLogo"},"sameAs":["https:\/\/facebook.com\/ifun.de","https:\/\/x.com\/ifun_news"]},{"@type":"Person","@id":"https:\/\/www.ifun.de\/author\/chris\/#author","url":"https:\/\/www.ifun.de\/author\/chris\/","name":"Chris"},{"@type":"WebPage","@id":"https:\/\/www.ifun.de\/ipad-ausverkauf-sonderpreise-bei-media-markt-9932\/#webpage","url":"https:\/\/www.ifun.de\/ipad-ausverkauf-sonderpreise-bei-media-markt-9932\/","name":"iPad-Ausverkauf: Sonderpreise bei Media Markt | ifun.de","description":"Kurz vor der Vorstellung der zweiten iPad-Generation sollen bei Media Markt offensichtlich die Lager ger\u00e4umt werden. Wir haben von mehreren Lesern Hinweise darauf bekommen, dass die Elektrokette das iPad teilweise stark preisreduziert abgibt. Falls also jemand auf der Suche nach einem Schn\u00e4ppchen ist, lohnt sich ein Anruf bei der n\u00e4chstgelegenen Filiale. Die uns \u00fcbermittelten Preise","inLanguage":"de-DE","isPartOf":{"@id":"https:\/\/www.ifun.de\/#website"},"breadcrumb":{"@id":"https:\/\/www.ifun.de\/ipad-ausverkauf-sonderpreise-bei-media-markt-9932\/#breadcrumblist"},"author":{"@id":"https:\/\/www.ifun.de\/author\/chris\/#author"},"creator":{"@id":"https:\/\/www.ifun.de\/author\/chris\/#author"},"image":{"@type":"ImageObject","url":"https:\/\/images.ifun.de\/wp-content\/uploads\/2011\/02\/mediamarkt.jpg","@id":"https:\/\/www.ifun.de\/ipad-ausverkauf-sonderpreise-bei-media-markt-9932\/#mainImage","width":226,"height":178},"primaryImageOfPage":{"@id":"https:\/\/www.ifun.de\/ipad-ausverkauf-sonderpreise-bei-media-markt-9932\/#mainImage"},"datePublished":"2011-02-24T18:39:36+01:00","dateModified":"2011-02-24T18:39:36+01:00"},{"@type":"WebSite","@id":"https:\/\/www.ifun.de\/#website","url":"https:\/\/www.ifun.de\/","name":"ifun.de","description":"Apple-News seit 2001","inLanguage":"de-DE","publisher":{"@id":"https:\/\/www.ifun.de\/#organization"}}]},"og:locale":"de_DE","og:site_name":"ifun.de | Apple-News seit 2001","og:type":"article","og:title":"iPad-Ausverkauf: Sonderpreise bei Media Markt | ifun.de","og:description":"Kurz vor der Vorstellung der zweiten iPad-Generation sollen bei Media Markt offensichtlich die Lager ger\u00e4umt werden. Wir haben von mehreren Lesern Hinweise darauf bekommen, dass die Elektrokette das iPad teilweise stark preisreduziert abgibt. Falls also jemand auf der Suche nach einem Schn\u00e4ppchen ist, lohnt sich ein Anruf bei der n\u00e4chstgelegenen Filiale. Die uns \u00fcbermittelten Preise","og:url":"https:\/\/www.ifun.de\/ipad-ausverkauf-sonderpreise-bei-media-markt-9932\/","article:published_time":"2011-02-24T17:39:36+00:00","article:modified_time":"2011-02-24T17:39:36+00:00","article:publisher":"https:\/\/facebook.com\/ifun.de","twitter:card":"summary_large_image","twitter:site":"@ifun_news","twitter:title":"iPad-Ausverkauf: Sonderpreise bei Media Markt | ifun.de","twitter:description":"Kurz vor der Vorstellung der zweiten iPad-Generation sollen bei Media Markt offensichtlich die Lager ger\u00e4umt werden. Wir haben von mehreren Lesern Hinweise darauf bekommen, dass die Elektrokette das iPad teilweise stark preisreduziert abgibt. Falls also jemand auf der Suche nach einem Schn\u00e4ppchen ist, lohnt sich ein Anruf bei der n\u00e4chstgelegenen Filiale. Die uns \u00fcbermittelten Preise","twitter:creator":"@ifun_news"},"aioseo_meta_data":{"post_id":"9932","title":null,"description":null,"keywords":null,"keyphrases":null,"primary_term":null,"canonical_url":null,"og_title":null,"og_description":null,"og_object_type":"default","og_image_type":"default","og_image_url":null,"og_image_width":null,"og_image_height":null,"og_image_custom_url":null,"og_image_custom_fields":null,"og_video":null,"og_custom_url":null,"og_article_section":null,"og_article_tags":null,"twitter_use_og":false,"twitter_card":"default","twitter_image_type":"default","twitter_image_url":null,"twitter_image_custom_url":null,"twitter_image_custom_fields":null,"twitter_title":null,"twitter_description":null,"schema":{"blockGraphs":[],"customGraphs":[],"default":{"data":{"Article":[],"Course":[],"Dataset":[],"FAQPage":[],"Movie":[],"Person":[],"Product":[],"ProductReview":[],"Car":[],"Recipe":[],"Service":[],"SoftwareApplication":[],"WebPage":[]},"graphName":"Article","isEnabled":true},"graphs":[]},"schema_type":"default","schema_type_options":null,"pillar_content":false,"robots_default":true,"robots_noindex":false,"robots_noarchive":false,"robots_nosnippet":false,"robots_nofollow":false,"robots_noimageindex":false,"robots_noodp":false,"robots_notranslate":false,"robots_max_snippet":null,"robots_max_videopreview":null,"robots_max_imagepreview":"large","priority":null,"frequency":null,"local_seo":null,"seo_analyzer_scan_date":null,"breadcrumb_settings":null,"limit_modified_date":false,"reviewed_by":null,"open_ai":null,"ai":null,"created":"2026-02-24 01:34:28","updated":"2026-03-26 10:21:23","focus_keyword":null,"additional_keywords":null,"truseo_locale":null},"aioseo_breadcrumb":"<div class=\"aioseo-breadcrumbs\"><span class=\"aioseo-breadcrumb\">\n\t<a href=\"https:\/\/www.ifun.de\" title=\"Home\">Home<\/a>\n<\/span><span class=\"aioseo-breadcrumb-separator\">\u00bb<\/span><span class=\"aioseo-breadcrumb\">\n\t<a href=\"https:\/\/www.ifun.de\/category\/ipad\/\" title=\"iPad\">iPad<\/a>\n<\/span><span class=\"aioseo-breadcrumb-separator\">\u00bb<\/span><span class=\"aioseo-breadcrumb\">\n\tiPad-Ausverkauf: Sonderpreise bei Media Markt\n<\/span><\/div>","aioseo_breadcrumb_json":[{"label":"Home","link":"https:\/\/www.ifun.de"},{"label":"iPad","link":"https:\/\/www.ifun.de\/category\/ipad\/"},{"label":"iPad-Ausverkauf: Sonderpreise bei Media Markt","link":"https:\/\/www.ifun.de\/ipad-ausverkauf-sonderpreise-bei-media-markt-9932\/"}],"rest_api_enabler":[],"_links":{"self":[{"href":"https:\/\/www.ifun.de\/apiv2\/wp\/v2\/posts\/9932","targetHints":{"allow":["GET"]}}],"collection":[{"href":"https:\/\/www.ifun.de\/apiv2\/wp\/v2\/posts"}],"about":[{"href":"https:\/\/www.ifun.de\/apiv2\/wp\/v2\/types\/post"}],"author":[{"embeddable":true,"href":"https:\/\/www.ifun.de\/apiv2\/wp\/v2\/users\/2"}],"replies":[{"embeddable":true,"href":"https:\/\/www.ifun.de\/apiv2\/wp\/v2\/comments?post=9932"}],"version-history":[{"count":4,"href":"https:\/\/www.ifun.de\/apiv2\/wp\/v2\/posts\/9932\/revisions"}],"predecessor-version":[{"id":9937,"href":"https:\/\/www.ifun.de\/apiv2\/wp\/v2\/posts\/9932\/revisions\/9937"}],"wp:featuredmedia":[{"embeddable":true,"href":"https:\/\/www.ifun.de\/apiv2\/wp\/v2\/media\/9933"}],"wp:attachment":[{"href":"https:\/\/www.ifun.de\/apiv2\/wp\/v2\/media?parent=9932"}],"wp:term":[{"taxonomy":"category","embeddable":true,"href":"https:\/\/www.ifun.de\/apiv2\/wp\/v2\/categories?post=9932"},{"taxonomy":"post_tag","embeddable":true,"href":"https:\/\/www.ifun.de\/apiv2\/wp\/v2\/tags?post=9932"}],"curies":[{"name":"wp","href":"https:\/\/api.w.org\/{rel}","templated":true}]}}