{"id":99295,"date":"2016-10-26T17:17:31","date_gmt":"2016-10-26T15:17:31","guid":{"rendered":"http:\/\/www.ifun.de\/?p=99295"},"modified":"2016-10-26T17:19:01","modified_gmt":"2016-10-26T15:19:01","slug":"apple-store-randale-2-jahre-auf-bewaehrung-und-18-000e-strafe","status":"publish","type":"post","link":"https:\/\/www.ifun.de\/apple-store-randale-2-jahre-auf-bewaehrung-und-18-000e-strafe-99295\/","title":{"rendered":"Apple Store-Randale: 2 Jahre auf Bew\u00e4hrung und 18.000\u20ac Strafe"},"content":{"rendered":"<p>Ihr erinnert euch an den <a href=\"http:\/\/www.ifun.de\/im-video-unzufriedener-apple-kund-verwuestet-franzoesischen-store-98284\/\">unzufriedenen Apple-Kunden<\/a>, der Ende September den Apple Store &#8222;La Toison d\u2019Or&#8220; in Ost-Frankreich verw\u00fcstete? Den von mehreren Youtube-Videos dokumentierten Angriff auf die in der Ausstellungsfl\u00e4che aufgestellten iPhone- und MacBook-Modelle soll ein Wortgefecht \u00fcber Apples Europa-Garantie vorangegangen sein. <\/p>\n<p><a href=\"https:\/\/images.ifun.de\/wp-content\/uploads\/2016\/09\/macbook-boule.jpg\"><img loading=\"lazy\" decoding=\"async\" class=\"aligncenter size-full wp-image-98287\" src=\"https:\/\/images.ifun.de\/wp-content\/uploads\/2016\/09\/macbook-boule.jpg\" alt=\"Macbook Boule\" width=\"500\" height=\"489\" srcset=\"https:\/\/images.ifun.de\/wp-content\/uploads\/2016\/09\/macbook-boule.jpg 500w, https:\/\/images.ifun.de\/wp-content\/uploads\/2016\/09\/macbook-boule-300x293.jpg 300w\" sizes=\"auto, (max-width: 500px) 100vw, 500px\" \/><\/a><\/p>\n<p>Inzwischen hat sich das Strafgericht von Dijon mit dem Vorfall befasst, in dessen Verlauf der Kunde mehrere 10.000 Euro Schaden mit einer Boule-Kugel angerichtet haben soll. \u00dcber das Urteil berichtet <a href=\"http:\/\/www.bienpublic.com\/edition-dijon-ville\/2016\/10\/25\/attaque-de-l-apple-store-de-dijon-a-la-boule-de-petanque-le-trentenaire-comdamne\">Le Bien Public<\/a>. <\/p>\n<p>Demnach wurde der 30-j\u00e4hrige, der keinen Job und keine Vorstrafen vorweisen konnte, jetzt zu einer Bew\u00e4hrungsstrafe von zwei Jahren verurteilt und hat zus\u00e4tzlich ein zweij\u00e4hriges Hausverbot in der Apple-Filiale &#8222;La Toison d\u2019Or&#8220; aufgebrummt bekommen.<\/p>\n<p>Neben den Kosten des Verfahrens muss der Angeklagte zudem den verursachten Sachschaden ersetzen. Apple forderte 57.211 Euro &#8211; das Gericht reduzierte die finanzielle Entsch\u00e4digung auf 17.758\u20ac.<\/p>\n<h2>Im Video: Force Touch mit Boule-Kugel<\/h2>\n<p><div class=\"responsive-video\"><iframe loading=\"lazy\" width=\"700\" height=\"371\" src=\"https:\/\/www.youtube-nocookie.com\/embed\/wFUlz_BTby8\" frameborder=\"0\" allowfullscreen><\/iframe><\/div><\/p>\n<p><div class=\"responsive-video\"><iframe loading=\"lazy\" width=\"700\" height=\"371\" src=\"https:\/\/www.youtube-nocookie.com\/embed\/lzwLsxrfAhs\" frameborder=\"0\" allowfullscreen><\/iframe><\/div><\/p>\n<p><div class=\"responsive-video\"><iframe loading=\"lazy\" width=\"700\" height=\"371\" src=\"https:\/\/www.youtube-nocookie.com\/embed\/8wkTDBcZ0e4\" frameborder=\"0\" allowfullscreen><\/iframe><\/div><\/p>\n<p><h8>Danke Filip!<\/h8><\/p>\n","protected":false},"excerpt":{"rendered":"<a href=\"https:\/\/www.ifun.de\/apple-store-randale-2-jahre-auf-bewaehrung-und-18-000e-strafe-99295\/\"><img decoding=\"async\" width=\"150\" src=\"https:\/\/images.ifun.de\/wp-content\/uploads\/2016\/09\/macbook-boule.jpg\" class=\"alignright wp-post-image tfe\" alt=\"Macbook Boule\" title=\"\" \/><\/a><p>Ihr erinnert euch an den unzufriedenen Apple-Kunden, der Ende September den Apple Store &#8222;La Toison d\u2019Or&#8220; in Ost-Frankreich verw\u00fcstete? Den von mehreren Youtube-Videos dokumentierten Angriff auf die in der Ausstellungsfl\u00e4che aufgestellten iPhone- und MacBook-Modelle soll ein Wortgefecht \u00fcber Apples Europa-Garantie vorangegangen sein. Inzwischen hat sich das Strafgericht von Dijon mit dem Vorfall befasst, in dessen [&hellip;]<\/p>\n","protected":false},"author":1,"featured_media":0,"comment_status":"open","ping_status":"closed","sticky":false,"template":"","format":"standard","meta":{"_acf_changed":false,"footnotes":""},"categories":[1],"tags":[4736,49,1125,553,31],"class_list":["post-99295","post","type-post","status-publish","format-standard","hentry","category-news","tag-apple","tag-apple-store","tag-frankreich","tag-recht","tag-video"],"acf":[],"aioseo_notices":[],"subheadline":["Nachtrag aus Frankreich"],"featured_image":["https:\/\/images.ifun.de\/wp-content\/uploads\/2016\/09\/boule.jpg"],"rest_api_enabler":{"subheadline":"Nachtrag aus Frankreich","featured_image":"https:\/\/images.ifun.de\/wp-content\/uploads\/2016\/09\/boule.jpg"},"_links":{"self":[{"href":"https:\/\/www.ifun.de\/apiv2\/wp\/v2\/posts\/99295","targetHints":{"allow":["GET"]}}],"collection":[{"href":"https:\/\/www.ifun.de\/apiv2\/wp\/v2\/posts"}],"about":[{"href":"https:\/\/www.ifun.de\/apiv2\/wp\/v2\/types\/post"}],"author":[{"embeddable":true,"href":"https:\/\/www.ifun.de\/apiv2\/wp\/v2\/users\/1"}],"replies":[{"embeddable":true,"href":"https:\/\/www.ifun.de\/apiv2\/wp\/v2\/comments?post=99295"}],"version-history":[{"count":3,"href":"https:\/\/www.ifun.de\/apiv2\/wp\/v2\/posts\/99295\/revisions"}],"predecessor-version":[{"id":99298,"href":"https:\/\/www.ifun.de\/apiv2\/wp\/v2\/posts\/99295\/revisions\/99298"}],"wp:attachment":[{"href":"https:\/\/www.ifun.de\/apiv2\/wp\/v2\/media?parent=99295"}],"wp:term":[{"taxonomy":"category","embeddable":true,"href":"https:\/\/www.ifun.de\/apiv2\/wp\/v2\/categories?post=99295"},{"taxonomy":"post_tag","embeddable":true,"href":"https:\/\/www.ifun.de\/apiv2\/wp\/v2\/tags?post=99295"}],"curies":[{"name":"wp","href":"https:\/\/api.w.org\/{rel}","templated":true}]}}