{"id":99276,"date":"2016-10-26T12:38:43","date_gmt":"2016-10-26T10:38:43","guid":{"rendered":"http:\/\/www.ifun.de\/?p=99276"},"modified":"2016-10-26T12:40:32","modified_gmt":"2016-10-26T10:40:32","slug":"macbook-pro-angst-vor-der-fehlenden-escape-taste","status":"publish","type":"post","link":"https:\/\/www.ifun.de\/macbook-pro-angst-vor-der-fehlenden-escape-taste-99276\/","title":{"rendered":"MacBook Pro: Angst vor der fehlenden Escape-Taste?"},"content":{"rendered":"<p>Die Tatsache, dass Apple bei der <a href=\"http:\/\/www.ifun.de\/bilder-in-macos-sierra-zeigen-neues-macbook-pro-mit-oled-leiste-und-touch-id-99247\/\">kommenden MacBook-Pro-Generation<\/a> die klassischen Funktionstasten abschafft, wird von etlichen Nutzern mit Skepsis betrachtet. Gewohnte Arbeitsg\u00e4nge erfordern teilweise sicher Umgew\u00f6hnung, aber f\u00fcr ein Urteil ist es in jeder Hinsicht zu fr\u00fch. Apple soll die neuen Notebooks erst einmal vorstellen und eine fundierte Bewertung l\u00e4sst sich ohnehin erst vornehmen, wenn die Ger\u00e4te ein paar Wochen in Nutzerhand sind.<\/p>\n<p><a href=\"https:\/\/images.ifun.de\/wp-content\/uploads\/2016\/10\/macbook-pro-tastatur-escape-taste.jpg\"><img loading=\"lazy\" decoding=\"async\" src=\"https:\/\/images.ifun.de\/wp-content\/uploads\/2016\/10\/macbook-pro-tastatur-escape-taste.jpg\" alt=\"Macbook Pro Tastatur Escape Taste\" width=\"500\" height=\"301\" class=\"alignnone size-full wp-image-99278\" srcset=\"https:\/\/images.ifun.de\/wp-content\/uploads\/2016\/10\/macbook-pro-tastatur-escape-taste.jpg 500w, https:\/\/images.ifun.de\/wp-content\/uploads\/2016\/10\/macbook-pro-tastatur-escape-taste-300x181.jpg 300w\" sizes=\"auto, (max-width: 500px) 100vw, 500px\" \/><\/a><\/p>\n<p>Grunds\u00e4tzlich k\u00f6nnt ihr davon ausgehen, dass die klassischen Funktionen der obersten Tastenreihe auch weiterhin verf\u00fcgbar sind. Apple wird die dynamische Belegung sicherlich optional machen und zudem d\u00fcrfte die Standardbelegung mit den Reglern f\u00fcr Helligkeit, Lautst\u00e4rke, der Mediensteuerung und der Escape-Taste jederzeit durch Dr\u00fccken der Alt-Taste einblendbar sein.<\/p>\n<p>Besonders das \u201eWegfallen der Escape-Taste\u201c macht Anwendern sorgen. Auch wenn sich deren Funktion oft auch das Dr\u00fccken von Befehl-Punkt ersetzen l\u00e4sst, die kleine Taste ist wichtiger als man denkt. Wer mit den angebotenen Alternativen nicht klar kommt &#8211; vielleicht hat Apple zus\u00e4tzlich zu unseren Vorschl\u00e4gen ja auch neue schlaue Ideen auf Lager &#8211; kann die Escape-Funktion auf eine andere Taste legen. Die daf\u00fcr n\u00f6tigen Einstellungen ruft ihr \u00fcber die macOS-Systemeinstellungen \u201eTastatur\u201c und dort mit dem Klick auf &#8222;Sondertasten&#8220; auf. Ihr k\u00f6nnt dort beispielsweise festlegen, dass die Feststelltaste zur neuen Escape-Taste wird.<\/p>\n","protected":false},"excerpt":{"rendered":"<a href=\"https:\/\/www.ifun.de\/macbook-pro-angst-vor-der-fehlenden-escape-taste-99276\/\"><img width=\"150\" height=\"150\" src=\"https:\/\/images.ifun.de\/wp-content\/uploads\/2016\/10\/macbook-pro-keyboard-150x150.jpg\" class=\"alignright tfe wp-post-image\" alt=\"Macbook Pro Keyboard\" decoding=\"async\" loading=\"lazy\" \/><\/a><p>Die Tatsache, dass Apple bei der kommenden MacBook-Pro-Generation die klassischen Funktionstasten abschafft, wird von etlichen Nutzern mit Skepsis betrachtet. Gewohnte Arbeitsg\u00e4nge erfordern teilweise sicher Umgew\u00f6hnung, aber f\u00fcr ein Urteil ist es in jeder Hinsicht zu fr\u00fch. Apple soll die neuen Notebooks erst einmal vorstellen und eine fundierte Bewertung l\u00e4sst sich ohnehin erst vornehmen, wenn die [&hellip;]<\/p>\n","protected":false},"author":2,"featured_media":99279,"comment_status":"open","ping_status":"closed","sticky":false,"template":"","format":"standard","meta":{"_acf_changed":false,"footnotes":""},"categories":[16],"tags":[224,3475],"class_list":["post-99276","post","type-post","status-publish","format-standard","has-post-thumbnail","hentry","category-mac","tag-macbook-pro","tag-magic-toolbar"],"acf":[],"aioseo_notices":[],"subheadline":["Apple killt die Funktionstasten"],"featured_image":["https:\/\/images.ifun.de\/wp-content\/uploads\/2016\/10\/macbook-pro-keyboard.jpg"],"rest_api_enabler":{"subheadline":"Apple killt die Funktionstasten","featured_image":"https:\/\/images.ifun.de\/wp-content\/uploads\/2016\/10\/macbook-pro-keyboard.jpg"},"_links":{"self":[{"href":"https:\/\/www.ifun.de\/apiv2\/wp\/v2\/posts\/99276","targetHints":{"allow":["GET"]}}],"collection":[{"href":"https:\/\/www.ifun.de\/apiv2\/wp\/v2\/posts"}],"about":[{"href":"https:\/\/www.ifun.de\/apiv2\/wp\/v2\/types\/post"}],"author":[{"embeddable":true,"href":"https:\/\/www.ifun.de\/apiv2\/wp\/v2\/users\/2"}],"replies":[{"embeddable":true,"href":"https:\/\/www.ifun.de\/apiv2\/wp\/v2\/comments?post=99276"}],"version-history":[{"count":6,"href":"https:\/\/www.ifun.de\/apiv2\/wp\/v2\/posts\/99276\/revisions"}],"predecessor-version":[{"id":99284,"href":"https:\/\/www.ifun.de\/apiv2\/wp\/v2\/posts\/99276\/revisions\/99284"}],"wp:featuredmedia":[{"embeddable":true,"href":"https:\/\/www.ifun.de\/apiv2\/wp\/v2\/media\/99279"}],"wp:attachment":[{"href":"https:\/\/www.ifun.de\/apiv2\/wp\/v2\/media?parent=99276"}],"wp:term":[{"taxonomy":"category","embeddable":true,"href":"https:\/\/www.ifun.de\/apiv2\/wp\/v2\/categories?post=99276"},{"taxonomy":"post_tag","embeddable":true,"href":"https:\/\/www.ifun.de\/apiv2\/wp\/v2\/tags?post=99276"}],"curies":[{"name":"wp","href":"https:\/\/api.w.org\/{rel}","templated":true}]}}