{"id":99204,"date":"2016-10-25T09:53:35","date_gmt":"2016-10-25T07:53:35","guid":{"rendered":"http:\/\/www.ifun.de\/?p=99204"},"modified":"2016-10-25T09:53:35","modified_gmt":"2016-10-25T07:53:35","slug":"apples-geraete-verwaltung-support-profile-verschwindet","status":"publish","type":"post","link":"https:\/\/www.ifun.de\/apples-geraete-verwaltung-support-profile-verschwindet-99204\/","title":{"rendered":"Apples Ger\u00e4te-Verwaltung: &#8222;Support Profile&#8220; verschwindet"},"content":{"rendered":"<p><a href=\"http:\/\/www.iphone-ticker.de\/apple-id-mit-neuem-look-support-profil-noch-ohne-redesign-90358\/\">Die \u00c4nderungen<\/a>, Ende des vergangenen Jahres, machten bereits stutzig. Als Apple die Online-Verwaltung der Apple ID am 10. Dezember \u00fcberarbeitete, verzichtete der Konzern auf ein Redesign des sogenannten &#8222;Support Profiles&#8220;.<\/p>\n<p><a href=\"https:\/\/images.ifun.de\/wp-content\/uploads\/2016\/10\/apple-id.jpg\"><img loading=\"lazy\" decoding=\"async\" class=\"aligncenter size-full wp-image-99206\" src=\"https:\/\/images.ifun.de\/wp-content\/uploads\/2016\/10\/apple-id.jpg\" alt=\"Apple Id\" width=\"500\" height=\"432\" srcset=\"https:\/\/images.ifun.de\/wp-content\/uploads\/2016\/10\/apple-id.jpg 500w, https:\/\/images.ifun.de\/wp-content\/uploads\/2016\/10\/apple-id-300x259.jpg 300w\" sizes=\"auto, (max-width: 500px) 100vw, 500px\" \/><\/a><\/p>\n<p>Zudem integrierte Apple damals die Ger\u00e4te-Liste aller Macs, iPhone- und iPad-Modelle, die mit einer Apple ID verkn\u00fcpft waren direkt in das <a href=\"https:\/\/appleid.apple.com\/\">Apple ID-Portal<\/a>. Jetzt ist klar warum: Apple hat sich komplett vom &#8222;Support Profile&#8220; <a href=\"https:\/\/supportprofile.apple.com\">verabschiedet<\/a> und setzt nun ausschlie\u00dflich auf das Apple ID-Portal und die Hilfeseite <a href=\"https:\/\/getsupport.apple.com\">getsupport.apple.com<\/a>.<\/p>\n<p>Die Webseiten sind (endlich auch) Mobilger\u00e4te-optimiert, gestatten die Verwaltung von Zahlungsdaten, Ger\u00e4ten, Sicherheitsfragen und der zweistufigen Best\u00e4tigung. Wichtig: Auf <a href=\"https:\/\/appleid.apple.com\">appleid.apple.com<\/a> k\u00f6nnt ihr zudem eine alternative E-Mail-Adresse f\u00fcr die Passwort-Wiederherstellung im \u201eFall der F\u00e4lle\u201c hinterlegen.<\/p>\n<p>Eine der gro\u00dfen \u00c4nderungen: W\u00e4hrend das &#8222;Support Profile&#8220; die Verwaltung beliebiger Ger\u00e4te <a href=\"http:\/\/www.iphone-ticker.de\/rueckruf-von-apple-die-bessere-hilfe-adresse-91103\/\">erm\u00f6glichte<\/a> und so dem technisch versiertesten Familienmitglied die Hoheit \u00fcber alle Apple-Ger\u00e4t im Haushalt zusprach, bieten getsupport.apple.com und appleid.apple.com nur noch den Zugriff auf all jene Ger\u00e4te an, die mit der Apple ID des eingeloggten Anwenders verbunden sind.<\/p>\n<p><a href=\"https:\/\/images.ifun.de\/wp-content\/uploads\/2016\/10\/atlantis.gif\"><img loading=\"lazy\" decoding=\"async\" class=\"aligncenter size-full wp-image-99205\" src=\"https:\/\/images.ifun.de\/wp-content\/uploads\/2016\/10\/atlantis.gif\" alt=\"Atlantis\" width=\"700\" height=\"370\" \/><\/a><\/p>\n<p>Zudem, darauf macht Joe Rossignol <a href=\"http:\/\/www.macrumors.com\/2016\/10\/24\/apple-support-profiles-removed\/\">aufmerksam<\/a>, versteht sich das neue Portal nur noch auf iCloud-kompatible Ger\u00e4te. Alte iPod-Modell lassen sich zum Beispiel nicht mehr in die Ger\u00e4te-Verwaltung aufnehmen.<\/p>\n<h2>Zum Nachlesen<\/h2>\n<ul>\n<li><a href=\"http:\/\/www.iphone-ticker.de\/rueckruf-von-apple-die-bessere-hilfe-adresse-91103\/\">R\u00fcckruf von Apple: Die bessere Hilfe-Adresse<\/a><\/li>\n<li><a href=\"http:\/\/www.iphone-ticker.de\/apple-id-mit-neuem-look-support-profil-noch-ohne-redesign-90358\/\">Apple ID mit neuem Look, Support-Profil (noch) ohne Redesign<\/a><\/li>\n<\/ul>\n","protected":false},"excerpt":{"rendered":"<a href=\"https:\/\/www.ifun.de\/apples-geraete-verwaltung-support-profile-verschwindet-99204\/\"><img width=\"150\" height=\"150\" src=\"https:\/\/images.ifun.de\/wp-content\/uploads\/2016\/10\/support-apple-150x150.jpg\" class=\"alignright tfe wp-post-image\" alt=\"Support Apple\" decoding=\"async\" loading=\"lazy\" \/><\/a><p>Die \u00c4nderungen, Ende des vergangenen Jahres, machten bereits stutzig. Als Apple die Online-Verwaltung der Apple ID am 10. Dezember \u00fcberarbeitete, verzichtete der Konzern auf ein Redesign des sogenannten &#8222;Support Profiles&#8220;. Zudem integrierte Apple damals die Ger\u00e4te-Liste aller Macs, iPhone- und iPad-Modelle, die mit einer Apple ID verkn\u00fcpft waren direkt in das Apple ID-Portal. Jetzt ist [&hellip;]<\/p>\n","protected":false},"author":1,"featured_media":99207,"comment_status":"open","ping_status":"closed","sticky":false,"template":"","format":"standard","meta":{"_acf_changed":false,"footnotes":""},"categories":[3],"tags":[4736,1608,161],"class_list":["post-99204","post","type-post","status-publish","format-standard","has-post-thumbnail","hentry","category-apple","tag-apple","tag-apple-id","tag-support"],"acf":[],"aioseo_notices":[],"featured_image":["https:\/\/images.ifun.de\/wp-content\/uploads\/2016\/10\/support-apple.jpg"],"subheadline":["Zentrale Ger\u00e4te\u00fcbersicht"],"rest_api_enabler":{"featured_image":"https:\/\/images.ifun.de\/wp-content\/uploads\/2016\/10\/support-apple.jpg","subheadline":"Zentrale Ger\u00e4te\u00fcbersicht"},"_links":{"self":[{"href":"https:\/\/www.ifun.de\/apiv2\/wp\/v2\/posts\/99204","targetHints":{"allow":["GET"]}}],"collection":[{"href":"https:\/\/www.ifun.de\/apiv2\/wp\/v2\/posts"}],"about":[{"href":"https:\/\/www.ifun.de\/apiv2\/wp\/v2\/types\/post"}],"author":[{"embeddable":true,"href":"https:\/\/www.ifun.de\/apiv2\/wp\/v2\/users\/1"}],"replies":[{"embeddable":true,"href":"https:\/\/www.ifun.de\/apiv2\/wp\/v2\/comments?post=99204"}],"version-history":[{"count":1,"href":"https:\/\/www.ifun.de\/apiv2\/wp\/v2\/posts\/99204\/revisions"}],"predecessor-version":[{"id":99208,"href":"https:\/\/www.ifun.de\/apiv2\/wp\/v2\/posts\/99204\/revisions\/99208"}],"wp:featuredmedia":[{"embeddable":true,"href":"https:\/\/www.ifun.de\/apiv2\/wp\/v2\/media\/99207"}],"wp:attachment":[{"href":"https:\/\/www.ifun.de\/apiv2\/wp\/v2\/media?parent=99204"}],"wp:term":[{"taxonomy":"category","embeddable":true,"href":"https:\/\/www.ifun.de\/apiv2\/wp\/v2\/categories?post=99204"},{"taxonomy":"post_tag","embeddable":true,"href":"https:\/\/www.ifun.de\/apiv2\/wp\/v2\/tags?post=99204"}],"curies":[{"name":"wp","href":"https:\/\/api.w.org\/{rel}","templated":true}]}}