{"id":99200,"date":"2016-10-25T08:51:11","date_gmt":"2016-10-25T06:51:11","guid":{"rendered":"http:\/\/www.ifun.de\/?p=99200"},"modified":"2016-10-25T23:10:42","modified_gmt":"2016-10-25T21:10:42","slug":"apple-tv-bereit-fuer-livestream-der-mac-keynote","status":"publish","type":"post","link":"https:\/\/www.ifun.de\/apple-tv-bereit-fuer-livestream-der-mac-keynote-99200\/","title":{"rendered":"Apple TV bereit f\u00fcr Livestream der Mac-Keynote"},"content":{"rendered":"<p>Wenn ihr die gestern Abend ausgegebene tvOS-Version 10.1 bereits auf eurem Apple TV installiert habt, k\u00f6nnt ihr euch in Vorbereitung auf das Mac-Event jetzt (mal wieder) die Apple-Event-Applikation installieren.<\/p>\n<p><a href=\"https:\/\/images.ifun.de\/wp-content\/uploads\/2016\/10\/event-500.jpg\"><img loading=\"lazy\" decoding=\"async\" class=\"aligncenter size-full wp-image-99202\" src=\"https:\/\/images.ifun.de\/wp-content\/uploads\/2016\/10\/event-500.jpg\" alt=\"Event 500\" width=\"500\" height=\"282\" srcset=\"https:\/\/images.ifun.de\/wp-content\/uploads\/2016\/10\/event-500.jpg 500w, https:\/\/images.ifun.de\/wp-content\/uploads\/2016\/10\/event-500-300x169.jpg 300w\" sizes=\"auto, (max-width: 500px) 100vw, 500px\" \/><\/a><\/p>\n<p>Frisch aktualisiert, ist diese nun auf die Veranstaltung am Donnerstag vorbereitet und bietet euch einen Livestream des Medien-Events an. Falls ihr die Anwendung schon installiert habt, wird der Inhalt automatisch aktualisiert.<\/p>\n<p>Apple \u00fcbertr\u00e4gt die Oktober-Keynote \u00fcbermorgen ab 19 Uhr unserer Zeit live auf Apple TV sowie f\u00fcr iOS-Ger\u00e4te und Webbrowser. Konkret m\u00fcsst ihr \u00fcber ein Apple TV mindestens Generation 2, ein iPhone, iPad oder einen iPod touch mit Safari und mindestens iOS 7.0, einen Mac mit OS X 10.8.5 oder einen PC mit Windows 10 und dem Microsoft-Browser Edge verf\u00fcgen, um den Livestream verfolgen zu k\u00f6nnen.<\/p>\n<p>Alternativ haben wir euch gestern die kostenfreie Mac-App &#8222;Apple Events&#8220; <a href=\"http:\/\/www.ifun.de\/appleevents-kleine-mac-app-zeigt-apple-veranstaltungen-99166\/\">ans Herz gelegt<\/a>.<\/p>\n","protected":false},"excerpt":{"rendered":"<a href=\"https:\/\/www.ifun.de\/apple-tv-bereit-fuer-livestream-der-mac-keynote-99200\/\"><img width=\"150\" height=\"150\" src=\"https:\/\/images.ifun.de\/wp-content\/uploads\/2016\/10\/tv-event-150x150.jpg\" class=\"alignright tfe wp-post-image\" alt=\"Tv Event\" decoding=\"async\" loading=\"lazy\" \/><\/a><p>Wenn ihr die gestern Abend ausgegebene tvOS-Version 10.1 bereits auf eurem Apple TV installiert habt, k\u00f6nnt ihr euch in Vorbereitung auf das Mac-Event jetzt (mal wieder) die Apple-Event-Applikation installieren. Frisch aktualisiert, ist diese nun auf die Veranstaltung am Donnerstag vorbereitet und bietet euch einen Livestream des Medien-Events an. Falls ihr die Anwendung schon installiert habt, [&hellip;]<\/p>\n","protected":false},"author":1,"featured_media":99201,"comment_status":"open","ping_status":"closed","sticky":false,"template":"","format":"standard","meta":{"_acf_changed":false,"footnotes":""},"categories":[4,1783],"tags":[26,288],"class_list":["post-99200","post","type-post","status-publish","format-standard","has-post-thumbnail","hentry","category-appletv","category-feature","tag-apple-tv","tag-event"],"acf":[],"aioseo_notices":[],"featured_image":["https:\/\/images.ifun.de\/wp-content\/uploads\/2016\/10\/tv-event.jpg"],"subheadline":["Donnerstag ab 19 Uhr"],"rest_api_enabler":{"featured_image":"https:\/\/images.ifun.de\/wp-content\/uploads\/2016\/10\/tv-event.jpg","subheadline":"Donnerstag ab 19 Uhr"},"_links":{"self":[{"href":"https:\/\/www.ifun.de\/apiv2\/wp\/v2\/posts\/99200","targetHints":{"allow":["GET"]}}],"collection":[{"href":"https:\/\/www.ifun.de\/apiv2\/wp\/v2\/posts"}],"about":[{"href":"https:\/\/www.ifun.de\/apiv2\/wp\/v2\/types\/post"}],"author":[{"embeddable":true,"href":"https:\/\/www.ifun.de\/apiv2\/wp\/v2\/users\/1"}],"replies":[{"embeddable":true,"href":"https:\/\/www.ifun.de\/apiv2\/wp\/v2\/comments?post=99200"}],"version-history":[{"count":1,"href":"https:\/\/www.ifun.de\/apiv2\/wp\/v2\/posts\/99200\/revisions"}],"predecessor-version":[{"id":99203,"href":"https:\/\/www.ifun.de\/apiv2\/wp\/v2\/posts\/99200\/revisions\/99203"}],"wp:featuredmedia":[{"embeddable":true,"href":"https:\/\/www.ifun.de\/apiv2\/wp\/v2\/media\/99201"}],"wp:attachment":[{"href":"https:\/\/www.ifun.de\/apiv2\/wp\/v2\/media?parent=99200"}],"wp:term":[{"taxonomy":"category","embeddable":true,"href":"https:\/\/www.ifun.de\/apiv2\/wp\/v2\/categories?post=99200"},{"taxonomy":"post_tag","embeddable":true,"href":"https:\/\/www.ifun.de\/apiv2\/wp\/v2\/tags?post=99200"}],"curies":[{"name":"wp","href":"https:\/\/api.w.org\/{rel}","templated":true}]}}