{"id":98639,"date":"2016-10-11T12:09:18","date_gmt":"2016-10-11T10:09:18","guid":{"rendered":"http:\/\/www.ifun.de\/?p=98639"},"modified":"2016-10-11T12:09:18","modified_gmt":"2016-10-11T10:09:18","slug":"800e-bass-box-sonos-sub-jetzt-auch-in-weiss","status":"publish","type":"post","link":"https:\/\/www.ifun.de\/800e-bass-box-sonos-sub-jetzt-auch-in-weiss-98639\/","title":{"rendered":"800\u20ac Bass-Box: Sonos Sub jetzt auch in Wei\u00df"},"content":{"rendered":"<p>Dass man den <a href=\"http:\/\/www.sonos.com\/de-de\/shop\/sub-white.html\">Sonos Sub<\/a> zuk\u00fcnftig auch in einer wei\u00dfen Variante anbieten w\u00fcrde, hatten die Multiroom-Experten von Sonos bereits im August <a href=\"http:\/\/www.ifun.de\/sonos-sub-kuenftig-auch-in-weiss-verfuegbar-96444\/\">angek\u00fcndigt<\/a> &#8211; jetzt steht der Termin fest: Ab 25. Oktober wird der 799\u20ac teure Subwoofer mit seinem Frequenzbereich bis 25 Hz. nicht mehr nur in Schwarz sondern auch in Wei\u00df zur Verf\u00fcgung stehen. Die <a href=\"http:\/\/www.sonos.com\/de-de\/shop\/sub-white.html\">Vorbestellungen laufen<\/a>.<\/p>\n<p><a href=\"https:\/\/images.ifun.de\/wp-content\/uploads\/2016\/08\/sonos-sub-weiss.jpg\"><img loading=\"lazy\" decoding=\"async\" class=\"alignnone size-full wp-image-96446\" src=\"https:\/\/images.ifun.de\/wp-content\/uploads\/2016\/08\/sonos-sub-weiss.jpg\" alt=\"Sonos Sub Weiss\" width=\"500\" height=\"350\" srcset=\"https:\/\/images.ifun.de\/wp-content\/uploads\/2016\/08\/sonos-sub-weiss.jpg 500w, https:\/\/images.ifun.de\/wp-content\/uploads\/2016\/08\/sonos-sub-weiss-300x210.jpg 300w\" sizes=\"auto, (max-width: 500px) 100vw, 500px\" \/><\/a><\/p>\n<p>Premiere hatte die wei\u00dfe Version des Lautsprechers am 19. August im Rahmen der Er\u00f6ffnung von Kanye Wests <a href=\"http:\/\/www.kanyewest.com\/temporarystores\/\">Pop-up-Shop<\/a> in London. Dort konnte das gute St\u00fcck bereits in den Ausstellungsr\u00e4umen besichtigt werden.<\/p>\n<p>Sonos hat den drahtlosen Subwoofer seit vier Jahren im Programm. Alternativ zum gl\u00e4nzend schwarzen Klavierlack-Design war kurzzeitig auch eine mattschwarze Variante in limitierter St\u00fcckzahl verf\u00fcgbar. Das Fehlen einer wei\u00dfen Version hatte bereits Zubeh\u00f6r-Angebote wie diese <a rel=\"noindex, nofollow\" href=\"http:\/\/www.ifun.de\/amzn\/B00KKOXZGM\">Stoff-\u00dcberzieher<\/a> und diese <a rel=\"noindex, nofollow\" href=\"http:\/\/www.ifun.de\/amzn\/B00LJTG8OI\">wei\u00dfen Klebefolien<\/a> provoziert.<\/p>\n<p>Auf ifun.de haben wir den Sonos Sub <a href=\"http:\/\/www.ifun.de\/sonos-sub-drahtloser-subwoofer-testbericht-28866\/\">im August 2012<\/a> ausf\u00fchrlich vorgestellt.<\/p>\n","protected":false},"excerpt":{"rendered":"<a href=\"https:\/\/www.ifun.de\/800e-bass-box-sonos-sub-jetzt-auch-in-weiss-98639\/\"><img decoding=\"async\" width=\"150\" src=\"https:\/\/images.ifun.de\/wp-content\/uploads\/2016\/08\/sonos-sub-weiss.jpg\" class=\"alignright wp-post-image tfe\" alt=\"Sonos Sub Weiss\" title=\"\" \/><\/a><p>Dass man den Sonos Sub zuk\u00fcnftig auch in einer wei\u00dfen Variante anbieten w\u00fcrde, hatten die Multiroom-Experten von Sonos bereits im August angek\u00fcndigt &#8211; jetzt steht der Termin fest: Ab 25. Oktober wird der 799\u20ac teure Subwoofer mit seinem Frequenzbereich bis 25 Hz. nicht mehr nur in Schwarz sondern auch in Wei\u00df zur Verf\u00fcgung stehen. Die [&hellip;]<\/p>\n","protected":false},"author":1,"featured_media":0,"comment_status":"open","ping_status":"closed","sticky":false,"template":"","format":"standard","meta":{"_acf_changed":false,"footnotes":""},"categories":[22],"tags":[126,1068,3452,6325],"class_list":["post-98639","post","type-post","status-publish","format-standard","hentry","category-zubehor","tag-lautsprecher","tag-sonos","tag-sub","tag-zubehor"],"acf":[],"aioseo_notices":[],"subheadline":["I hear the bass \u2013 like a fist in my face"],"featured_image":["https:\/\/images.ifun.de\/wp-content\/uploads\/2016\/08\/sonos-sub-white-1.jpg"],"rest_api_enabler":{"subheadline":"I hear the bass \u2013 like a fist in my face","featured_image":"https:\/\/images.ifun.de\/wp-content\/uploads\/2016\/08\/sonos-sub-white-1.jpg"},"_links":{"self":[{"href":"https:\/\/www.ifun.de\/apiv2\/wp\/v2\/posts\/98639","targetHints":{"allow":["GET"]}}],"collection":[{"href":"https:\/\/www.ifun.de\/apiv2\/wp\/v2\/posts"}],"about":[{"href":"https:\/\/www.ifun.de\/apiv2\/wp\/v2\/types\/post"}],"author":[{"embeddable":true,"href":"https:\/\/www.ifun.de\/apiv2\/wp\/v2\/users\/1"}],"replies":[{"embeddable":true,"href":"https:\/\/www.ifun.de\/apiv2\/wp\/v2\/comments?post=98639"}],"version-history":[{"count":1,"href":"https:\/\/www.ifun.de\/apiv2\/wp\/v2\/posts\/98639\/revisions"}],"predecessor-version":[{"id":98640,"href":"https:\/\/www.ifun.de\/apiv2\/wp\/v2\/posts\/98639\/revisions\/98640"}],"wp:attachment":[{"href":"https:\/\/www.ifun.de\/apiv2\/wp\/v2\/media?parent=98639"}],"wp:term":[{"taxonomy":"category","embeddable":true,"href":"https:\/\/www.ifun.de\/apiv2\/wp\/v2\/categories?post=98639"},{"taxonomy":"post_tag","embeddable":true,"href":"https:\/\/www.ifun.de\/apiv2\/wp\/v2\/tags?post=98639"}],"curies":[{"name":"wp","href":"https:\/\/api.w.org\/{rel}","templated":true}]}}