{"id":97237,"date":"2016-09-08T08:03:54","date_gmt":"2016-09-08T06:03:54","guid":{"rendered":"http:\/\/www.ifun.de\/?p=97237"},"modified":"2016-09-08T09:31:46","modified_gmt":"2016-09-08T07:31:46","slug":"macos-sierra-kommt-am-20-september","status":"publish","type":"post","link":"https:\/\/www.ifun.de\/macos-sierra-kommt-am-20-september-97237\/","title":{"rendered":"macOS Sierra kommt am 20. September"},"content":{"rendered":"<p><a href=\"http:\/\/www.apple.com\/de\/macos\/sierra\/\">macOS Sierra<\/a> wird am 20. September f\u00fcr alle Nutzer freigegeben. Apple nennt das Ver\u00f6ffentlichungsdatum nun auf der neuen Vorschauseite f\u00fcr die n\u00e4chste Generation des Mac-Betriebssystems.<\/p>\n<p><a href=\"https:\/\/images.ifun.de\/wp-content\/uploads\/2016\/07\/macos-sierra-beta.jpg\"><img loading=\"lazy\" decoding=\"async\" src=\"https:\/\/images.ifun.de\/wp-content\/uploads\/2016\/07\/macos-sierra-beta.jpg\" alt=\"Macos Sierra Beta\" width=\"500\" height=\"302\" class=\"alignnone size-full wp-image-94613\" srcset=\"https:\/\/images.ifun.de\/wp-content\/uploads\/2016\/07\/macos-sierra-beta.jpg 500w, https:\/\/images.ifun.de\/wp-content\/uploads\/2016\/07\/macos-sierra-beta-300x181.jpg 300w\" sizes=\"auto, (max-width: 500px) 100vw, 500px\" \/><\/a><\/p>\n<p>Mit macOS Sierra stirbt das alte OS X. Apple hat die Namensgebung an die restlichen hauseigenen Betriebssystem angeglichen. Vorzeigefunktion der neuen Software ist zweifellos die nun auch auf dem Mac verf\u00fcgbare Sprachassistentin Siri. Apple hat den Funktionsumfang um eine Reihe auf die Arbeit am Mac zugeschnittener Features erweitert, so lassen sich beispielsweise Dateien per Spracheingabe suchen und dann per Drag &amp; Drop weiterverwenden oder die Assistentin dank Multitasking im Hintergrund Auftr\u00e4ge wie das Verfassen von Nachrichten erledigen lassen, ohne die aktuell genutzten Anwendung zu verlassen.<\/p>\n<p><a href=\"https:\/\/images.ifun.de\/wp-content\/uploads\/2016\/09\/macos-sierra-siri-multitasking.jpg\"><img loading=\"lazy\" decoding=\"async\" src=\"https:\/\/images.ifun.de\/wp-content\/uploads\/2016\/09\/macos-sierra-siri-multitasking.jpg\" alt=\"Macos Sierra Siri Multitasking\" width=\"700\" height=\"452\" class=\"alignnone size-full wp-image-97241\" srcset=\"https:\/\/images.ifun.de\/wp-content\/uploads\/2016\/09\/macos-sierra-siri-multitasking.jpg 700w, https:\/\/images.ifun.de\/wp-content\/uploads\/2016\/09\/macos-sierra-siri-multitasking-300x194.jpg 300w\" sizes=\"auto, (max-width: 700px) 100vw, 700px\" \/><\/a><\/p>\n<p>Weitere nennenswerte Neuerungen sind die \u00fcberarbeitete <a href=\"http:\/\/www.ifun.de\/apples-neue-fotos-app-erkennt-gesichtsausdruecke-events-und-4432-objekte-93971\/\" title=\"Apples neue Fotos-App erkennt Gesichtsausdr\u00fccke, Events und 4432 verschiedene Objekte\">Fotos-App f\u00fcr den Mac<\/a> oder Apples <a href=\"http:\/\/www.ifun.de\/optimized-storage-macos-sierra-loescht-und-verschiebt-dateien-in-die-icloud-94028\/\" title=\"Optimized Storage: macOS Sierra l\u00f6scht und verschiebt Dateien in die iCloud\">neue Speicherplatzoptimierung<\/a>. Besitzer einer Apple Watch k\u00f6nnen sich mithilfe der Uhr automatisch am Mac anmelden und im Zusammenspiel mit iOS-Ger\u00e4ten steht nun eine allgemeine, ger\u00e4te\u00fcbergreifende Zwischenablage \u00fcber iCloud bereit.<\/p>\n<h2>macOS Sierra Systemanforderungen<\/h2>\n<p>macOS Sierra wird als kostenloses Update auf den meisten Macs aus dem Jahr 2009 und neuer laufen, konkret listet Apple die folgenden Modelle:<\/p>\n<ul>\n<li>MacBook (Ende 2009 oder neuer)<\/li>\n<li>MacBook&nbsp;Pro (Mitte 2010 oder neuer)<\/li>\n<li>MacBook&nbsp;Air (Ende 2010 oder neuer)<\/li>\n<li>Mac&nbsp;mini (Mitte&nbsp;2010 oder neuer)<\/li>\n<li>iMac (Ende&nbsp;2009 oder neuer)<\/li>\n<li>Mac&nbsp;Pro (Mitte 2010 oder neuer)<\/li>\n<\/ul>\n<p><a href=\"https:\/\/images.ifun.de\/wp-content\/uploads\/2016\/09\/macos-sierra-allgemeine-zwischenablage.jpg\"><img loading=\"lazy\" decoding=\"async\" src=\"https:\/\/images.ifun.de\/wp-content\/uploads\/2016\/09\/macos-sierra-allgemeine-zwischenablage.jpg\" alt=\"Macos Sierra Allgemeine Zwischenablage\" width=\"700\" height=\"397\" class=\"alignnone size-full wp-image-97240\" srcset=\"https:\/\/images.ifun.de\/wp-content\/uploads\/2016\/09\/macos-sierra-allgemeine-zwischenablage.jpg 700w, https:\/\/images.ifun.de\/wp-content\/uploads\/2016\/09\/macos-sierra-allgemeine-zwischenablage-300x170.jpg 300w\" sizes=\"auto, (max-width: 700px) 100vw, 700px\" \/><\/a><\/p>\n<p>Allerdings stehen auf den \u00e4lteren der kompatiblen Mac-Modelle nicht alle Zusatzfunktionen von macOS Sierra zur Verf\u00fcgung. Das automatische Entsperren mit der Apple Watch setzt beispielsweise einen Mac aus dem Jahr 2013 oder neuer voraus und die \u201eAllgemeine Zwischenablage\u201c setzt ein MacBook (Anfang 2015 oder neuer), ein MacBook&nbsp;Pro (2012 oder neuer), ein MacBook&nbsp;Air (2012 oder neuer), einen Mac&nbsp;mini (2012 oder neuer), einen iMac (2012 oder neuer) oder einen Mac&nbsp;Pro (Ende&nbsp;2013) voraus.<\/p>\n<h2>macOS Sierra Golden Master ver\u00f6ffentlicht<\/h2>\n<p>Wer die knapp zwei Wochen bis zur Ver\u00f6ffentlichung von macOS Sierra nicht mehr warten will, kann sich noch in <a href=\"https:\/\/beta.apple.com\/sp\/betaprogram\/faq?locale=de\" title=\"hier bei Apple\">Apples \u00f6ffentliches Beta-Programm<\/a> einschreiben und die Software vorab testen. F\u00fcr Entwickler steht seit gestern Abend auch die finale, sogenannte \u201eGolden Master\u201c-Testversion zum Download bereit.<img loading=\"lazy\" decoding=\"async\" src=\"http:\/\/vg04.met.vgwort.de\/na\/17c94fd45d0e45289eec8654090281ce\" width=\"1\" height=\"1\" class=\"tracking\"><\/p>\n","protected":false},"excerpt":{"rendered":"<a href=\"https:\/\/www.ifun.de\/macos-sierra-kommt-am-20-september-97237\/\"><img width=\"150\" height=\"150\" src=\"https:\/\/images.ifun.de\/wp-content\/uploads\/2016\/09\/macos-sierra-siri-multitasking-150x150.jpg\" class=\"alignright tfe wp-post-image\" alt=\"Macos Sierra Siri Multitasking\" decoding=\"async\" loading=\"lazy\" \/><\/a><p>macOS Sierra wird am 20. September f\u00fcr alle Nutzer freigegeben. Apple nennt das Ver\u00f6ffentlichungsdatum nun auf der neuen Vorschauseite f\u00fcr die n\u00e4chste Generation des Mac-Betriebssystems. Mit macOS Sierra stirbt das alte OS X. Apple hat die Namensgebung an die restlichen hauseigenen Betriebssystem angeglichen. Vorzeigefunktion der neuen Software ist zweifellos die nun auch auf dem Mac [&hellip;]<\/p>\n","protected":false},"author":2,"featured_media":97241,"comment_status":"open","ping_status":"closed","sticky":false,"template":"","format":"standard","meta":{"_acf_changed":false,"footnotes":""},"categories":[16,1783],"tags":[3245,979],"class_list":["post-97237","post","type-post","status-publish","format-standard","has-post-thumbnail","hentry","category-mac","category-feature","tag-macos-sierra","tag-systemvoraussetzungen"],"acf":[],"aioseo_notices":[],"subheadline":["Golden Master f\u00fcr Entwickler verf\u00fcgbar"],"featured_image":["https:\/\/images.ifun.de\/wp-content\/uploads\/2016\/07\/macos-sierra-header.jpg"],"rest_api_enabler":{"subheadline":"Golden Master f\u00fcr Entwickler verf\u00fcgbar","featured_image":"https:\/\/images.ifun.de\/wp-content\/uploads\/2016\/07\/macos-sierra-header.jpg"},"_links":{"self":[{"href":"https:\/\/www.ifun.de\/apiv2\/wp\/v2\/posts\/97237","targetHints":{"allow":["GET"]}}],"collection":[{"href":"https:\/\/www.ifun.de\/apiv2\/wp\/v2\/posts"}],"about":[{"href":"https:\/\/www.ifun.de\/apiv2\/wp\/v2\/types\/post"}],"author":[{"embeddable":true,"href":"https:\/\/www.ifun.de\/apiv2\/wp\/v2\/users\/2"}],"replies":[{"embeddable":true,"href":"https:\/\/www.ifun.de\/apiv2\/wp\/v2\/comments?post=97237"}],"version-history":[{"count":3,"href":"https:\/\/www.ifun.de\/apiv2\/wp\/v2\/posts\/97237\/revisions"}],"predecessor-version":[{"id":97242,"href":"https:\/\/www.ifun.de\/apiv2\/wp\/v2\/posts\/97237\/revisions\/97242"}],"wp:featuredmedia":[{"embeddable":true,"href":"https:\/\/www.ifun.de\/apiv2\/wp\/v2\/media\/97241"}],"wp:attachment":[{"href":"https:\/\/www.ifun.de\/apiv2\/wp\/v2\/media?parent=97237"}],"wp:term":[{"taxonomy":"category","embeddable":true,"href":"https:\/\/www.ifun.de\/apiv2\/wp\/v2\/categories?post=97237"},{"taxonomy":"post_tag","embeddable":true,"href":"https:\/\/www.ifun.de\/apiv2\/wp\/v2\/tags?post=97237"}],"curies":[{"name":"wp","href":"https:\/\/api.w.org\/{rel}","templated":true}]}}