{"id":97219,"date":"2016-09-07T21:07:25","date_gmt":"2016-09-07T19:07:25","guid":{"rendered":"http:\/\/www.ifun.de\/?p=97219"},"modified":"2016-09-08T07:20:56","modified_gmt":"2016-09-08T05:20:56","slug":"apples-september-event-iphone-7-und-apple-watch-2-keine-macs","status":"publish","type":"post","link":"https:\/\/www.ifun.de\/apples-september-event-iphone-7-und-apple-watch-2-keine-macs-97219\/","title":{"rendered":"Apples September-Event: iPhone 7 und Apple Watch 2, keine Macs"},"content":{"rendered":"<p>Apple hatte heute in San Francisco zum September-Event geladen. Im Fokus der Veranstaltung standen das neue iPhone 7 sowie die Apple Watch.<\/p>\n<p><a href=\"https:\/\/images.ifun.de\/wp-content\/uploads\/2016\/09\/apple-watch-series-2.jpg\"><img loading=\"lazy\" decoding=\"async\" src=\"https:\/\/images.ifun.de\/wp-content\/uploads\/2016\/09\/apple-watch-series-2.jpg\" alt=\"Apple Watch Series 2\" width=\"500\" height=\"238\" class=\"alignnone size-full wp-image-97221\" srcset=\"https:\/\/images.ifun.de\/wp-content\/uploads\/2016\/09\/apple-watch-series-2.jpg 500w, https:\/\/images.ifun.de\/wp-content\/uploads\/2016\/09\/apple-watch-series-2-300x143.jpg 300w\" sizes=\"auto, (max-width: 500px) 100vw, 500px\" \/><\/a><\/p>\n<p>Das <a href=\"http:\/\/www.iphone-ticker.de\/iphone-7-in-schwarz-mit-lightning-audio-und-dual-kamera-101411\/\">iPhone 7<\/a> kommt wie im Vorfeld erwartet ohne Ohrh\u00f6reranschluss und mit neuen Geh\u00e4usefarben. Ausf\u00fchrliche Infos zu der ab 16. September erh\u00e4ltlichen Neuvorstellung findet ihr dr\u00fcben auf dem <a href=\"http:\/\/www.iphone-ticker.de\/iphone-7-in-schwarz-mit-lightning-audio-und-dual-kamera-101411\/\">iPhone-Ticker<\/a>. Dort haben wir auch alle Informationen zur ebenfalls heute vorgestellten zweiten Generation der Apple Watch zusammengetragen. Die \u201e<a href=\"http:\/\/www.iphone-ticker.de\/wasserdicht-die-apple-watch-series-2-101392\/\" title=\"Mit GPS und wasserdicht: Die Apple Watch Series 2\">Apple Watch Series 2<\/a>\u201c kommt mit aufgewertetem Innenleben und ist wasserdicht sowie mit einem GPS-Sensor ausgestattet. Ohne diese beiden Funktionen wird zudem eine g\u00fcnstigere, ebenfalls mit neuem Prozessor ausgestattete zweite Variante der Uhr erh\u00e4ltlich sein.<\/p>\n<p>Keine neuen Infos gab es dagegen mit Blick auf Apples Mac-Produktpalette sowie den Ver\u00f6ffentlichungstermin von macOS Sierra. Sehen wir\u2019s positiv, hier d\u00fcrfen wir uns auf noch ein weiteres Apple-Event in diesem Jahr, voraussichtlich im Oktober freuen.<\/p>\n","protected":false},"excerpt":{"rendered":"<a href=\"https:\/\/www.ifun.de\/apples-september-event-iphone-7-und-apple-watch-2-keine-macs-97219\/\"><img width=\"150\" height=\"150\" src=\"https:\/\/images.ifun.de\/wp-content\/uploads\/2016\/09\/iphone-7-header-150x150.jpg\" class=\"alignright tfe wp-post-image\" alt=\"Iphone 7 Header\" decoding=\"async\" loading=\"lazy\" \/><\/a><p>Apple hatte heute in San Francisco zum September-Event geladen. Im Fokus der Veranstaltung standen das neue iPhone 7 sowie die Apple Watch. Das iPhone 7 kommt wie im Vorfeld erwartet ohne Ohrh\u00f6reranschluss und mit neuen Geh\u00e4usefarben. Ausf\u00fchrliche Infos zu der ab 16. September erh\u00e4ltlichen Neuvorstellung findet ihr dr\u00fcben auf dem iPhone-Ticker. Dort haben wir auch [&hellip;]<\/p>\n","protected":false},"author":2,"featured_media":97222,"comment_status":"open","ping_status":"closed","sticky":false,"template":"","format":"standard","meta":{"_acf_changed":false,"footnotes":""},"categories":[3,1783],"tags":[4736,3393],"class_list":["post-97219","post","type-post","status-publish","format-standard","has-post-thumbnail","hentry","category-apple","category-feature","tag-apple","tag-iphone-7"],"acf":[],"aioseo_notices":[],"featured_image":["https:\/\/images.ifun.de\/wp-content\/uploads\/2016\/09\/iphone-7-header.jpg"],"rest_api_enabler":{"featured_image":"https:\/\/images.ifun.de\/wp-content\/uploads\/2016\/09\/iphone-7-header.jpg"},"_links":{"self":[{"href":"https:\/\/www.ifun.de\/apiv2\/wp\/v2\/posts\/97219","targetHints":{"allow":["GET"]}}],"collection":[{"href":"https:\/\/www.ifun.de\/apiv2\/wp\/v2\/posts"}],"about":[{"href":"https:\/\/www.ifun.de\/apiv2\/wp\/v2\/types\/post"}],"author":[{"embeddable":true,"href":"https:\/\/www.ifun.de\/apiv2\/wp\/v2\/users\/2"}],"replies":[{"embeddable":true,"href":"https:\/\/www.ifun.de\/apiv2\/wp\/v2\/comments?post=97219"}],"version-history":[{"count":2,"href":"https:\/\/www.ifun.de\/apiv2\/wp\/v2\/posts\/97219\/revisions"}],"predecessor-version":[{"id":97223,"href":"https:\/\/www.ifun.de\/apiv2\/wp\/v2\/posts\/97219\/revisions\/97223"}],"wp:featuredmedia":[{"embeddable":true,"href":"https:\/\/www.ifun.de\/apiv2\/wp\/v2\/media\/97222"}],"wp:attachment":[{"href":"https:\/\/www.ifun.de\/apiv2\/wp\/v2\/media?parent=97219"}],"wp:term":[{"taxonomy":"category","embeddable":true,"href":"https:\/\/www.ifun.de\/apiv2\/wp\/v2\/categories?post=97219"},{"taxonomy":"post_tag","embeddable":true,"href":"https:\/\/www.ifun.de\/apiv2\/wp\/v2\/tags?post=97219"}],"curies":[{"name":"wp","href":"https:\/\/api.w.org\/{rel}","templated":true}]}}