{"id":97154,"date":"2016-09-06T14:14:07","date_gmt":"2016-09-06T12:14:07","guid":{"rendered":"http:\/\/www.ifun.de\/?p=97154"},"modified":"2016-09-06T15:36:35","modified_gmt":"2016-09-06T13:36:35","slug":"itunes-12-5-abschied-von-der-dynamischen-farbanzeige","status":"publish","type":"post","link":"https:\/\/www.ifun.de\/itunes-12-5-abschied-von-der-dynamischen-farbanzeige-97154\/","title":{"rendered":"iTunes 12.5: Abschied von der dynamischen Farbanzeige"},"content":{"rendered":"<p>Das anstehende iTunes-Update auf Version 12.5 wird sich komplett von der dynamischen Farbanzeige in der Alben- und in der Playlisten-Ansicht verabschieden. Dies berichten <a href=\"http:\/\/www.mcelhearn.com\/itunes-12-5-apple-finally-gets-rid-of-horrid-custom-colors-for-albums-and-playlists\/\">erste Tester<\/a> der neuen Jukebox, die Apple zusammen mit macOS Sierra ausgeben wird.<\/p>\n<p><a href=\"https:\/\/images.ifun.de\/wp-content\/uploads\/2016\/09\/rotgrau.gif\"><img loading=\"lazy\" decoding=\"async\" class=\"aligncenter size-full wp-image-97156\" src=\"https:\/\/images.ifun.de\/wp-content\/uploads\/2016\/09\/rotgrau.gif\" alt=\"Rotgrau\" width=\"500\" height=\"302\" \/><\/a><\/p>\n<p>iTunes auf dem Desktop passt sich damit an die mobile Ansicht der Apple Music-App an und verzichtet zuk\u00fcnftig grunds\u00e4tzlich auf das automatisch eingef\u00e4rbte Display, das mitunter mit Farbkombinationen wie Hellgrau-Orange und Gr\u00fcn-Lila auf sich aufmerksam machte.<\/p>\n<h2>Manuelle Deaktivierung m\u00f6glich<\/h2>\n<p>In der aktuellen iTunes-Version 12.4.3.1 l\u00e4sst sich die Farb-Anzeige bereits in den Einstellungen deaktivieren. Im Men\u00fcpunkt Einstellungen -&gt; Allgemein -&gt; Darstellung kann dazu die Option &#8222;Angepasste Farben f\u00fcr ge\u00f6ffnete Alben, Filme usw. verwenden&#8220; ausgeschaltet werden.<\/p>\n<p><a href=\"https:\/\/images.ifun.de\/wp-content\/uploads\/2016\/09\/aus.jpg\"><img loading=\"lazy\" decoding=\"async\" class=\"aligncenter size-full wp-image-97157\" src=\"https:\/\/images.ifun.de\/wp-content\/uploads\/2016\/09\/aus.jpg\" alt=\"Aus\" width=\"700\" height=\"474\" srcset=\"https:\/\/images.ifun.de\/wp-content\/uploads\/2016\/09\/aus.jpg 700w, https:\/\/images.ifun.de\/wp-content\/uploads\/2016\/09\/aus-300x203.jpg 300w\" sizes=\"auto, (max-width: 700px) 100vw, 700px\" \/><\/a><\/p>\n","protected":false},"excerpt":{"rendered":"<a href=\"https:\/\/www.ifun.de\/itunes-12-5-abschied-von-der-dynamischen-farbanzeige-97154\/\"><img width=\"150\" height=\"150\" src=\"https:\/\/images.ifun.de\/wp-content\/uploads\/2016\/09\/aus-150x150.jpg\" class=\"alignright tfe wp-post-image\" alt=\"Aus\" decoding=\"async\" loading=\"lazy\" \/><\/a><p>Das anstehende iTunes-Update auf Version 12.5 wird sich komplett von der dynamischen Farbanzeige in der Alben- und in der Playlisten-Ansicht verabschieden. Dies berichten erste Tester der neuen Jukebox, die Apple zusammen mit macOS Sierra ausgeben wird. iTunes auf dem Desktop passt sich damit an die mobile Ansicht der Apple Music-App an und verzichtet zuk\u00fcnftig grunds\u00e4tzlich [&hellip;]<\/p>\n","protected":false},"author":1,"featured_media":97157,"comment_status":"open","ping_status":"closed","sticky":false,"template":"","format":"standard","meta":{"_acf_changed":false,"footnotes":""},"categories":[16,1783],"tags":[4736,250,4743,29,69],"class_list":["post-97154","post","type-post","status-publish","format-standard","has-post-thumbnail","hentry","category-mac","category-feature","tag-apple","tag-design","tag-itunes","tag-musik","tag-update"],"acf":[],"aioseo_notices":[],"featured_image":["https:\/\/images.ifun.de\/wp-content\/uploads\/2016\/09\/itunes-ffarben.jpg"],"subheadline":["Augenschonend"],"rest_api_enabler":{"featured_image":"https:\/\/images.ifun.de\/wp-content\/uploads\/2016\/09\/itunes-ffarben.jpg","subheadline":"Augenschonend"},"_links":{"self":[{"href":"https:\/\/www.ifun.de\/apiv2\/wp\/v2\/posts\/97154","targetHints":{"allow":["GET"]}}],"collection":[{"href":"https:\/\/www.ifun.de\/apiv2\/wp\/v2\/posts"}],"about":[{"href":"https:\/\/www.ifun.de\/apiv2\/wp\/v2\/types\/post"}],"author":[{"embeddable":true,"href":"https:\/\/www.ifun.de\/apiv2\/wp\/v2\/users\/1"}],"replies":[{"embeddable":true,"href":"https:\/\/www.ifun.de\/apiv2\/wp\/v2\/comments?post=97154"}],"version-history":[{"count":1,"href":"https:\/\/www.ifun.de\/apiv2\/wp\/v2\/posts\/97154\/revisions"}],"predecessor-version":[{"id":97158,"href":"https:\/\/www.ifun.de\/apiv2\/wp\/v2\/posts\/97154\/revisions\/97158"}],"wp:featuredmedia":[{"embeddable":true,"href":"https:\/\/www.ifun.de\/apiv2\/wp\/v2\/media\/97157"}],"wp:attachment":[{"href":"https:\/\/www.ifun.de\/apiv2\/wp\/v2\/media?parent=97154"}],"wp:term":[{"taxonomy":"category","embeddable":true,"href":"https:\/\/www.ifun.de\/apiv2\/wp\/v2\/categories?post=97154"},{"taxonomy":"post_tag","embeddable":true,"href":"https:\/\/www.ifun.de\/apiv2\/wp\/v2\/tags?post=97154"}],"curies":[{"name":"wp","href":"https:\/\/api.w.org\/{rel}","templated":true}]}}