{"id":97076,"date":"2016-09-03T14:47:36","date_gmt":"2016-09-03T12:47:36","guid":{"rendered":"http:\/\/www.ifun.de\/?p=97076"},"modified":"2016-09-03T14:53:06","modified_gmt":"2016-09-03T12:53:06","slug":"keynote-uebersicht-noteskey-informiert-ueber-alle-apple-veranstaltungen","status":"publish","type":"post","link":"https:\/\/www.ifun.de\/keynote-uebersicht-noteskey-informiert-ueber-alle-apple-veranstaltungen-97076\/","title":{"rendered":"Keynote-\u00dcbersicht: Noteskey informiert \u00fcber alle Apple-Veranstaltungen"},"content":{"rendered":"<p>Auf welchem Medien-Event hat Apple noch mal seine Computer-Uhr angek\u00fcndigt? Startete das iPhone 4 im Herbst oder bereits im Sommer? Und: In welchem Jahr er\u00f6ffnete Steve Jobs seine letzte B\u00fchnenveranstaltung in Cupertino? <\/p>\n<p><a href=\"https:\/\/images.ifun.de\/wp-content\/uploads\/2016\/09\/keynotes-500.jpg\"><img loading=\"lazy\" decoding=\"async\" src=\"https:\/\/images.ifun.de\/wp-content\/uploads\/2016\/09\/keynotes-500.jpg\" alt=\"Keynotes 500\" width=\"500\" height=\"324\" class=\"aligncenter size-full wp-image-97077\" srcset=\"https:\/\/images.ifun.de\/wp-content\/uploads\/2016\/09\/keynotes-500.jpg 500w, https:\/\/images.ifun.de\/wp-content\/uploads\/2016\/09\/keynotes-500-300x194.jpg 300w\" sizes=\"auto, (max-width: 500px) 100vw, 500px\" \/><\/a><\/p>\n<p>Fragen, die sich mit Hilfe der Webseite <a href=\"http:\/\/www.noteskey.com\/\">noteskey.com<\/a> in Sekundenschnelle beantworten lassen. <\/p>\n<p>Chad Severn ist f\u00fcr das Projekt verantwortlich, das alle Apple-Veranstaltungen in einer chronologisch sortierten Tabelle ablegt und euch mit kurzen Zusammenfassungen der Vorstellungen, den Namen der Pr\u00e4sentatoren, den gezeigten Videos und den Hintergrundinformationen zu allen Events seit Januar 1997 versorgt. <\/p>\n<blockquote><p>I wanted a web site that catalogued and indexed them all in one place, to make it easy to find which ones introduced iPhones, which ones had musical guests, and which ones had swearing. While researching it and putting it together, I had lots of thoughts about the various keynotes, and started jotting them down.<\/p><\/blockquote>\n","protected":false},"excerpt":{"rendered":"<a href=\"https:\/\/www.ifun.de\/keynote-uebersicht-noteskey-informiert-ueber-alle-apple-veranstaltungen-97076\/\"><img width=\"150\" height=\"150\" src=\"https:\/\/images.ifun.de\/wp-content\/uploads\/2016\/09\/keynotes-150x150.jpg\" class=\"alignright tfe wp-post-image\" alt=\"Keynotes\" decoding=\"async\" loading=\"lazy\" \/><\/a><p>Auf welchem Medien-Event hat Apple noch mal seine Computer-Uhr angek\u00fcndigt? Startete das iPhone 4 im Herbst oder bereits im Sommer? Und: In welchem Jahr er\u00f6ffnete Steve Jobs seine letzte B\u00fchnenveranstaltung in Cupertino? Fragen, die sich mit Hilfe der Webseite noteskey.com in Sekundenschnelle beantworten lassen. Chad Severn ist f\u00fcr das Projekt verantwortlich, das alle Apple-Veranstaltungen in [&hellip;]<\/p>\n","protected":false},"author":1,"featured_media":97078,"comment_status":"open","ping_status":"closed","sticky":false,"template":"","format":"standard","meta":{"_acf_changed":false,"footnotes":""},"categories":[3],"tags":[4736,288,125,571],"class_list":["post-97076","post","type-post","status-publish","format-standard","has-post-thumbnail","hentry","category-apple","tag-apple","tag-event","tag-tipp","tag-web-app"],"acf":[],"aioseo_notices":[],"featured_image":["https:\/\/images.ifun.de\/wp-content\/uploads\/2016\/09\/noteskey-f.jpg"],"subheadline":["Von 1997 bis heute"],"rest_api_enabler":{"featured_image":"https:\/\/images.ifun.de\/wp-content\/uploads\/2016\/09\/noteskey-f.jpg","subheadline":"Von 1997 bis heute"},"_links":{"self":[{"href":"https:\/\/www.ifun.de\/apiv2\/wp\/v2\/posts\/97076","targetHints":{"allow":["GET"]}}],"collection":[{"href":"https:\/\/www.ifun.de\/apiv2\/wp\/v2\/posts"}],"about":[{"href":"https:\/\/www.ifun.de\/apiv2\/wp\/v2\/types\/post"}],"author":[{"embeddable":true,"href":"https:\/\/www.ifun.de\/apiv2\/wp\/v2\/users\/1"}],"replies":[{"embeddable":true,"href":"https:\/\/www.ifun.de\/apiv2\/wp\/v2\/comments?post=97076"}],"version-history":[{"count":2,"href":"https:\/\/www.ifun.de\/apiv2\/wp\/v2\/posts\/97076\/revisions"}],"predecessor-version":[{"id":97080,"href":"https:\/\/www.ifun.de\/apiv2\/wp\/v2\/posts\/97076\/revisions\/97080"}],"wp:featuredmedia":[{"embeddable":true,"href":"https:\/\/www.ifun.de\/apiv2\/wp\/v2\/media\/97078"}],"wp:attachment":[{"href":"https:\/\/www.ifun.de\/apiv2\/wp\/v2\/media?parent=97076"}],"wp:term":[{"taxonomy":"category","embeddable":true,"href":"https:\/\/www.ifun.de\/apiv2\/wp\/v2\/categories?post=97076"},{"taxonomy":"post_tag","embeddable":true,"href":"https:\/\/www.ifun.de\/apiv2\/wp\/v2\/tags?post=97076"}],"curies":[{"name":"wp","href":"https:\/\/api.w.org\/{rel}","templated":true}]}}