{"id":97052,"date":"2016-09-02T13:43:23","date_gmt":"2016-09-02T11:43:23","guid":{"rendered":"http:\/\/www.ifun.de\/?p=97052"},"modified":"2016-09-02T14:40:49","modified_gmt":"2016-09-02T12:40:49","slug":"bitte-folgen-apple-bereitet-sich-auf-september-event-vor","status":"publish","type":"post","link":"https:\/\/www.ifun.de\/bitte-folgen-apple-bereitet-sich-auf-september-event-vor-97052\/","title":{"rendered":"Bitte folgen: @apple bereitet sich auf September-Event vor"},"content":{"rendered":"<p>Der seit rund f\u00fcnf Jahren inaktive Twitter-Account <a href=\"https:\/\/twitter.com\/apple\">@apple<\/a> scheint sich auf das iPhone-Event am 7. September vorzubereiten.<\/p>\n<p><a href=\"https:\/\/images.ifun.de\/wp-content\/uploads\/2016\/09\/apple-1.jpg\"><img loading=\"lazy\" decoding=\"async\" class=\"aligncenter size-full wp-image-97053\" src=\"https:\/\/images.ifun.de\/wp-content\/uploads\/2016\/09\/apple-1.jpg\" alt=\"Apple\" width=\"500\" height=\"269\" srcset=\"https:\/\/images.ifun.de\/wp-content\/uploads\/2016\/09\/apple-1.jpg 500w, https:\/\/images.ifun.de\/wp-content\/uploads\/2016\/09\/apple-1-300x161.jpg 300w\" sizes=\"auto, (max-width: 500px) 100vw, 500px\" \/><\/a><\/p>\n<p>Darauf l\u00e4sst unter anderem die Umgestaltung der Account-Startseite schlie\u00dfen, die ihr unvollst\u00e4ndiges Profilbild zwischenzeitlich um das Motiv <a href=\"http:\/\/www.iphone-ticker.de\/apple-laedt-ein-iphone-7-kommt-am-7-september-100914\/\">der Apple-Einladung<\/a> zum iPhone-Event erg\u00e4nzt hat.<\/p>\n<p>Zwar ist Apple bereits mit zahlreichen unterschiedlichen Accounts auf dem Kurznachrichtendienst Twitter vertreten &#8211; unter anderem als <a href=\"https:\/\/twitter.com\/applesupport\">@AppleSupport<\/a>, <a href=\"https:\/\/twitter.com\/applemusichelp\">@AppleMusicHelp<\/a>, <a href=\"https:\/\/twitter.com\/itunes\">@iTunes<\/a>, <a href=\"https:\/\/twitter.com\/appstore\">@AppStore<\/a> und <a href=\"https:\/\/twitter.com\/applemusic\">@AppleMusic<\/a> &#8211; der verifizierte <a href=\"http:\/\/twitter.com\/apple\">@apple<\/a>-Account ist bislang jedoch noch nicht mit eigenen Wortmeldungen in Erscheinung getreten.<\/p>\n<p>Momentan ist davon auszugehen, dass Apple den Unternehmens-Account f\u00fcr die begleitende Live-Berichterstattung am 7. September nutzen wird. Cupertino hatte in den vergangenen zwei Jahren damit begonnen, die eigenen Veranstaltungen mit Blog-Beitr\u00e4ge und Fotover\u00f6ffentlichungen zu begleiten. Nun d\u00fcrften uns auch 140-Zeichen lange Kurznachrichten ins Haus stehen.<\/p>\n<p>Solltet ihr \u00fcber ein pers\u00f6nliches Twitter-Konto verf\u00fcgen, d\u00fcrfte es also grunds\u00e4tzlich nicht schaden den noch sehr ruhigen Account <a href=\"https:\/\/twitter.com\/apple\">@apple<\/a>, der bislang 115.000 Follower z\u00e4hlt, ebenfalls zu abonnieren.<\/p>\n","protected":false},"excerpt":{"rendered":"<a href=\"https:\/\/www.ifun.de\/bitte-folgen-apple-bereitet-sich-auf-september-event-vor-97052\/\"><img width=\"150\" height=\"150\" src=\"https:\/\/images.ifun.de\/wp-content\/uploads\/2016\/09\/iphone-7-event-apple-header-150x150.jpg\" class=\"alignright tfe wp-post-image\" alt=\"Iphone 7 Event Apple Header\" decoding=\"async\" loading=\"lazy\" \/><\/a><p>Der seit rund f\u00fcnf Jahren inaktive Twitter-Account @apple scheint sich auf das iPhone-Event am 7. September vorzubereiten. Darauf l\u00e4sst unter anderem die Umgestaltung der Account-Startseite schlie\u00dfen, die ihr unvollst\u00e4ndiges Profilbild zwischenzeitlich um das Motiv der Apple-Einladung zum iPhone-Event erg\u00e4nzt hat. Zwar ist Apple bereits mit zahlreichen unterschiedlichen Accounts auf dem Kurznachrichtendienst Twitter vertreten &#8211; unter [&hellip;]<\/p>\n","protected":false},"author":1,"featured_media":97054,"comment_status":"open","ping_status":"closed","sticky":false,"template":"","format":"standard","meta":{"footnotes":""},"categories":[3],"tags":[4736,81],"class_list":["post-97052","post","type-post","status-publish","format-standard","has-post-thumbnail","hentry","category-apple","tag-apple","tag-twitter"],"aioseo_notices":[],"aioseo_head":"\n\t\t<!-- All in One SEO Pro 5.0.1 - aioseo.com -->\n\t<meta name=\"description\" content=\"Der seit rund f\u00fcnf Jahren inaktive Twitter-Account @apple scheint sich auf das iPhone-Event am 7. September vorzubereiten. Darauf l\u00e4sst unter anderem die Umgestaltung der Account-Startseite schlie\u00dfen, die ihr unvollst\u00e4ndiges Profilbild zwischenzeitlich um das Motiv der Apple-Einladung zum iPhone-Event erg\u00e4nzt hat. Zwar ist Apple bereits mit zahlreichen unterschiedlichen Accounts auf dem Kurznachrichtendienst Twitter vertreten - unter\" \/>\n\t<meta name=\"robots\" content=\"max-image-preview:large\" \/>\n\t<meta name=\"author\" content=\"Nicolas\"\/>\n\t<meta name=\"google-site-verification\" content=\"uH_IhWlZO-QDb51DGwVoGT_GCZmfJp98klL3XmbE3ow\" \/>\n\t<link rel=\"canonical\" href=\"https:\/\/www.ifun.de\/bitte-folgen-apple-bereitet-sich-auf-september-event-vor-97052\/\" \/>\n\t<meta name=\"generator\" content=\"All in One SEO Pro (AIOSEO) 5.0.1\" \/>\n\t\t<meta property=\"og:locale\" content=\"de_DE\" \/>\n\t\t<meta property=\"og:site_name\" content=\"ifun.de | Apple-News seit 2001\" \/>\n\t\t<meta property=\"og:type\" content=\"article\" \/>\n\t\t<meta property=\"og:title\" content=\"Bitte folgen: @apple bereitet sich auf September-Event vor | ifun.de\" \/>\n\t\t<meta property=\"og:description\" content=\"Der seit rund f\u00fcnf Jahren inaktive Twitter-Account @apple scheint sich auf das iPhone-Event am 7. September vorzubereiten. Darauf l\u00e4sst unter anderem die Umgestaltung der Account-Startseite schlie\u00dfen, die ihr unvollst\u00e4ndiges Profilbild zwischenzeitlich um das Motiv der Apple-Einladung zum iPhone-Event erg\u00e4nzt hat. Zwar ist Apple bereits mit zahlreichen unterschiedlichen Accounts auf dem Kurznachrichtendienst Twitter vertreten - unter\" \/>\n\t\t<meta property=\"og:url\" content=\"https:\/\/www.ifun.de\/bitte-folgen-apple-bereitet-sich-auf-september-event-vor-97052\/\" \/>\n\t\t<meta property=\"og:image\" content=\"https:\/\/images.ifun.de\/wp-content\/uploads\/2016\/09\/iphone-7-event-apple-header.jpg\" \/>\n\t\t<meta property=\"og:image:secure_url\" content=\"https:\/\/images.ifun.de\/wp-content\/uploads\/2016\/09\/iphone-7-event-apple-header.jpg\" \/>\n\t\t<meta property=\"og:image:width\" content=\"960\" \/>\n\t\t<meta property=\"og:image:height\" content=\"378\" \/>\n\t\t<meta property=\"article:published_time\" content=\"2016-09-02T11:43:23+00:00\" \/>\n\t\t<meta property=\"article:modified_time\" content=\"2016-09-02T12:40:49+00:00\" \/>\n\t\t<meta property=\"article:publisher\" content=\"https:\/\/facebook.com\/ifun.de\" \/>\n\t\t<meta name=\"twitter:card\" content=\"summary_large_image\" \/>\n\t\t<meta name=\"twitter:site\" content=\"@ifun_news\" \/>\n\t\t<meta name=\"twitter:title\" content=\"Bitte folgen: @apple bereitet sich auf September-Event vor | ifun.de\" \/>\n\t\t<meta name=\"twitter:description\" content=\"Der seit rund f\u00fcnf Jahren inaktive Twitter-Account @apple scheint sich auf das iPhone-Event am 7. September vorzubereiten. Darauf l\u00e4sst unter anderem die Umgestaltung der Account-Startseite schlie\u00dfen, die ihr unvollst\u00e4ndiges Profilbild zwischenzeitlich um das Motiv der Apple-Einladung zum iPhone-Event erg\u00e4nzt hat. Zwar ist Apple bereits mit zahlreichen unterschiedlichen Accounts auf dem Kurznachrichtendienst Twitter vertreten - unter\" \/>\n\t\t<meta name=\"twitter:creator\" content=\"@ifun_news\" \/>\n\t\t<meta name=\"twitter:image\" content=\"https:\/\/images.ifun.de\/wp-content\/uploads\/2016\/09\/iphone-7-event-apple-header.jpg\" \/>\n\t\t<script type=\"application\/ld+json\" class=\"aioseo-schema\">\n\t\t\t{\"@context\":\"https:\\\/\\\/schema.org\",\"@graph\":[{\"@type\":\"Article\",\"@id\":\"https:\\\/\\\/www.ifun.de\\\/bitte-folgen-apple-bereitet-sich-auf-september-event-vor-97052\\\/#article\",\"name\":\"Bitte folgen: @apple bereitet sich auf September-Event vor | ifun.de\",\"headline\":\"Bitte folgen: @apple bereitet sich auf September-Event vor\",\"author\":{\"@id\":\"https:\\\/\\\/www.ifun.de\\\/author\\\/admin\\\/#author\"},\"publisher\":{\"@id\":\"https:\\\/\\\/www.ifun.de\\\/#organization\"},\"image\":{\"@type\":\"ImageObject\",\"url\":\"https:\\\/\\\/images.ifun.de\\\/wp-content\\\/uploads\\\/2016\\\/09\\\/iphone-7-event-apple-header.jpg\",\"width\":960,\"height\":378,\"caption\":\"Iphone 7 Event Apple Header\"},\"datePublished\":\"2016-09-02T13:43:23+02:00\",\"dateModified\":\"2016-09-02T14:40:49+02:00\",\"inLanguage\":\"de-DE\",\"commentCount\":41,\"mainEntityOfPage\":{\"@id\":\"https:\\\/\\\/www.ifun.de\\\/bitte-folgen-apple-bereitet-sich-auf-september-event-vor-97052\\\/#webpage\"},\"isPartOf\":{\"@id\":\"https:\\\/\\\/www.ifun.de\\\/bitte-folgen-apple-bereitet-sich-auf-september-event-vor-97052\\\/#webpage\"},\"articleSection\":\"Apple, Apple, Twitter\"},{\"@type\":\"BreadcrumbList\",\"@id\":\"https:\\\/\\\/www.ifun.de\\\/bitte-folgen-apple-bereitet-sich-auf-september-event-vor-97052\\\/#breadcrumblist\",\"itemListElement\":[{\"@type\":\"ListItem\",\"@id\":\"https:\\\/\\\/www.ifun.de#listItem\",\"position\":1,\"name\":\"Home\",\"item\":\"https:\\\/\\\/www.ifun.de\",\"nextItem\":{\"@type\":\"ListItem\",\"@id\":\"https:\\\/\\\/www.ifun.de\\\/category\\\/apple\\\/#listItem\",\"name\":\"Apple\"}},{\"@type\":\"ListItem\",\"@id\":\"https:\\\/\\\/www.ifun.de\\\/category\\\/apple\\\/#listItem\",\"position\":2,\"name\":\"Apple\",\"item\":\"https:\\\/\\\/www.ifun.de\\\/category\\\/apple\\\/\",\"nextItem\":{\"@type\":\"ListItem\",\"@id\":\"https:\\\/\\\/www.ifun.de\\\/bitte-folgen-apple-bereitet-sich-auf-september-event-vor-97052\\\/#listItem\",\"name\":\"Bitte folgen: @apple bereitet sich auf September-Event vor\"},\"previousItem\":{\"@type\":\"ListItem\",\"@id\":\"https:\\\/\\\/www.ifun.de#listItem\",\"name\":\"Home\"}},{\"@type\":\"ListItem\",\"@id\":\"https:\\\/\\\/www.ifun.de\\\/bitte-folgen-apple-bereitet-sich-auf-september-event-vor-97052\\\/#listItem\",\"position\":3,\"name\":\"Bitte folgen: @apple bereitet sich auf September-Event vor\",\"previousItem\":{\"@type\":\"ListItem\",\"@id\":\"https:\\\/\\\/www.ifun.de\\\/category\\\/apple\\\/#listItem\",\"name\":\"Apple\"}}]},{\"@type\":\"Organization\",\"@id\":\"https:\\\/\\\/www.ifun.de\\\/#organization\",\"name\":\"ifun.de\",\"description\":\"Apple-News seit 2001\",\"url\":\"https:\\\/\\\/www.ifun.de\\\/\",\"telephone\":\"+493057707123\",\"logo\":{\"@type\":\"ImageObject\",\"url\":\"https:\\\/\\\/images.ifun.de\\\/wp-content\\\/uploads\\\/2026\\\/02\\\/apple-touch-icon.png\",\"@id\":\"https:\\\/\\\/www.ifun.de\\\/bitte-folgen-apple-bereitet-sich-auf-september-event-vor-97052\\\/#organizationLogo\",\"width\":512,\"height\":512,\"caption\":\"Apple Touch Icon\"},\"image\":{\"@id\":\"https:\\\/\\\/www.ifun.de\\\/bitte-folgen-apple-bereitet-sich-auf-september-event-vor-97052\\\/#organizationLogo\"},\"sameAs\":[\"https:\\\/\\\/facebook.com\\\/ifun.de\",\"https:\\\/\\\/x.com\\\/ifun_news\"]},{\"@type\":\"Person\",\"@id\":\"https:\\\/\\\/www.ifun.de\\\/author\\\/admin\\\/#author\",\"url\":\"https:\\\/\\\/www.ifun.de\\\/author\\\/admin\\\/\",\"name\":\"Nicolas\"},{\"@type\":\"WebPage\",\"@id\":\"https:\\\/\\\/www.ifun.de\\\/bitte-folgen-apple-bereitet-sich-auf-september-event-vor-97052\\\/#webpage\",\"url\":\"https:\\\/\\\/www.ifun.de\\\/bitte-folgen-apple-bereitet-sich-auf-september-event-vor-97052\\\/\",\"name\":\"Bitte folgen: @apple bereitet sich auf September-Event vor | ifun.de\",\"description\":\"Der seit rund f\\u00fcnf Jahren inaktive Twitter-Account @apple scheint sich auf das iPhone-Event am 7. September vorzubereiten. Darauf l\\u00e4sst unter anderem die Umgestaltung der Account-Startseite schlie\\u00dfen, die ihr unvollst\\u00e4ndiges Profilbild zwischenzeitlich um das Motiv der Apple-Einladung zum iPhone-Event erg\\u00e4nzt hat. Zwar ist Apple bereits mit zahlreichen unterschiedlichen Accounts auf dem Kurznachrichtendienst Twitter vertreten - unter\",\"inLanguage\":\"de-DE\",\"isPartOf\":{\"@id\":\"https:\\\/\\\/www.ifun.de\\\/#website\"},\"breadcrumb\":{\"@id\":\"https:\\\/\\\/www.ifun.de\\\/bitte-folgen-apple-bereitet-sich-auf-september-event-vor-97052\\\/#breadcrumblist\"},\"author\":{\"@id\":\"https:\\\/\\\/www.ifun.de\\\/author\\\/admin\\\/#author\"},\"creator\":{\"@id\":\"https:\\\/\\\/www.ifun.de\\\/author\\\/admin\\\/#author\"},\"image\":{\"@type\":\"ImageObject\",\"url\":\"https:\\\/\\\/images.ifun.de\\\/wp-content\\\/uploads\\\/2016\\\/09\\\/iphone-7-event-apple-header.jpg\",\"@id\":\"https:\\\/\\\/www.ifun.de\\\/bitte-folgen-apple-bereitet-sich-auf-september-event-vor-97052\\\/#mainImage\",\"width\":960,\"height\":378,\"caption\":\"Iphone 7 Event Apple Header\"},\"primaryImageOfPage\":{\"@id\":\"https:\\\/\\\/www.ifun.de\\\/bitte-folgen-apple-bereitet-sich-auf-september-event-vor-97052\\\/#mainImage\"},\"datePublished\":\"2016-09-02T13:43:23+02:00\",\"dateModified\":\"2016-09-02T14:40:49+02:00\"},{\"@type\":\"WebSite\",\"@id\":\"https:\\\/\\\/www.ifun.de\\\/#website\",\"url\":\"https:\\\/\\\/www.ifun.de\\\/\",\"name\":\"ifun.de\",\"description\":\"Apple-News seit 2001\",\"inLanguage\":\"de-DE\",\"publisher\":{\"@id\":\"https:\\\/\\\/www.ifun.de\\\/#organization\"}}]}\n\t\t<\/script>\n\t\t<!-- All in One SEO Pro -->\r\n\t\t<title>Bitte folgen: @apple bereitet sich auf September-Event vor | ifun.de<\/title>\n\n","aioseo_head_json":{"title":"Bitte folgen: @apple bereitet sich auf September-Event vor | ifun.de","description":"Der seit rund f\u00fcnf Jahren inaktive Twitter-Account @apple scheint sich auf das iPhone-Event am 7. September vorzubereiten. Darauf l\u00e4sst unter anderem die Umgestaltung der Account-Startseite schlie\u00dfen, die ihr unvollst\u00e4ndiges Profilbild zwischenzeitlich um das Motiv der Apple-Einladung zum iPhone-Event erg\u00e4nzt hat. Zwar ist Apple bereits mit zahlreichen unterschiedlichen Accounts auf dem Kurznachrichtendienst Twitter vertreten - unter","canonical_url":"https:\/\/www.ifun.de\/bitte-folgen-apple-bereitet-sich-auf-september-event-vor-97052\/","robots":"max-image-preview:large","keywords":"","webmasterTools":{"google-site-verification":"uH_IhWlZO-QDb51DGwVoGT_GCZmfJp98klL3XmbE3ow","miscellaneous":""},"schema":{"@context":"https:\/\/schema.org","@graph":[{"@type":"Article","@id":"https:\/\/www.ifun.de\/bitte-folgen-apple-bereitet-sich-auf-september-event-vor-97052\/#article","name":"Bitte folgen: @apple bereitet sich auf September-Event vor | ifun.de","headline":"Bitte folgen: @apple bereitet sich auf September-Event vor","author":{"@id":"https:\/\/www.ifun.de\/author\/admin\/#author"},"publisher":{"@id":"https:\/\/www.ifun.de\/#organization"},"image":{"@type":"ImageObject","url":"https:\/\/images.ifun.de\/wp-content\/uploads\/2016\/09\/iphone-7-event-apple-header.jpg","width":960,"height":378,"caption":"Iphone 7 Event Apple Header"},"datePublished":"2016-09-02T13:43:23+02:00","dateModified":"2016-09-02T14:40:49+02:00","inLanguage":"de-DE","commentCount":41,"mainEntityOfPage":{"@id":"https:\/\/www.ifun.de\/bitte-folgen-apple-bereitet-sich-auf-september-event-vor-97052\/#webpage"},"isPartOf":{"@id":"https:\/\/www.ifun.de\/bitte-folgen-apple-bereitet-sich-auf-september-event-vor-97052\/#webpage"},"articleSection":"Apple, Apple, Twitter"},{"@type":"BreadcrumbList","@id":"https:\/\/www.ifun.de\/bitte-folgen-apple-bereitet-sich-auf-september-event-vor-97052\/#breadcrumblist","itemListElement":[{"@type":"ListItem","@id":"https:\/\/www.ifun.de#listItem","position":1,"name":"Home","item":"https:\/\/www.ifun.de","nextItem":{"@type":"ListItem","@id":"https:\/\/www.ifun.de\/category\/apple\/#listItem","name":"Apple"}},{"@type":"ListItem","@id":"https:\/\/www.ifun.de\/category\/apple\/#listItem","position":2,"name":"Apple","item":"https:\/\/www.ifun.de\/category\/apple\/","nextItem":{"@type":"ListItem","@id":"https:\/\/www.ifun.de\/bitte-folgen-apple-bereitet-sich-auf-september-event-vor-97052\/#listItem","name":"Bitte folgen: @apple bereitet sich auf September-Event vor"},"previousItem":{"@type":"ListItem","@id":"https:\/\/www.ifun.de#listItem","name":"Home"}},{"@type":"ListItem","@id":"https:\/\/www.ifun.de\/bitte-folgen-apple-bereitet-sich-auf-september-event-vor-97052\/#listItem","position":3,"name":"Bitte folgen: @apple bereitet sich auf September-Event vor","previousItem":{"@type":"ListItem","@id":"https:\/\/www.ifun.de\/category\/apple\/#listItem","name":"Apple"}}]},{"@type":"Organization","@id":"https:\/\/www.ifun.de\/#organization","name":"ifun.de","description":"Apple-News seit 2001","url":"https:\/\/www.ifun.de\/","telephone":"+493057707123","logo":{"@type":"ImageObject","url":"https:\/\/images.ifun.de\/wp-content\/uploads\/2026\/02\/apple-touch-icon.png","@id":"https:\/\/www.ifun.de\/bitte-folgen-apple-bereitet-sich-auf-september-event-vor-97052\/#organizationLogo","width":512,"height":512,"caption":"Apple Touch Icon"},"image":{"@id":"https:\/\/www.ifun.de\/bitte-folgen-apple-bereitet-sich-auf-september-event-vor-97052\/#organizationLogo"},"sameAs":["https:\/\/facebook.com\/ifun.de","https:\/\/x.com\/ifun_news"]},{"@type":"Person","@id":"https:\/\/www.ifun.de\/author\/admin\/#author","url":"https:\/\/www.ifun.de\/author\/admin\/","name":"Nicolas"},{"@type":"WebPage","@id":"https:\/\/www.ifun.de\/bitte-folgen-apple-bereitet-sich-auf-september-event-vor-97052\/#webpage","url":"https:\/\/www.ifun.de\/bitte-folgen-apple-bereitet-sich-auf-september-event-vor-97052\/","name":"Bitte folgen: @apple bereitet sich auf September-Event vor | ifun.de","description":"Der seit rund f\u00fcnf Jahren inaktive Twitter-Account @apple scheint sich auf das iPhone-Event am 7. September vorzubereiten. Darauf l\u00e4sst unter anderem die Umgestaltung der Account-Startseite schlie\u00dfen, die ihr unvollst\u00e4ndiges Profilbild zwischenzeitlich um das Motiv der Apple-Einladung zum iPhone-Event erg\u00e4nzt hat. Zwar ist Apple bereits mit zahlreichen unterschiedlichen Accounts auf dem Kurznachrichtendienst Twitter vertreten - unter","inLanguage":"de-DE","isPartOf":{"@id":"https:\/\/www.ifun.de\/#website"},"breadcrumb":{"@id":"https:\/\/www.ifun.de\/bitte-folgen-apple-bereitet-sich-auf-september-event-vor-97052\/#breadcrumblist"},"author":{"@id":"https:\/\/www.ifun.de\/author\/admin\/#author"},"creator":{"@id":"https:\/\/www.ifun.de\/author\/admin\/#author"},"image":{"@type":"ImageObject","url":"https:\/\/images.ifun.de\/wp-content\/uploads\/2016\/09\/iphone-7-event-apple-header.jpg","@id":"https:\/\/www.ifun.de\/bitte-folgen-apple-bereitet-sich-auf-september-event-vor-97052\/#mainImage","width":960,"height":378,"caption":"Iphone 7 Event Apple Header"},"primaryImageOfPage":{"@id":"https:\/\/www.ifun.de\/bitte-folgen-apple-bereitet-sich-auf-september-event-vor-97052\/#mainImage"},"datePublished":"2016-09-02T13:43:23+02:00","dateModified":"2016-09-02T14:40:49+02:00"},{"@type":"WebSite","@id":"https:\/\/www.ifun.de\/#website","url":"https:\/\/www.ifun.de\/","name":"ifun.de","description":"Apple-News seit 2001","inLanguage":"de-DE","publisher":{"@id":"https:\/\/www.ifun.de\/#organization"}}]},"og:locale":"de_DE","og:site_name":"ifun.de | Apple-News seit 2001","og:type":"article","og:title":"Bitte folgen: @apple bereitet sich auf September-Event vor | ifun.de","og:description":"Der seit rund f\u00fcnf Jahren inaktive Twitter-Account @apple scheint sich auf das iPhone-Event am 7. September vorzubereiten. Darauf l\u00e4sst unter anderem die Umgestaltung der Account-Startseite schlie\u00dfen, die ihr unvollst\u00e4ndiges Profilbild zwischenzeitlich um das Motiv der Apple-Einladung zum iPhone-Event erg\u00e4nzt hat. Zwar ist Apple bereits mit zahlreichen unterschiedlichen Accounts auf dem Kurznachrichtendienst Twitter vertreten - unter","og:url":"https:\/\/www.ifun.de\/bitte-folgen-apple-bereitet-sich-auf-september-event-vor-97052\/","og:image":"https:\/\/images.ifun.de\/wp-content\/uploads\/2016\/09\/iphone-7-event-apple-header.jpg","og:image:secure_url":"https:\/\/images.ifun.de\/wp-content\/uploads\/2016\/09\/iphone-7-event-apple-header.jpg","og:image:width":960,"og:image:height":378,"article:published_time":"2016-09-02T11:43:23+00:00","article:modified_time":"2016-09-02T12:40:49+00:00","article:publisher":"https:\/\/facebook.com\/ifun.de","twitter:card":"summary_large_image","twitter:site":"@ifun_news","twitter:title":"Bitte folgen: @apple bereitet sich auf September-Event vor | ifun.de","twitter:description":"Der seit rund f\u00fcnf Jahren inaktive Twitter-Account @apple scheint sich auf das iPhone-Event am 7. September vorzubereiten. Darauf l\u00e4sst unter anderem die Umgestaltung der Account-Startseite schlie\u00dfen, die ihr unvollst\u00e4ndiges Profilbild zwischenzeitlich um das Motiv der Apple-Einladung zum iPhone-Event erg\u00e4nzt hat. Zwar ist Apple bereits mit zahlreichen unterschiedlichen Accounts auf dem Kurznachrichtendienst Twitter vertreten - unter","twitter:creator":"@ifun_news","twitter:image":"https:\/\/images.ifun.de\/wp-content\/uploads\/2016\/09\/iphone-7-event-apple-header.jpg"},"aioseo_meta_data":{"post_id":"97052","title":null,"description":null,"keywords":null,"keyphrases":null,"primary_term":null,"canonical_url":null,"og_title":null,"og_description":null,"og_object_type":"default","og_image_type":"default","og_image_url":null,"og_image_width":null,"og_image_height":null,"og_image_custom_url":null,"og_image_custom_fields":null,"og_video":null,"og_custom_url":null,"og_article_section":null,"og_article_tags":null,"twitter_use_og":false,"twitter_card":"default","twitter_image_type":"default","twitter_image_url":null,"twitter_image_custom_url":null,"twitter_image_custom_fields":null,"twitter_title":null,"twitter_description":null,"schema":{"blockGraphs":[],"customGraphs":[],"default":{"data":{"Article":[],"Course":[],"Dataset":[],"FAQPage":[],"Movie":[],"Person":[],"Product":[],"ProductReview":[],"Car":[],"Recipe":[],"Service":[],"SoftwareApplication":[],"WebPage":[]},"graphName":"Article","isEnabled":true},"graphs":[]},"schema_type":"default","schema_type_options":null,"pillar_content":false,"robots_default":true,"robots_noindex":false,"robots_noarchive":false,"robots_nosnippet":false,"robots_nofollow":false,"robots_noimageindex":false,"robots_noodp":false,"robots_notranslate":false,"robots_max_snippet":null,"robots_max_videopreview":null,"robots_max_imagepreview":"large","priority":null,"frequency":null,"local_seo":null,"seo_analyzer_scan_date":null,"breadcrumb_settings":null,"limit_modified_date":false,"reviewed_by":null,"open_ai":null,"ai":null,"created":"2026-02-25 12:48:02","updated":"2026-03-02 07:07:54","focus_keyword":null,"additional_keywords":null,"truseo_locale":null},"aioseo_breadcrumb":"<div class=\"aioseo-breadcrumbs\"><span class=\"aioseo-breadcrumb\">\n\t<a href=\"https:\/\/www.ifun.de\" title=\"Home\">Home<\/a>\n<\/span><span class=\"aioseo-breadcrumb-separator\">\u00bb<\/span><span class=\"aioseo-breadcrumb\">\n\t<a href=\"https:\/\/www.ifun.de\/category\/apple\/\" title=\"Apple\">Apple<\/a>\n<\/span><span class=\"aioseo-breadcrumb-separator\">\u00bb<\/span><span class=\"aioseo-breadcrumb\">\n\tBitte folgen: @apple bereitet sich auf September-Event vor\n<\/span><\/div>","aioseo_breadcrumb_json":[{"label":"Home","link":"https:\/\/www.ifun.de"},{"label":"Apple","link":"https:\/\/www.ifun.de\/category\/apple\/"},{"label":"Bitte folgen: @apple bereitet sich auf September-Event vor","link":"https:\/\/www.ifun.de\/bitte-folgen-apple-bereitet-sich-auf-september-event-vor-97052\/"}],"featured_image":["https:\/\/images.ifun.de\/wp-content\/uploads\/2016\/09\/iphone-7-event-apple-header.jpg"],"subheadline":["Auf Twitter"],"rest_api_enabler":{"featured_image":"https:\/\/images.ifun.de\/wp-content\/uploads\/2016\/09\/iphone-7-event-apple-header.jpg","subheadline":"Auf Twitter"},"_links":{"self":[{"href":"https:\/\/www.ifun.de\/apiv2\/wp\/v2\/posts\/97052","targetHints":{"allow":["GET"]}}],"collection":[{"href":"https:\/\/www.ifun.de\/apiv2\/wp\/v2\/posts"}],"about":[{"href":"https:\/\/www.ifun.de\/apiv2\/wp\/v2\/types\/post"}],"author":[{"embeddable":true,"href":"https:\/\/www.ifun.de\/apiv2\/wp\/v2\/users\/1"}],"replies":[{"embeddable":true,"href":"https:\/\/www.ifun.de\/apiv2\/wp\/v2\/comments?post=97052"}],"version-history":[{"count":3,"href":"https:\/\/www.ifun.de\/apiv2\/wp\/v2\/posts\/97052\/revisions"}],"predecessor-version":[{"id":97061,"href":"https:\/\/www.ifun.de\/apiv2\/wp\/v2\/posts\/97052\/revisions\/97061"}],"wp:featuredmedia":[{"embeddable":true,"href":"https:\/\/www.ifun.de\/apiv2\/wp\/v2\/media\/97054"}],"wp:attachment":[{"href":"https:\/\/www.ifun.de\/apiv2\/wp\/v2\/media?parent=97052"}],"wp:term":[{"taxonomy":"category","embeddable":true,"href":"https:\/\/www.ifun.de\/apiv2\/wp\/v2\/categories?post=97052"},{"taxonomy":"post_tag","embeddable":true,"href":"https:\/\/www.ifun.de\/apiv2\/wp\/v2\/tags?post=97052"}],"curies":[{"name":"wp","href":"https:\/\/api.w.org\/{rel}","templated":true}]}}