{"id":96971,"date":"2016-09-01T14:16:51","date_gmt":"2016-09-01T12:16:51","guid":{"rendered":"http:\/\/www.ifun.de\/?p=96971"},"modified":"2016-09-01T15:53:31","modified_gmt":"2016-09-01T13:53:31","slug":"politischer-scheissdreck-tim-cook-zur-entscheidung-der-eu-kommission","status":"publish","type":"post","link":"https:\/\/www.ifun.de\/politischer-scheissdreck-tim-cook-zur-entscheidung-der-eu-kommission-96971\/","title":{"rendered":"&#8222;Politischer Schei\u00dfdreck&#8220;: Tim Cook zur Entscheidung der EU-Kommission"},"content":{"rendered":"<p>Der <a href=\"https:\/\/www.ifun.de\/apple-stellungnahme-zu-den-steuervorwuerfen-der-eu-96855\/\">Beschluss der EU-Kommission<\/a>, Apple habe noch rund 13 Milliarden Euro Steuern an Irland zu entrichten, findet im Apple-Firmensitz in Cupertino nat\u00fcrlich keinen Beifall. Im Interview mit der irischen Tageszeitung <a href=\"http:\/\/www.independent.ie\/business\/irish\/no-one-did-anything-wrong-here-and-ireland-is-being-picked-on-it-is-total-political-crap-35012145.html\">Independent<\/a> sprach der sonst stets ruhig und gelassen auftretende Apple-Chef Tim Cook allerdings selten deutliche Worte. Cook unterstellt der EU, mit der Entscheidung politische Ziele zu verfolgen, das Ganze sei \u201etotal political crap\u201c.<\/p>\n<p><a href=\"https:\/\/images.ifun.de\/wp-content\/uploads\/2016\/02\/tim-cook-500.jpg\"><img loading=\"lazy\" decoding=\"async\" src=\"https:\/\/images.ifun.de\/wp-content\/uploads\/2016\/02\/tim-cook-500.jpg\" alt=\"tim-cook-500\" width=\"500\" height=\"324\" class=\"alignnone size-full wp-image-88674\" srcset=\"https:\/\/images.ifun.de\/wp-content\/uploads\/2016\/02\/tim-cook-500.jpg 500w, https:\/\/images.ifun.de\/wp-content\/uploads\/2016\/02\/tim-cook-500-300x194.jpg 300w\" sizes=\"auto, (max-width: 500px) 100vw, 500px\" \/><\/a><\/p>\n<p>Cook zufolge ist auch der von der EU-Kommission genannte Betrag aus den Sternen gegriffen. Apple und Irland h\u00e4tten sich stets an die Regeln gehalten, nichts falsch gemacht und w\u00fcrden nun gemeinsam an einem Einspruch arbeiten. Der Apple-Chef f\u00fchrt dabei erneut die Tatsache an, dass Apple sich seit 37 Jahren in Irland engagiere und dort mittlerweile 6.000 Mitarbeiter z\u00e4hle. Die aktuelle Angelegenheit mache ihn allerdings w\u00fctend und entt\u00e4uscht zugleich.<\/p>\n<p>Die Reaktionen auf die EU-Ansage sind weltweit sehr unterschiedlich. R\u00fcckendeckung diesbez\u00fcglich gab es von diversen EU-Politikern, darunter Bundeswirtschaftsminister Sigmar Gabriel.<\/p>\n<p><a href=\"https:\/\/images.ifun.de\/wp-content\/uploads\/2016\/09\/apple-grafik.jpg\"><img loading=\"lazy\" decoding=\"async\" src=\"https:\/\/images.ifun.de\/wp-content\/uploads\/2016\/09\/apple-grafik.jpg\" alt=\"Apple Grafik\" width=\"700\" height=\"477\" class=\"aligncenter size-full wp-image-96980\" srcset=\"https:\/\/images.ifun.de\/wp-content\/uploads\/2016\/09\/apple-grafik.jpg 700w, https:\/\/images.ifun.de\/wp-content\/uploads\/2016\/09\/apple-grafik-300x204.jpg 300w\" sizes=\"auto, (max-width: 700px) 100vw, 700px\" \/><\/a><\/p>\n<h6><a href=\"https:\/\/de.wikipedia.org\/wiki\/Double_Irish_With_a_Dutch_Sandwich\">Double Irish With a Dutch Sandwich<\/a><\/h6>\n<p>Auf den Ausgang des Streits d\u00fcrfen wir in jedem Fall gespannt sein. Auswirkungen hat der Vorgang sicher nicht nur auf Apple. In haben sich mit Google, Facebook und Microsoft auch andere internationale Konzerne niedergelassen. Bereits im vergangenen Jahr hat die EU-Kommission mit \u00e4hnlichen Argumenten die in den Niederlanden und Luxemburg ans\u00e4ssigen Unternehmen Starbucks und Fiat zu Steuernachzahlungen verdonnert. Aufgrund der vergleichsweise geringen Betr\u00e4ge von 20 bis 30 Millionen Euro und der deutlich geringeren Popularit\u00e4t der Unternehmen fiel sich das Medienecho diesbez\u00fcglich aber deutlich bescheidener aus.<\/p>\n<p>Erg\u00e4nzend zu dem <a href=\"http:\/\/www.independent.ie\/business\/irish\/no-one-did-anything-wrong-here-and-ireland-is-being-picked-on-it-is-total-political-crap-35012145.html\">Interview mit dem Independent<\/a> hat Cook dem Sender RTE Radio 1 noch ein ausf\u00fchrliches Telefoninterview gegeben. Die Aufzeichnung k\u00f6nnt ihr euch <a href=\"https:\/\/www.rte.ie\/radio1\/morning-ireland\/programmes\/2016\/0901\/813358-morning-ireland-thursday-1-september-2016\/?clipid=2272973#2272973\">hier anh\u00f6ren<\/a>.<\/p>\n<p><h8><a href=\"http:\/\/www.independent.ie\/business\/irish\/no-one-did-anything-wrong-here-and-ireland-is-being-picked-on-it-is-total-political-crap-35012145.html\">independent.ie<\/a> | <a href=\"https:\/\/9to5mac.com\/2016\/09\/01\/tim-cook-responds-to-tax-ruling-in-irish-press-it-is-total-political-crap-0-005-rate-is-a-false-number\/\">via 9to5Mac.com<\/a><\/h8><\/p>\n","protected":false},"excerpt":{"rendered":"<a href=\"https:\/\/www.ifun.de\/politischer-scheissdreck-tim-cook-zur-entscheidung-der-eu-kommission-96971\/\"><img width=\"150\" height=\"150\" src=\"https:\/\/images.ifun.de\/wp-content\/uploads\/2016\/09\/apple-150x150.jpg\" class=\"alignright tfe wp-post-image\" alt=\"Apple\" decoding=\"async\" loading=\"lazy\" \/><\/a><p>Der Beschluss der EU-Kommission, Apple habe noch rund 13 Milliarden Euro Steuern an Irland zu entrichten, findet im Apple-Firmensitz in Cupertino nat\u00fcrlich keinen Beifall. Im Interview mit der irischen Tageszeitung Independent sprach der sonst stets ruhig und gelassen auftretende Apple-Chef Tim Cook allerdings selten deutliche Worte. Cook unterstellt der EU, mit der Entscheidung politische Ziele [&hellip;]<\/p>\n","protected":false},"author":2,"featured_media":96976,"comment_status":"open","ping_status":"closed","sticky":false,"template":"","format":"standard","meta":{"_acf_changed":false,"footnotes":""},"categories":[3,2752,1783],"tags":[4736,2379,614],"class_list":["post-96971","post","type-post","status-publish","format-standard","has-post-thumbnail","hentry","category-apple","category-cover","category-feature","tag-apple","tag-irland","tag-tim-cook"],"acf":[],"aioseo_notices":[],"featured_image":["https:\/\/images.ifun.de\/wp-content\/uploads\/2016\/09\/apple.jpg"],"rest_api_enabler":{"featured_image":"https:\/\/images.ifun.de\/wp-content\/uploads\/2016\/09\/apple.jpg"},"_links":{"self":[{"href":"https:\/\/www.ifun.de\/apiv2\/wp\/v2\/posts\/96971","targetHints":{"allow":["GET"]}}],"collection":[{"href":"https:\/\/www.ifun.de\/apiv2\/wp\/v2\/posts"}],"about":[{"href":"https:\/\/www.ifun.de\/apiv2\/wp\/v2\/types\/post"}],"author":[{"embeddable":true,"href":"https:\/\/www.ifun.de\/apiv2\/wp\/v2\/users\/2"}],"replies":[{"embeddable":true,"href":"https:\/\/www.ifun.de\/apiv2\/wp\/v2\/comments?post=96971"}],"version-history":[{"count":8,"href":"https:\/\/www.ifun.de\/apiv2\/wp\/v2\/posts\/96971\/revisions"}],"predecessor-version":[{"id":96981,"href":"https:\/\/www.ifun.de\/apiv2\/wp\/v2\/posts\/96971\/revisions\/96981"}],"wp:featuredmedia":[{"embeddable":true,"href":"https:\/\/www.ifun.de\/apiv2\/wp\/v2\/media\/96976"}],"wp:attachment":[{"href":"https:\/\/www.ifun.de\/apiv2\/wp\/v2\/media?parent=96971"}],"wp:term":[{"taxonomy":"category","embeddable":true,"href":"https:\/\/www.ifun.de\/apiv2\/wp\/v2\/categories?post=96971"},{"taxonomy":"post_tag","embeddable":true,"href":"https:\/\/www.ifun.de\/apiv2\/wp\/v2\/tags?post=96971"}],"curies":[{"name":"wp","href":"https:\/\/api.w.org\/{rel}","templated":true}]}}