{"id":96667,"date":"2016-08-24T20:26:21","date_gmt":"2016-08-24T18:26:21","guid":{"rendered":"http:\/\/www.ifun.de\/?p=96667"},"modified":"2016-08-24T20:26:21","modified_gmt":"2016-08-24T18:26:21","slug":"eu-innenminister-freunden-sich-mit-hintertueren-gegen-verschluesselung-an","status":"publish","type":"post","link":"https:\/\/www.ifun.de\/eu-innenminister-freunden-sich-mit-hintertueren-gegen-verschluesselung-an-96667\/","title":{"rendered":"EU-Innenminister freunden sich mit Hintert\u00fcren gegen Verschl\u00fcsselung an"},"content":{"rendered":"<p>Bislang hat man wenn es darum geht, in Anwendungen Hintert\u00fcrchen f\u00fcr Beh\u00f6rden offen zu halten, stets auf die amerikanische NSA gezeigt. Bundesinnenminister Thomas de Maizi\u00e8re sorgt nun mit einer gemeinsam mit seinem franz\u00f6sischen Amtskollegen Cazeneuve verfassten <a href=\"http:\/\/www.bmi.bund.de\/SharedDocs\/Kurzmeldungen\/DE\/2016\/08\/gemeinsames-statement-de-maiziere-cazeneuve.html\">Erkl\u00e4rung<\/a> f\u00fcr Wirbel. Zumindest der Franzose steht offen f\u00fcr eine entsprechende Regelung ein.<\/p>\n<p>Die Politiker wollen demnach nicht nur die Zusammenarbeit der Beh\u00f6rden mit den Anbieter sozialer Netzwerke intensivieren, sondern packen ihrem Papier eine Forderung bei, die sich durchaus als der Ruf nach einem Generalschl\u00fcssel f\u00fcr Beh\u00f6rden lesen l\u00e4sst:<\/p>\n<blockquote>\n<p>Durch die technische Entwicklung und insbesondere durch die Nutzung des Internets sind manchmal Straft\u00e4ter technologisch weiter als die Sicherheitsbeh\u00f6rden und das ist nicht richtig. Deswegen erheben wir die Forderung, dass die Sicherheitsbeh\u00f6rden das technisch k\u00f6nnen, was sie jetzt schon rechtlich d\u00fcrfen<\/p>\n<\/blockquote>\n<p><a href=\"http:\/\/www.spiegel.de\/netzwelt\/web\/thomas-de-maiziere-steuert-richtung-backdoor-pflicht-kolumne-a-1109204.html#ref=rss\">Spiegel Online<\/a> hat sich ausf\u00fchrlich mit dem Thema befasst, und macht auf eine erg\u00e4nzenden Ver\u00f6ffentlichung des franz\u00f6sischen Innenministers aufmerksam:<\/p>\n<blockquote>\n<p>Wie man n\u00e4mlich &#8211; ausschlie\u00dflich! &#8211; an der zus\u00e4tzlichen Mitteilung des franz\u00f6sischen Innenministeriums erkennen kann, wird mit der Erkl\u00e4rung die Verpflichtung von Kommunikationsplattformen zur Entschl\u00fcsselung auf beh\u00f6rdlichen Wunsch vorbereitet. Also eine sogenannte Backdoor.<\/p>\n<\/blockquote>\n<p>Gegen\u00fcber dem Magazin <a href=\"https:\/\/netzpolitik.org\/\/2016\/innenminister-fordern-hintertueren-gegen-verschluesselung-in-der-franzoesischen-version-der-gemeinsamen-erklaerung\/\">Netzpolitik.org<\/a> war das deutsche Innenministerium bem\u00fcht, diesbez\u00fcglich zur\u00fcckzurudern. Die franz\u00f6sische Erg\u00e4nzung sei nicht Teil der gemeinsamen Erkl\u00e4rung, es werde \u201ekeine gesetzlichen Verpflichtungen zu Schl\u00fcsselhinterlegungen oder zur Nutzung von Generalschl\u00fcsseln oder gar zu sogenannten \u201ebackdoors\u201c geben\u201c. Netzpolitik kommentiert die Antwort des Ministeriums wie folgt:<\/p>\n<blockquote>\n<p>Interpretieren kann man dieses kleine Verwirrspiel so: Frankreich will die Entschl\u00fcsselung auf EU-Ebene haben, das BMI wollte diese jedoch nicht in der gemeinsamen Erkl\u00e4rung der Minister gedruckt sehen. Es wird also sehr wichtig sein, wie jetzt die Verhandlungen auf EU-Ebene verlaufen. Dabei stellt sich auch die Frage, ob das BMI seine Position auch auf EU-Ebene durchsetzen wird.<\/p>\n<\/blockquote>\n","protected":false},"excerpt":{"rendered":"<a href=\"https:\/\/www.ifun.de\/eu-innenminister-freunden-sich-mit-hintertueren-gegen-verschluesselung-an-96667\/\"><img width=\"150\" height=\"150\" src=\"https:\/\/images.ifun.de\/wp-content\/uploads\/2016\/08\/bild-150x150.jpg\" class=\"alignright tfe wp-post-image\" alt=\"Bild\" decoding=\"async\" loading=\"lazy\" \/><\/a><p>Bislang hat man wenn es darum geht, in Anwendungen Hintert\u00fcrchen f\u00fcr Beh\u00f6rden offen zu halten, stets auf die amerikanische NSA gezeigt. Bundesinnenminister Thomas de Maizi\u00e8re sorgt nun mit einer gemeinsam mit seinem franz\u00f6sischen Amtskollegen Cazeneuve verfassten Erkl\u00e4rung f\u00fcr Wirbel. Zumindest der Franzose steht offen f\u00fcr eine entsprechende Regelung ein. Die Politiker wollen demnach nicht nur [&hellip;]<\/p>\n","protected":false},"author":2,"featured_media":96672,"comment_status":"open","ping_status":"closed","sticky":false,"template":"","format":"standard","meta":{"_acf_changed":false,"footnotes":""},"categories":[1],"tags":[810,92,1382],"class_list":["post-96667","post","type-post","status-publish","format-standard","has-post-thumbnail","hentry","category-news","tag-politik","tag-sicherheit","tag-verschlusselung"],"acf":[],"aioseo_notices":[],"featured_image":["https:\/\/images.ifun.de\/wp-content\/uploads\/2016\/08\/bild.jpg"],"rest_api_enabler":{"featured_image":"https:\/\/images.ifun.de\/wp-content\/uploads\/2016\/08\/bild.jpg"},"_links":{"self":[{"href":"https:\/\/www.ifun.de\/apiv2\/wp\/v2\/posts\/96667","targetHints":{"allow":["GET"]}}],"collection":[{"href":"https:\/\/www.ifun.de\/apiv2\/wp\/v2\/posts"}],"about":[{"href":"https:\/\/www.ifun.de\/apiv2\/wp\/v2\/types\/post"}],"author":[{"embeddable":true,"href":"https:\/\/www.ifun.de\/apiv2\/wp\/v2\/users\/2"}],"replies":[{"embeddable":true,"href":"https:\/\/www.ifun.de\/apiv2\/wp\/v2\/comments?post=96667"}],"version-history":[{"count":4,"href":"https:\/\/www.ifun.de\/apiv2\/wp\/v2\/posts\/96667\/revisions"}],"predecessor-version":[{"id":96671,"href":"https:\/\/www.ifun.de\/apiv2\/wp\/v2\/posts\/96667\/revisions\/96671"}],"wp:featuredmedia":[{"embeddable":true,"href":"https:\/\/www.ifun.de\/apiv2\/wp\/v2\/media\/96672"}],"wp:attachment":[{"href":"https:\/\/www.ifun.de\/apiv2\/wp\/v2\/media?parent=96667"}],"wp:term":[{"taxonomy":"category","embeddable":true,"href":"https:\/\/www.ifun.de\/apiv2\/wp\/v2\/categories?post=96667"},{"taxonomy":"post_tag","embeddable":true,"href":"https:\/\/www.ifun.de\/apiv2\/wp\/v2\/tags?post=96667"}],"curies":[{"name":"wp","href":"https:\/\/api.w.org\/{rel}","templated":true}]}}