{"id":9646,"date":"2011-02-17T17:05:40","date_gmt":"2011-02-17T16:05:40","guid":{"rendered":"http:\/\/www.ifun.de\/?p=9646"},"modified":"2011-02-17T19:00:56","modified_gmt":"2011-02-17T18:00:56","slug":"retro-prasentation-des-ersten-mac-im-schweizer-fernsehen","status":"publish","type":"post","link":"https:\/\/www.ifun.de\/retro-prasentation-des-ersten-mac-im-schweizer-fernsehen-9646\/","title":{"rendered":"Video: Pr\u00e4sentation des ersten Mac im Schweizer Fernsehen"},"content":{"rendered":"<p><img loading=\"lazy\" decoding=\"async\" src=\"http:\/\/images.ifun.de\/wp-content\/uploads\/2011\/02\/mac_sf.jpg\" alt=\"\" title=\"mac_sf\" width=\"226\" height=\"169\" class=\"alignright size-full wp-image-9647\" \/>Heute wird bereits wieder dar\u00fcber diskutiert die Maus abzuschaffen, von 3,5&#8243;-Disketten redet sowieso kein Mensch mehr. Als 1984 der erste Mac vorgestellt wurde, waren neben der grafischen Benutzeroberfl\u00e4che auch diese beiden Details radikale Neuerungen und zugleich der erste gro\u00dfe Schritt auf dem Weg zu einem einfach zu bedienenden und zugleich erschwinglichen Heimcomputer.<\/p>\n<p>Durch Zufall sind wir auf <a href=\"http:\/\/www.videoportal.sf.tv\/video?id=eea0cfd1-5418-404f-8821-c3e11b04db62\">diese Videoaufzeichnung des Schweizer Fernsehens<\/a> aus dem Oktober 1984 gesto\u00dfen. Ein Journalist stellt in der TV-Sendung &#8222;Karussell&#8220; den ersten Mac mitsamt seinen f\u00fcr die damalige Zeit bahnbrechenden technischen Details vor. Zehn Minuten nette Unterhaltung f\u00fcr zwischendurch.<br \/>\n<!--more--><\/p>\n<p><object data=\"http:\/\/www.sf.tv\/videoplayer\/embed\/eea0cfd1-5418-404f-8821-c3e11b04db62\" type=\"application\/x-shockwave-flash\" style=\"width:464px;height:279px\"><param name=\"movie\" value=\"http:\/\/www.sf.tv\/videoplayer\/embed\/eea0cfd1-5418-404f-8821-c3e11b04db62\"\/><param name=\"quality\" value=\"high\" \/><param name=\"allowFullScreen\" value=\"true\" \/><a href=\"Weltneuheit: Der \u00abMacIntosh\u00bb von Apple\" alt=\"zum Videoportal des Schweizer Fernsehens\">eea0cfd1-5418-404f-8821-c3e11b04db62<\/a><\/object><\/p>\n","protected":false},"excerpt":{"rendered":"<a href=\"https:\/\/www.ifun.de\/retro-prasentation-des-ersten-mac-im-schweizer-fernsehen-9646\/\"><img width=\"150\" height=\"150\" src=\"https:\/\/images.ifun.de\/wp-content\/uploads\/2011\/02\/mac_sf-150x150.jpg\" class=\"alignright tfe wp-post-image\" alt=\"\" decoding=\"async\" loading=\"lazy\" \/><\/a><p>Heute wird bereits wieder dar\u00fcber diskutiert die Maus abzuschaffen, von 3,5&#8243;-Disketten redet sowieso kein Mensch mehr. Als 1984 der erste Mac vorgestellt wurde, waren neben der grafischen Benutzeroberfl\u00e4che auch diese beiden Details radikale Neuerungen und zugleich der erste gro\u00dfe Schritt auf dem Weg zu einem einfach zu bedienenden und zugleich erschwinglichen Heimcomputer. Durch Zufall sind [&hellip;]<\/p>\n","protected":false},"author":2,"featured_media":9647,"comment_status":"open","ping_status":"closed","sticky":false,"template":"","format":"standard","meta":{"_acf_changed":false,"footnotes":""},"categories":[20],"tags":[4736,184,58,6321,63,31],"class_list":["post-9646","post","type-post","status-publish","format-standard","has-post-thumbnail","hentry","category-videos","tag-apple","tag-computer","tag-fernsehen","tag-mac","tag-retro","tag-video"],"acf":[],"aioseo_notices":[],"rest_api_enabler":[],"_links":{"self":[{"href":"https:\/\/www.ifun.de\/apiv2\/wp\/v2\/posts\/9646","targetHints":{"allow":["GET"]}}],"collection":[{"href":"https:\/\/www.ifun.de\/apiv2\/wp\/v2\/posts"}],"about":[{"href":"https:\/\/www.ifun.de\/apiv2\/wp\/v2\/types\/post"}],"author":[{"embeddable":true,"href":"https:\/\/www.ifun.de\/apiv2\/wp\/v2\/users\/2"}],"replies":[{"embeddable":true,"href":"https:\/\/www.ifun.de\/apiv2\/wp\/v2\/comments?post=9646"}],"version-history":[{"count":13,"href":"https:\/\/www.ifun.de\/apiv2\/wp\/v2\/posts\/9646\/revisions"}],"predecessor-version":[{"id":9660,"href":"https:\/\/www.ifun.de\/apiv2\/wp\/v2\/posts\/9646\/revisions\/9660"}],"wp:featuredmedia":[{"embeddable":true,"href":"https:\/\/www.ifun.de\/apiv2\/wp\/v2\/media\/9647"}],"wp:attachment":[{"href":"https:\/\/www.ifun.de\/apiv2\/wp\/v2\/media?parent=9646"}],"wp:term":[{"taxonomy":"category","embeddable":true,"href":"https:\/\/www.ifun.de\/apiv2\/wp\/v2\/categories?post=9646"},{"taxonomy":"post_tag","embeddable":true,"href":"https:\/\/www.ifun.de\/apiv2\/wp\/v2\/tags?post=9646"}],"curies":[{"name":"wp","href":"https:\/\/api.w.org\/{rel}","templated":true}]}}