{"id":96444,"date":"2016-08-19T18:11:05","date_gmt":"2016-08-19T16:11:05","guid":{"rendered":"http:\/\/www.ifun.de\/?p=96444"},"modified":"2016-08-19T19:03:53","modified_gmt":"2016-08-19T17:03:53","slug":"sonos-sub-kuenftig-auch-in-weiss-verfuegbar","status":"publish","type":"post","link":"https:\/\/www.ifun.de\/sonos-sub-kuenftig-auch-in-weiss-verfuegbar-96444\/","title":{"rendered":"Sonos Sub k\u00fcnftig auch in Wei\u00df erh\u00e4ltlich"},"content":{"rendered":"<p>Neue Produkte und Funktionen aus dem Hause Sonos erwarten wir ja erst <a href=\"http:\/\/www.iphone-ticker.de\/sonos-sprachsteuerung-und-direktwiedergabe-schon-anfang-september-100335\/\">in zwei Wochen<\/a>, ein kleines Bonbon legt uns der Hersteller allerdings schon jetzt aufs Parkett. Der drahtlose Subwoofer <a href=\"http:\/\/www.sonos.com\/de-de\/shop\/sub\">Sonos Sub<\/a> wird k\u00fcnftig auch in Wei\u00df erh\u00e4ltlich sein.<\/p>\n<p><a href=\"https:\/\/images.ifun.de\/wp-content\/uploads\/2016\/08\/sonos-sub-weiss.jpg\"><img loading=\"lazy\" decoding=\"async\" src=\"https:\/\/images.ifun.de\/wp-content\/uploads\/2016\/08\/sonos-sub-weiss.jpg\" alt=\"Sonos Sub Weiss\" width=\"500\" height=\"350\" class=\"alignnone size-full wp-image-96446\" srcset=\"https:\/\/images.ifun.de\/wp-content\/uploads\/2016\/08\/sonos-sub-weiss.jpg 500w, https:\/\/images.ifun.de\/wp-content\/uploads\/2016\/08\/sonos-sub-weiss-300x210.jpg 300w\" sizes=\"auto, (max-width: 500px) 100vw, 500px\" \/><\/a><\/p>\n<p>Premiere hatte die wei\u00dfe Version des Lautsprechers heute im Rahmen der Er\u00f6ffnung von <a href=\"http:\/\/www.kanyewest.com\/temporarystores\/\">Kanye Wests Pop-up-shop<\/a> in London. Dort kann das gute St\u00fcck bereits in den Ausstellungsr\u00e4umen besichtigt werden. Kaufinteressenten m\u00fcssen sich allerdings noch ein Weilchen gedulden, im Handel soll der wei\u00dfe Sub erst im Herbst erh\u00e4ltlich sein. Das Fehlen einer wei\u00dfen Version hat bereits zu Ideen wie dem <a href=\"https:\/\/twitter.com\/mossofbath\/status\/756440983676526592\">\u00dcberziehen mit wei\u00dfer Folie<\/a> gef\u00fchrt.<\/p>\n<p>Sonos hat den drahtlosen Subwoofer seit vier Jahren im Programm. Alternativ zum gl\u00e4nzend schwarzen Klavierlack-Design war kurzzeitig auch eine mattschwarze Variante in limitierter St\u00fcckzahl verf\u00fcgbar. Die unverbindliche Preisempfehlung liegt bei 799 Euro.<\/p>\n","protected":false},"excerpt":{"rendered":"<a href=\"https:\/\/www.ifun.de\/sonos-sub-kuenftig-auch-in-weiss-verfuegbar-96444\/\"><img width=\"150\" height=\"150\" src=\"https:\/\/images.ifun.de\/wp-content\/uploads\/2016\/08\/sonos-sub-white-150x150.jpg\" class=\"alignright tfe wp-post-image\" alt=\"Sonos Sub White\" decoding=\"async\" loading=\"lazy\" \/><\/a><p>Neue Produkte und Funktionen aus dem Hause Sonos erwarten wir ja erst in zwei Wochen, ein kleines Bonbon legt uns der Hersteller allerdings schon jetzt aufs Parkett. Der drahtlose Subwoofer Sonos Sub wird k\u00fcnftig auch in Wei\u00df erh\u00e4ltlich sein. Premiere hatte die wei\u00dfe Version des Lautsprechers heute im Rahmen der Er\u00f6ffnung von Kanye Wests Pop-up-shop [&hellip;]<\/p>\n","protected":false},"author":2,"featured_media":96447,"comment_status":"open","ping_status":"closed","sticky":false,"template":"","format":"standard","meta":{"_acf_changed":false,"footnotes":""},"categories":[22],"tags":[1068],"class_list":["post-96444","post","type-post","status-publish","format-standard","has-post-thumbnail","hentry","category-zubehor","tag-sonos"],"acf":[],"aioseo_notices":[],"featured_image":["https:\/\/images.ifun.de\/wp-content\/uploads\/2016\/08\/sonos-sub-white-1.jpg"],"rest_api_enabler":{"featured_image":"https:\/\/images.ifun.de\/wp-content\/uploads\/2016\/08\/sonos-sub-white-1.jpg"},"_links":{"self":[{"href":"https:\/\/www.ifun.de\/apiv2\/wp\/v2\/posts\/96444","targetHints":{"allow":["GET"]}}],"collection":[{"href":"https:\/\/www.ifun.de\/apiv2\/wp\/v2\/posts"}],"about":[{"href":"https:\/\/www.ifun.de\/apiv2\/wp\/v2\/types\/post"}],"author":[{"embeddable":true,"href":"https:\/\/www.ifun.de\/apiv2\/wp\/v2\/users\/2"}],"replies":[{"embeddable":true,"href":"https:\/\/www.ifun.de\/apiv2\/wp\/v2\/comments?post=96444"}],"version-history":[{"count":4,"href":"https:\/\/www.ifun.de\/apiv2\/wp\/v2\/posts\/96444\/revisions"}],"predecessor-version":[{"id":96450,"href":"https:\/\/www.ifun.de\/apiv2\/wp\/v2\/posts\/96444\/revisions\/96450"}],"wp:featuredmedia":[{"embeddable":true,"href":"https:\/\/www.ifun.de\/apiv2\/wp\/v2\/media\/96447"}],"wp:attachment":[{"href":"https:\/\/www.ifun.de\/apiv2\/wp\/v2\/media?parent=96444"}],"wp:term":[{"taxonomy":"category","embeddable":true,"href":"https:\/\/www.ifun.de\/apiv2\/wp\/v2\/categories?post=96444"},{"taxonomy":"post_tag","embeddable":true,"href":"https:\/\/www.ifun.de\/apiv2\/wp\/v2\/tags?post=96444"}],"curies":[{"name":"wp","href":"https:\/\/api.w.org\/{rel}","templated":true}]}}