{"id":96325,"date":"2016-08-17T13:31:02","date_gmt":"2016-08-17T11:31:02","guid":{"rendered":"http:\/\/www.ifun.de\/?p=96325"},"modified":"2016-08-18T19:11:11","modified_gmt":"2016-08-18T17:11:11","slug":"neue-sprachregelung-apples-filialgeschaefte-streichen-den-store-im-namen","status":"publish","type":"post","link":"https:\/\/www.ifun.de\/neue-sprachregelung-apples-filialgeschaefte-streichen-den-store-im-namen-96325\/","title":{"rendered":"Apples Filialgesch\u00e4fte streichen den &#8222;Store&#8220; im Namen"},"content":{"rendered":"<p>Ein kleiner Nachtrag zur <a href=\"http:\/\/www.ifun.de\/apple-store-world-trade-center-apples-siebtes-ladengeschaeft-auf-manhattan-96283\/\">gestern besprochenen<\/a> Er\u00f6ffnung der neuen Apple-Repr\u00e4sentanz im New Yorker World Trade Center. Zeitgleich zur <a href=\"http:\/\/www.apple.com\/newsroom\/2016\/08\/manhattans-newest-apple-store-opens-at-world-trade-center.html\">T\u00fcr\u00f6ffnung<\/a> der mit 270 Mitarbeitern besetzen Filiale hat Cupertino seine Sprachregelung im Bezug auf die hauseigenen Filialgesch\u00e4fte angepasst und verabschiedet sich vom traditionellen Zusatz &#8222;Store&#8220;. <\/p>\n<p><a href=\"https:\/\/images.ifun.de\/wp-content\/uploads\/2016\/08\/store.gif\"><img loading=\"lazy\" decoding=\"async\" src=\"https:\/\/images.ifun.de\/wp-content\/uploads\/2016\/08\/store.gif\" alt=\"Store\" width=\"500\" height=\"265\" class=\"aligncenter size-full wp-image-96326\" \/><\/a><\/p>\n<h6><a href=\"https:\/\/twitter.com\/storetellee\/status\/765856883949395968\">Animation: @storeteller<\/a><\/h6>\n<p>So adressiert Apple seinen Apple Store Amsterdam nur noch mit &#8222;Apple Amsterdam&#8220;,bezeichnet die Hauptstadt-Filiale als &#8222;Apple Kurf\u00fcrstendamm&#8220; und k\u00fcrzt eine der Pariser Locations schlicht mit &#8222;Apple Op\u00e9ra&#8220; ab.<\/p>\n<p>Keine weltbewegende Neuerung, aber eine Nuance, die den wachsenden Einfluss der neuen Retail-Chefin Angela Ahrendts sichtbar werden l\u00e4sst. Diese erkl\u00e4rt die Beweggr\u00fcnde zum neuen Branding auch gleich in nur einem Satz: <\/p>\n<blockquote><p>This is more than just a store. We want people to say, &#8218;Hey, meet me at Apple&#8216;.<\/p><\/blockquote>\n<p>Auch auf den offiziellen <a href=\"http:\/\/www.apple.com\/retail\/\">Retail-Seiten<\/a> hat Apple den bislang rund 485 mal vertretenen Zusatz &#8222;Store&#8220; ersatzlos gestrichen.<\/p>\n<p><h8><a href=\"https:\/\/www.facebook.com\/storeteller\/\">via storeteller<\/a><\/h8><\/p>\n","protected":false},"excerpt":{"rendered":"<a href=\"https:\/\/www.ifun.de\/neue-sprachregelung-apples-filialgeschaefte-streichen-den-store-im-namen-96325\/\"><img width=\"150\" height=\"150\" src=\"https:\/\/images.ifun.de\/wp-content\/uploads\/2016\/08\/apple-1-150x150.jpg\" class=\"alignright tfe wp-post-image\" alt=\"Apple\" decoding=\"async\" loading=\"lazy\" \/><\/a><p>Ein kleiner Nachtrag zur gestern besprochenen Er\u00f6ffnung der neuen Apple-Repr\u00e4sentanz im New Yorker World Trade Center. Zeitgleich zur T\u00fcr\u00f6ffnung der mit 270 Mitarbeitern besetzen Filiale hat Cupertino seine Sprachregelung im Bezug auf die hauseigenen Filialgesch\u00e4fte angepasst und verabschiedet sich vom traditionellen Zusatz &#8222;Store&#8220;. Animation: @storeteller So adressiert Apple seinen Apple Store Amsterdam nur noch mit [&hellip;]<\/p>\n","protected":false},"author":1,"featured_media":96327,"comment_status":"open","ping_status":"closed","sticky":false,"template":"","format":"standard","meta":{"_acf_changed":false,"footnotes":""},"categories":[3,1783],"tags":[4736,49],"class_list":["post-96325","post","type-post","status-publish","format-standard","has-post-thumbnail","hentry","category-apple","category-feature","tag-apple","tag-apple-store"],"acf":[],"aioseo_notices":[],"featured_image":["https:\/\/images.ifun.de\/wp-content\/uploads\/2016\/08\/apple-1.jpg"],"subheadline":["Neue Sprachregelung"],"rest_api_enabler":{"featured_image":"https:\/\/images.ifun.de\/wp-content\/uploads\/2016\/08\/apple-1.jpg","subheadline":"Neue Sprachregelung"},"_links":{"self":[{"href":"https:\/\/www.ifun.de\/apiv2\/wp\/v2\/posts\/96325","targetHints":{"allow":["GET"]}}],"collection":[{"href":"https:\/\/www.ifun.de\/apiv2\/wp\/v2\/posts"}],"about":[{"href":"https:\/\/www.ifun.de\/apiv2\/wp\/v2\/types\/post"}],"author":[{"embeddable":true,"href":"https:\/\/www.ifun.de\/apiv2\/wp\/v2\/users\/1"}],"replies":[{"embeddable":true,"href":"https:\/\/www.ifun.de\/apiv2\/wp\/v2\/comments?post=96325"}],"version-history":[{"count":4,"href":"https:\/\/www.ifun.de\/apiv2\/wp\/v2\/posts\/96325\/revisions"}],"predecessor-version":[{"id":96400,"href":"https:\/\/www.ifun.de\/apiv2\/wp\/v2\/posts\/96325\/revisions\/96400"}],"wp:featuredmedia":[{"embeddable":true,"href":"https:\/\/www.ifun.de\/apiv2\/wp\/v2\/media\/96327"}],"wp:attachment":[{"href":"https:\/\/www.ifun.de\/apiv2\/wp\/v2\/media?parent=96325"}],"wp:term":[{"taxonomy":"category","embeddable":true,"href":"https:\/\/www.ifun.de\/apiv2\/wp\/v2\/categories?post=96325"},{"taxonomy":"post_tag","embeddable":true,"href":"https:\/\/www.ifun.de\/apiv2\/wp\/v2\/tags?post=96325"}],"curies":[{"name":"wp","href":"https:\/\/api.w.org\/{rel}","templated":true}]}}