{"id":96197,"date":"2016-08-15T09:18:38","date_gmt":"2016-08-15T07:18:38","guid":{"rendered":"http:\/\/www.ifun.de\/?p=96197"},"modified":"2016-08-15T09:18:38","modified_gmt":"2016-08-15T07:18:38","slug":"zusaetzlich-zu-129-und-97-apple-plant-angeblich-ipad-pro-mit-105-zoll-bildschirm","status":"publish","type":"post","link":"https:\/\/www.ifun.de\/zusaetzlich-zu-129-und-97-apple-plant-angeblich-ipad-pro-mit-105-zoll-bildschirm-96197\/","title":{"rendered":"Zus\u00e4tzlich zu 12,9&#8243; und 9,7&#8243;: Apple plant angeblich iPad Pro mit 10,5-Zoll-Bildschirm"},"content":{"rendered":"<p>Bringt Apple ein drittes iPad Pro mit 10,5-Zoll-Bildschirm? Wenn es nach den mit ihren Prognosen bisweilen recht treffsicheren Analysten von KGI Securities geht, ist dergleichen f\u00fcr das kommende Jahr geplant. Zudem soll das erste iPad mit OLED-Bildschirm im Jahr 2018 erscheinen.<\/p>\n<p>Die Marktforscher erwarten im kommenden Jahr drei neue iPads. Neben dem neuen Modell mit 10,5-Zoll-Bildschirm sollen die zweite Generation des gro\u00dfen iPad Pro mit 12,9 Zoll Bildschirmgr\u00f6\u00dfe sowie ein g\u00fcnstigeres Modell mit 9,7 Zoll erscheinen. Letzteres soll noch auf Apples A9X-Prozessor setzen, w\u00e4hrend f\u00fcr beiden gr\u00f6\u00dferen Modelle mit der neuen Prozessorgeneration A10X ausgestattet sein sollen.<\/p>\n<p>Fehlt uns eine weitere Bildschirmgr\u00f6\u00dfe zwischen 9,7 und 12,9 Zoll? Angeblich ja. Das neue 10,5-Zoll-Format soll besonders Kunden im Business- und Bildungsmarkt ansprechen. Die Zukunft des iPad mini dagegen ist ungewiss. Es wird spekuliert, dass Apple die 7,9-Zoll-Version des iPad auslaufen l\u00e4sst, da die Nachfrage nicht zuletzt aufgrund der mittlerweile auf bis zu 5,5 Zoll Gr\u00f6\u00dfe gewachsenen iPhone-Bildschirme auslaufen l\u00e4sst.<\/p>\n<p><a href=\"https:\/\/images.ifun.de\/wp-content\/uploads\/2016\/03\/ipad-pro-vergleich.jpg\"><img loading=\"lazy\" decoding=\"async\" src=\"https:\/\/images.ifun.de\/wp-content\/uploads\/2016\/03\/ipad-pro-vergleich.jpg\" alt=\"ipad-pro-vergleich\" width=\"700\" height=\"331\" class=\"alignnone size-full wp-image-90024\" srcset=\"https:\/\/images.ifun.de\/wp-content\/uploads\/2016\/03\/ipad-pro-vergleich.jpg 700w, https:\/\/images.ifun.de\/wp-content\/uploads\/2016\/03\/ipad-pro-vergleich-300x142.jpg 300w\" sizes=\"auto, (max-width: 700px) 100vw, 700px\" \/><\/a><\/p>\n<p>Ein umfassend \u00fcberarbeitetes iPad-Modell erwarten die Analysten \u00fcbrigens nicht vor 2018. Hier soll Apple ein neues, auch \u00e4u\u00dferlich grundlegend \u00fcberarbeitetes iPad mit AMOLED-Bildschirmtechnik planen. AMOLED steht f\u00fcr speziell angesteuerte Bildschirme auf Basis organischer Leuchtdioden. Die Technik erlaubt d\u00fcnnere und auch flexible Bildschirmkonstruktionen.<\/p>\n<p><h8>Via <a href=\"http:\/\/www.macrumors.com\/2016\/08\/15\/kuo-10-5-ipad-pro-2017\/\">MacRumors<\/a><\/h8><\/p>\n","protected":false},"excerpt":{"rendered":"<a href=\"https:\/\/www.ifun.de\/zusaetzlich-zu-129-und-97-apple-plant-angeblich-ipad-pro-mit-105-zoll-bildschirm-96197\/\"><img decoding=\"async\" width=\"150\" src=\"https:\/\/images.ifun.de\/wp-content\/uploads\/2016\/03\/ipad-pro-vergleich.jpg\" class=\"alignright wp-post-image tfe\" alt=\"ipad-pro-vergleich\" title=\"\" \/><\/a><p>Bringt Apple ein drittes iPad Pro mit 10,5-Zoll-Bildschirm? Wenn es nach den mit ihren Prognosen bisweilen recht treffsicheren Analysten von KGI Securities geht, ist dergleichen f\u00fcr das kommende Jahr geplant. Zudem soll das erste iPad mit OLED-Bildschirm im Jahr 2018 erscheinen. Die Marktforscher erwarten im kommenden Jahr drei neue iPads. Neben dem neuen Modell mit [&hellip;]<\/p>\n","protected":false},"author":2,"featured_media":0,"comment_status":"open","ping_status":"closed","sticky":false,"template":"","format":"standard","meta":{"footnotes":""},"categories":[10],"tags":[4736,3910,4740,2486],"class_list":["post-96197","post","type-post","status-publish","format-standard","hentry","category-ipad","tag-apple","tag-geruechte","tag-ipad","tag-ipad-pro"],"aioseo_notices":[],"aioseo_head":"\n\t\t<!-- All in One SEO Pro 5.0.1.1 - aioseo.com -->\n\t<meta name=\"description\" content=\"Bringt Apple ein drittes iPad Pro mit 10,5-Zoll-Bildschirm? Wenn es nach den mit ihren Prognosen bisweilen recht treffsicheren Analysten von KGI Securities geht, ist dergleichen f\u00fcr das kommende Jahr geplant. Zudem soll das erste iPad mit OLED-Bildschirm im Jahr 2018 erscheinen. Die Marktforscher erwarten im kommenden Jahr drei neue iPads. Neben dem neuen Modell mit\" \/>\n\t<meta name=\"robots\" content=\"max-image-preview:large\" \/>\n\t<meta name=\"author\" content=\"Chris\"\/>\n\t<meta name=\"google-site-verification\" content=\"uH_IhWlZO-QDb51DGwVoGT_GCZmfJp98klL3XmbE3ow\" \/>\n\t<link rel=\"canonical\" href=\"https:\/\/www.ifun.de\/zusaetzlich-zu-129-und-97-apple-plant-angeblich-ipad-pro-mit-105-zoll-bildschirm-96197\/\" \/>\n\t<meta name=\"generator\" content=\"All in One SEO Pro (AIOSEO) 5.0.1.1\" \/>\n\t\t<meta property=\"og:locale\" content=\"de_DE\" \/>\n\t\t<meta property=\"og:site_name\" content=\"ifun.de | Apple-News seit 2001\" \/>\n\t\t<meta property=\"og:type\" content=\"article\" \/>\n\t\t<meta property=\"og:title\" content=\"Zus\u00e4tzlich zu 12,9\u2033 und 9,7\u2033: Apple plant angeblich iPad Pro mit 10,5-Zoll-Bildschirm | ifun.de\" \/>\n\t\t<meta property=\"og:description\" content=\"Bringt Apple ein drittes iPad Pro mit 10,5-Zoll-Bildschirm? Wenn es nach den mit ihren Prognosen bisweilen recht treffsicheren Analysten von KGI Securities geht, ist dergleichen f\u00fcr das kommende Jahr geplant. Zudem soll das erste iPad mit OLED-Bildschirm im Jahr 2018 erscheinen. Die Marktforscher erwarten im kommenden Jahr drei neue iPads. Neben dem neuen Modell mit\" \/>\n\t\t<meta property=\"og:url\" content=\"https:\/\/www.ifun.de\/zusaetzlich-zu-129-und-97-apple-plant-angeblich-ipad-pro-mit-105-zoll-bildschirm-96197\/\" \/>\n\t\t<meta property=\"og:image\" content=\"https:\/\/images.ifun.de\/wp-content\/uploads\/2016\/03\/ipad-pro-header-1.jpg\" \/>\n\t\t<meta property=\"og:image:secure_url\" content=\"https:\/\/images.ifun.de\/wp-content\/uploads\/2016\/03\/ipad-pro-header-1.jpg\" \/>\n\t\t<meta property=\"og:image:width\" content=\"960\" \/>\n\t\t<meta property=\"og:image:height\" content=\"378\" \/>\n\t\t<meta property=\"article:published_time\" content=\"2016-08-15T07:18:38+00:00\" \/>\n\t\t<meta property=\"article:modified_time\" content=\"2016-08-15T07:18:38+00:00\" \/>\n\t\t<meta property=\"article:publisher\" content=\"https:\/\/facebook.com\/ifun.de\" \/>\n\t\t<meta name=\"twitter:card\" content=\"summary_large_image\" \/>\n\t\t<meta name=\"twitter:site\" content=\"@ifun_news\" \/>\n\t\t<meta name=\"twitter:title\" content=\"Zus\u00e4tzlich zu 12,9\u2033 und 9,7\u2033: Apple plant angeblich iPad Pro mit 10,5-Zoll-Bildschirm | ifun.de\" \/>\n\t\t<meta name=\"twitter:description\" content=\"Bringt Apple ein drittes iPad Pro mit 10,5-Zoll-Bildschirm? Wenn es nach den mit ihren Prognosen bisweilen recht treffsicheren Analysten von KGI Securities geht, ist dergleichen f\u00fcr das kommende Jahr geplant. Zudem soll das erste iPad mit OLED-Bildschirm im Jahr 2018 erscheinen. Die Marktforscher erwarten im kommenden Jahr drei neue iPads. Neben dem neuen Modell mit\" \/>\n\t\t<meta name=\"twitter:creator\" content=\"@ifun_news\" \/>\n\t\t<meta name=\"twitter:image\" content=\"https:\/\/images.ifun.de\/wp-content\/uploads\/2016\/03\/ipad-pro-header-1.jpg\" \/>\n\t\t<script type=\"application\/ld+json\" class=\"aioseo-schema\">\n\t\t\t{\"@context\":\"https:\\\/\\\/schema.org\",\"@graph\":[{\"@type\":\"Article\",\"@id\":\"https:\\\/\\\/www.ifun.de\\\/zusaetzlich-zu-129-und-97-apple-plant-angeblich-ipad-pro-mit-105-zoll-bildschirm-96197\\\/#article\",\"name\":\"Zus\\u00e4tzlich zu 12,9\\u2033 und 9,7\\u2033: Apple plant angeblich iPad Pro mit 10,5-Zoll-Bildschirm | ifun.de\",\"headline\":\"Zus\\u00e4tzlich zu 12,9&#8243; und 9,7&#8243;: Apple plant angeblich iPad Pro mit 10,5-Zoll-Bildschirm\",\"author\":{\"@id\":\"https:\\\/\\\/www.ifun.de\\\/author\\\/chris\\\/#author\"},\"publisher\":{\"@id\":\"https:\\\/\\\/www.ifun.de\\\/#organization\"},\"image\":{\"@type\":\"ImageObject\",\"url\":\"https:\\\/\\\/images.ifun.de\\\/wp-content\\\/uploads\\\/2016\\\/03\\\/ipad-pro-vergleich.jpg\",\"@id\":\"https:\\\/\\\/www.ifun.de\\\/zusaetzlich-zu-129-und-97-apple-plant-angeblich-ipad-pro-mit-105-zoll-bildschirm-96197\\\/#articleImage\",\"width\":700,\"height\":331},\"datePublished\":\"2016-08-15T09:18:38+02:00\",\"dateModified\":\"2016-08-15T09:18:38+02:00\",\"inLanguage\":\"de-DE\",\"commentCount\":32,\"mainEntityOfPage\":{\"@id\":\"https:\\\/\\\/www.ifun.de\\\/zusaetzlich-zu-129-und-97-apple-plant-angeblich-ipad-pro-mit-105-zoll-bildschirm-96197\\\/#webpage\"},\"isPartOf\":{\"@id\":\"https:\\\/\\\/www.ifun.de\\\/zusaetzlich-zu-129-und-97-apple-plant-angeblich-ipad-pro-mit-105-zoll-bildschirm-96197\\\/#webpage\"},\"articleSection\":\"iPad, Apple, Ger\\u00fcchte, iPad, iPad Pro\"},{\"@type\":\"BreadcrumbList\",\"@id\":\"https:\\\/\\\/www.ifun.de\\\/zusaetzlich-zu-129-und-97-apple-plant-angeblich-ipad-pro-mit-105-zoll-bildschirm-96197\\\/#breadcrumblist\",\"itemListElement\":[{\"@type\":\"ListItem\",\"@id\":\"https:\\\/\\\/www.ifun.de#listItem\",\"position\":1,\"name\":\"Home\",\"item\":\"https:\\\/\\\/www.ifun.de\",\"nextItem\":{\"@type\":\"ListItem\",\"@id\":\"https:\\\/\\\/www.ifun.de\\\/category\\\/ipad\\\/#listItem\",\"name\":\"iPad\"}},{\"@type\":\"ListItem\",\"@id\":\"https:\\\/\\\/www.ifun.de\\\/category\\\/ipad\\\/#listItem\",\"position\":2,\"name\":\"iPad\",\"item\":\"https:\\\/\\\/www.ifun.de\\\/category\\\/ipad\\\/\",\"nextItem\":{\"@type\":\"ListItem\",\"@id\":\"https:\\\/\\\/www.ifun.de\\\/zusaetzlich-zu-129-und-97-apple-plant-angeblich-ipad-pro-mit-105-zoll-bildschirm-96197\\\/#listItem\",\"name\":\"Zus\\u00e4tzlich zu 12,9&#8243; und 9,7&#8243;: Apple plant angeblich iPad Pro mit 10,5-Zoll-Bildschirm\"},\"previousItem\":{\"@type\":\"ListItem\",\"@id\":\"https:\\\/\\\/www.ifun.de#listItem\",\"name\":\"Home\"}},{\"@type\":\"ListItem\",\"@id\":\"https:\\\/\\\/www.ifun.de\\\/zusaetzlich-zu-129-und-97-apple-plant-angeblich-ipad-pro-mit-105-zoll-bildschirm-96197\\\/#listItem\",\"position\":3,\"name\":\"Zus\\u00e4tzlich zu 12,9&#8243; und 9,7&#8243;: Apple plant angeblich iPad Pro mit 10,5-Zoll-Bildschirm\",\"previousItem\":{\"@type\":\"ListItem\",\"@id\":\"https:\\\/\\\/www.ifun.de\\\/category\\\/ipad\\\/#listItem\",\"name\":\"iPad\"}}]},{\"@type\":\"Organization\",\"@id\":\"https:\\\/\\\/www.ifun.de\\\/#organization\",\"name\":\"ifun.de\",\"description\":\"Apple-News seit 2001\",\"url\":\"https:\\\/\\\/www.ifun.de\\\/\",\"telephone\":\"+493057707123\",\"logo\":{\"@type\":\"ImageObject\",\"url\":\"https:\\\/\\\/images.ifun.de\\\/wp-content\\\/uploads\\\/2026\\\/02\\\/apple-touch-icon.png\",\"@id\":\"https:\\\/\\\/www.ifun.de\\\/zusaetzlich-zu-129-und-97-apple-plant-angeblich-ipad-pro-mit-105-zoll-bildschirm-96197\\\/#organizationLogo\",\"width\":512,\"height\":512,\"caption\":\"Apple Touch Icon\"},\"image\":{\"@id\":\"https:\\\/\\\/www.ifun.de\\\/zusaetzlich-zu-129-und-97-apple-plant-angeblich-ipad-pro-mit-105-zoll-bildschirm-96197\\\/#organizationLogo\"},\"sameAs\":[\"https:\\\/\\\/facebook.com\\\/ifun.de\",\"https:\\\/\\\/x.com\\\/ifun_news\"]},{\"@type\":\"Person\",\"@id\":\"https:\\\/\\\/www.ifun.de\\\/author\\\/chris\\\/#author\",\"url\":\"https:\\\/\\\/www.ifun.de\\\/author\\\/chris\\\/\",\"name\":\"Chris\"},{\"@type\":\"WebPage\",\"@id\":\"https:\\\/\\\/www.ifun.de\\\/zusaetzlich-zu-129-und-97-apple-plant-angeblich-ipad-pro-mit-105-zoll-bildschirm-96197\\\/#webpage\",\"url\":\"https:\\\/\\\/www.ifun.de\\\/zusaetzlich-zu-129-und-97-apple-plant-angeblich-ipad-pro-mit-105-zoll-bildschirm-96197\\\/\",\"name\":\"Zus\\u00e4tzlich zu 12,9\\u2033 und 9,7\\u2033: Apple plant angeblich iPad Pro mit 10,5-Zoll-Bildschirm | ifun.de\",\"description\":\"Bringt Apple ein drittes iPad Pro mit 10,5-Zoll-Bildschirm? Wenn es nach den mit ihren Prognosen bisweilen recht treffsicheren Analysten von KGI Securities geht, ist dergleichen f\\u00fcr das kommende Jahr geplant. Zudem soll das erste iPad mit OLED-Bildschirm im Jahr 2018 erscheinen. Die Marktforscher erwarten im kommenden Jahr drei neue iPads. Neben dem neuen Modell mit\",\"inLanguage\":\"de-DE\",\"isPartOf\":{\"@id\":\"https:\\\/\\\/www.ifun.de\\\/#website\"},\"breadcrumb\":{\"@id\":\"https:\\\/\\\/www.ifun.de\\\/zusaetzlich-zu-129-und-97-apple-plant-angeblich-ipad-pro-mit-105-zoll-bildschirm-96197\\\/#breadcrumblist\"},\"author\":{\"@id\":\"https:\\\/\\\/www.ifun.de\\\/author\\\/chris\\\/#author\"},\"creator\":{\"@id\":\"https:\\\/\\\/www.ifun.de\\\/author\\\/chris\\\/#author\"},\"datePublished\":\"2016-08-15T09:18:38+02:00\",\"dateModified\":\"2016-08-15T09:18:38+02:00\"},{\"@type\":\"WebSite\",\"@id\":\"https:\\\/\\\/www.ifun.de\\\/#website\",\"url\":\"https:\\\/\\\/www.ifun.de\\\/\",\"name\":\"ifun.de\",\"description\":\"Apple-News seit 2001\",\"inLanguage\":\"de-DE\",\"publisher\":{\"@id\":\"https:\\\/\\\/www.ifun.de\\\/#organization\"}}]}\n\t\t<\/script>\n\t\t<!-- All in One SEO Pro -->\r\n\t\t<title>Zus\u00e4tzlich zu 12,9\u2033 und 9,7\u2033: Apple plant angeblich iPad Pro mit 10,5-Zoll-Bildschirm | ifun.de<\/title>\n\n","aioseo_head_json":{"title":"Zus\u00e4tzlich zu 12,9\u2033 und 9,7\u2033: Apple plant angeblich iPad Pro mit 10,5-Zoll-Bildschirm | ifun.de","description":"Bringt Apple ein drittes iPad Pro mit 10,5-Zoll-Bildschirm? Wenn es nach den mit ihren Prognosen bisweilen recht treffsicheren Analysten von KGI Securities geht, ist dergleichen f\u00fcr das kommende Jahr geplant. Zudem soll das erste iPad mit OLED-Bildschirm im Jahr 2018 erscheinen. Die Marktforscher erwarten im kommenden Jahr drei neue iPads. Neben dem neuen Modell mit","canonical_url":"https:\/\/www.ifun.de\/zusaetzlich-zu-129-und-97-apple-plant-angeblich-ipad-pro-mit-105-zoll-bildschirm-96197\/","robots":"max-image-preview:large","keywords":"","webmasterTools":{"google-site-verification":"uH_IhWlZO-QDb51DGwVoGT_GCZmfJp98klL3XmbE3ow","miscellaneous":""},"schema":{"@context":"https:\/\/schema.org","@graph":[{"@type":"Article","@id":"https:\/\/www.ifun.de\/zusaetzlich-zu-129-und-97-apple-plant-angeblich-ipad-pro-mit-105-zoll-bildschirm-96197\/#article","name":"Zus\u00e4tzlich zu 12,9\u2033 und 9,7\u2033: Apple plant angeblich iPad Pro mit 10,5-Zoll-Bildschirm | ifun.de","headline":"Zus\u00e4tzlich zu 12,9&#8243; und 9,7&#8243;: Apple plant angeblich iPad Pro mit 10,5-Zoll-Bildschirm","author":{"@id":"https:\/\/www.ifun.de\/author\/chris\/#author"},"publisher":{"@id":"https:\/\/www.ifun.de\/#organization"},"image":{"@type":"ImageObject","url":"https:\/\/images.ifun.de\/wp-content\/uploads\/2016\/03\/ipad-pro-vergleich.jpg","@id":"https:\/\/www.ifun.de\/zusaetzlich-zu-129-und-97-apple-plant-angeblich-ipad-pro-mit-105-zoll-bildschirm-96197\/#articleImage","width":700,"height":331},"datePublished":"2016-08-15T09:18:38+02:00","dateModified":"2016-08-15T09:18:38+02:00","inLanguage":"de-DE","commentCount":32,"mainEntityOfPage":{"@id":"https:\/\/www.ifun.de\/zusaetzlich-zu-129-und-97-apple-plant-angeblich-ipad-pro-mit-105-zoll-bildschirm-96197\/#webpage"},"isPartOf":{"@id":"https:\/\/www.ifun.de\/zusaetzlich-zu-129-und-97-apple-plant-angeblich-ipad-pro-mit-105-zoll-bildschirm-96197\/#webpage"},"articleSection":"iPad, Apple, Ger\u00fcchte, iPad, iPad Pro"},{"@type":"BreadcrumbList","@id":"https:\/\/www.ifun.de\/zusaetzlich-zu-129-und-97-apple-plant-angeblich-ipad-pro-mit-105-zoll-bildschirm-96197\/#breadcrumblist","itemListElement":[{"@type":"ListItem","@id":"https:\/\/www.ifun.de#listItem","position":1,"name":"Home","item":"https:\/\/www.ifun.de","nextItem":{"@type":"ListItem","@id":"https:\/\/www.ifun.de\/category\/ipad\/#listItem","name":"iPad"}},{"@type":"ListItem","@id":"https:\/\/www.ifun.de\/category\/ipad\/#listItem","position":2,"name":"iPad","item":"https:\/\/www.ifun.de\/category\/ipad\/","nextItem":{"@type":"ListItem","@id":"https:\/\/www.ifun.de\/zusaetzlich-zu-129-und-97-apple-plant-angeblich-ipad-pro-mit-105-zoll-bildschirm-96197\/#listItem","name":"Zus\u00e4tzlich zu 12,9&#8243; und 9,7&#8243;: Apple plant angeblich iPad Pro mit 10,5-Zoll-Bildschirm"},"previousItem":{"@type":"ListItem","@id":"https:\/\/www.ifun.de#listItem","name":"Home"}},{"@type":"ListItem","@id":"https:\/\/www.ifun.de\/zusaetzlich-zu-129-und-97-apple-plant-angeblich-ipad-pro-mit-105-zoll-bildschirm-96197\/#listItem","position":3,"name":"Zus\u00e4tzlich zu 12,9&#8243; und 9,7&#8243;: Apple plant angeblich iPad Pro mit 10,5-Zoll-Bildschirm","previousItem":{"@type":"ListItem","@id":"https:\/\/www.ifun.de\/category\/ipad\/#listItem","name":"iPad"}}]},{"@type":"Organization","@id":"https:\/\/www.ifun.de\/#organization","name":"ifun.de","description":"Apple-News seit 2001","url":"https:\/\/www.ifun.de\/","telephone":"+493057707123","logo":{"@type":"ImageObject","url":"https:\/\/images.ifun.de\/wp-content\/uploads\/2026\/02\/apple-touch-icon.png","@id":"https:\/\/www.ifun.de\/zusaetzlich-zu-129-und-97-apple-plant-angeblich-ipad-pro-mit-105-zoll-bildschirm-96197\/#organizationLogo","width":512,"height":512,"caption":"Apple Touch Icon"},"image":{"@id":"https:\/\/www.ifun.de\/zusaetzlich-zu-129-und-97-apple-plant-angeblich-ipad-pro-mit-105-zoll-bildschirm-96197\/#organizationLogo"},"sameAs":["https:\/\/facebook.com\/ifun.de","https:\/\/x.com\/ifun_news"]},{"@type":"Person","@id":"https:\/\/www.ifun.de\/author\/chris\/#author","url":"https:\/\/www.ifun.de\/author\/chris\/","name":"Chris"},{"@type":"WebPage","@id":"https:\/\/www.ifun.de\/zusaetzlich-zu-129-und-97-apple-plant-angeblich-ipad-pro-mit-105-zoll-bildschirm-96197\/#webpage","url":"https:\/\/www.ifun.de\/zusaetzlich-zu-129-und-97-apple-plant-angeblich-ipad-pro-mit-105-zoll-bildschirm-96197\/","name":"Zus\u00e4tzlich zu 12,9\u2033 und 9,7\u2033: Apple plant angeblich iPad Pro mit 10,5-Zoll-Bildschirm | ifun.de","description":"Bringt Apple ein drittes iPad Pro mit 10,5-Zoll-Bildschirm? Wenn es nach den mit ihren Prognosen bisweilen recht treffsicheren Analysten von KGI Securities geht, ist dergleichen f\u00fcr das kommende Jahr geplant. Zudem soll das erste iPad mit OLED-Bildschirm im Jahr 2018 erscheinen. Die Marktforscher erwarten im kommenden Jahr drei neue iPads. Neben dem neuen Modell mit","inLanguage":"de-DE","isPartOf":{"@id":"https:\/\/www.ifun.de\/#website"},"breadcrumb":{"@id":"https:\/\/www.ifun.de\/zusaetzlich-zu-129-und-97-apple-plant-angeblich-ipad-pro-mit-105-zoll-bildschirm-96197\/#breadcrumblist"},"author":{"@id":"https:\/\/www.ifun.de\/author\/chris\/#author"},"creator":{"@id":"https:\/\/www.ifun.de\/author\/chris\/#author"},"datePublished":"2016-08-15T09:18:38+02:00","dateModified":"2016-08-15T09:18:38+02:00"},{"@type":"WebSite","@id":"https:\/\/www.ifun.de\/#website","url":"https:\/\/www.ifun.de\/","name":"ifun.de","description":"Apple-News seit 2001","inLanguage":"de-DE","publisher":{"@id":"https:\/\/www.ifun.de\/#organization"}}]},"og:locale":"de_DE","og:site_name":"ifun.de | Apple-News seit 2001","og:type":"article","og:title":"Zus\u00e4tzlich zu 12,9\u2033 und 9,7\u2033: Apple plant angeblich iPad Pro mit 10,5-Zoll-Bildschirm | ifun.de","og:description":"Bringt Apple ein drittes iPad Pro mit 10,5-Zoll-Bildschirm? Wenn es nach den mit ihren Prognosen bisweilen recht treffsicheren Analysten von KGI Securities geht, ist dergleichen f\u00fcr das kommende Jahr geplant. Zudem soll das erste iPad mit OLED-Bildschirm im Jahr 2018 erscheinen. Die Marktforscher erwarten im kommenden Jahr drei neue iPads. Neben dem neuen Modell mit","og:url":"https:\/\/www.ifun.de\/zusaetzlich-zu-129-und-97-apple-plant-angeblich-ipad-pro-mit-105-zoll-bildschirm-96197\/","og:image":"https:\/\/images.ifun.de\/wp-content\/uploads\/2016\/03\/ipad-pro-header-1.jpg","og:image:secure_url":"https:\/\/images.ifun.de\/wp-content\/uploads\/2016\/03\/ipad-pro-header-1.jpg","og:image:width":960,"og:image:height":378,"article:published_time":"2016-08-15T07:18:38+00:00","article:modified_time":"2016-08-15T07:18:38+00:00","article:publisher":"https:\/\/facebook.com\/ifun.de","twitter:card":"summary_large_image","twitter:site":"@ifun_news","twitter:title":"Zus\u00e4tzlich zu 12,9\u2033 und 9,7\u2033: Apple plant angeblich iPad Pro mit 10,5-Zoll-Bildschirm | ifun.de","twitter:description":"Bringt Apple ein drittes iPad Pro mit 10,5-Zoll-Bildschirm? Wenn es nach den mit ihren Prognosen bisweilen recht treffsicheren Analysten von KGI Securities geht, ist dergleichen f\u00fcr das kommende Jahr geplant. Zudem soll das erste iPad mit OLED-Bildschirm im Jahr 2018 erscheinen. Die Marktforscher erwarten im kommenden Jahr drei neue iPads. Neben dem neuen Modell mit","twitter:creator":"@ifun_news","twitter:image":"https:\/\/images.ifun.de\/wp-content\/uploads\/2016\/03\/ipad-pro-header-1.jpg"},"aioseo_meta_data":{"post_id":"96197","title":null,"description":null,"keywords":null,"keyphrases":null,"primary_term":null,"canonical_url":null,"og_title":null,"og_description":null,"og_object_type":"default","og_image_type":"default","og_image_url":null,"og_image_width":null,"og_image_height":null,"og_image_custom_url":null,"og_image_custom_fields":null,"og_video":null,"og_custom_url":null,"og_article_section":null,"og_article_tags":null,"twitter_use_og":false,"twitter_card":"default","twitter_image_type":"default","twitter_image_url":null,"twitter_image_custom_url":null,"twitter_image_custom_fields":null,"twitter_title":null,"twitter_description":null,"schema":{"blockGraphs":[],"customGraphs":[],"default":{"data":{"Article":[],"Course":[],"Dataset":[],"FAQPage":[],"Movie":[],"Person":[],"Product":[],"ProductReview":[],"Car":[],"Recipe":[],"Service":[],"SoftwareApplication":[],"WebPage":[]},"graphName":"Article","isEnabled":true},"graphs":[]},"schema_type":"default","schema_type_options":null,"pillar_content":false,"robots_default":true,"robots_noindex":false,"robots_noarchive":false,"robots_nosnippet":false,"robots_nofollow":false,"robots_noimageindex":false,"robots_noodp":false,"robots_notranslate":false,"robots_max_snippet":null,"robots_max_videopreview":null,"robots_max_imagepreview":"large","priority":null,"frequency":null,"local_seo":null,"seo_analyzer_scan_date":null,"breadcrumb_settings":null,"limit_modified_date":false,"reviewed_by":null,"open_ai":null,"ai":null,"created":"2026-02-23 16:27:42","updated":"2026-02-23 16:27:42","focus_keyword":null,"additional_keywords":null,"truseo_locale":null},"aioseo_breadcrumb":"<div class=\"aioseo-breadcrumbs\"><span class=\"aioseo-breadcrumb\">\n\t<a href=\"https:\/\/www.ifun.de\" title=\"Home\">Home<\/a>\n<\/span><span class=\"aioseo-breadcrumb-separator\">\u00bb<\/span><span class=\"aioseo-breadcrumb\">\n\t<a href=\"https:\/\/www.ifun.de\/category\/ipad\/\" title=\"iPad\">iPad<\/a>\n<\/span><span class=\"aioseo-breadcrumb-separator\">\u00bb<\/span><span class=\"aioseo-breadcrumb\">\n\tZus\u00e4tzlich zu 12,9\u2033 und 9,7\u2033: Apple plant angeblich iPad Pro mit 10,5-Zoll-Bildschirm\n<\/span><\/div>","aioseo_breadcrumb_json":[{"label":"Home","link":"https:\/\/www.ifun.de"},{"label":"iPad","link":"https:\/\/www.ifun.de\/category\/ipad\/"},{"label":"Zus\u00e4tzlich zu 12,9&#8243; und 9,7&#8243;: Apple plant angeblich iPad Pro mit 10,5-Zoll-Bildschirm","link":"https:\/\/www.ifun.de\/zusaetzlich-zu-129-und-97-apple-plant-angeblich-ipad-pro-mit-105-zoll-bildschirm-96197\/"}],"featured_image":["https:\/\/images.ifun.de\/wp-content\/uploads\/2016\/03\/ipad-pro-header-1.jpg"],"rest_api_enabler":{"featured_image":"https:\/\/images.ifun.de\/wp-content\/uploads\/2016\/03\/ipad-pro-header-1.jpg"},"_links":{"self":[{"href":"https:\/\/www.ifun.de\/apiv2\/wp\/v2\/posts\/96197","targetHints":{"allow":["GET"]}}],"collection":[{"href":"https:\/\/www.ifun.de\/apiv2\/wp\/v2\/posts"}],"about":[{"href":"https:\/\/www.ifun.de\/apiv2\/wp\/v2\/types\/post"}],"author":[{"embeddable":true,"href":"https:\/\/www.ifun.de\/apiv2\/wp\/v2\/users\/2"}],"replies":[{"embeddable":true,"href":"https:\/\/www.ifun.de\/apiv2\/wp\/v2\/comments?post=96197"}],"version-history":[{"count":2,"href":"https:\/\/www.ifun.de\/apiv2\/wp\/v2\/posts\/96197\/revisions"}],"predecessor-version":[{"id":96199,"href":"https:\/\/www.ifun.de\/apiv2\/wp\/v2\/posts\/96197\/revisions\/96199"}],"wp:attachment":[{"href":"https:\/\/www.ifun.de\/apiv2\/wp\/v2\/media?parent=96197"}],"wp:term":[{"taxonomy":"category","embeddable":true,"href":"https:\/\/www.ifun.de\/apiv2\/wp\/v2\/categories?post=96197"},{"taxonomy":"post_tag","embeddable":true,"href":"https:\/\/www.ifun.de\/apiv2\/wp\/v2\/tags?post=96197"}],"curies":[{"name":"wp","href":"https:\/\/api.w.org\/{rel}","templated":true}]}}