{"id":96050,"date":"2016-08-10T16:26:06","date_gmt":"2016-08-10T14:26:06","guid":{"rendered":"http:\/\/www.ifun.de\/?p=96050"},"modified":"2016-08-11T07:36:50","modified_gmt":"2016-08-11T05:36:50","slug":"macbook-pro-2012-apple-faehrt-stilles-austausch-programm","status":"publish","type":"post","link":"https:\/\/www.ifun.de\/macbook-pro-2012-apple-faehrt-stilles-austausch-programm-96050\/","title":{"rendered":"MacBook Pro 2012: Apple f\u00e4hrt stilles Austausch-Programm"},"content":{"rendered":"<p>Wer es schafft, sich auf Apples weit verzweigter Homepage bis hin zur Anzeige der aktiven Austausch- und Reparaturprogramme zu navigieren, z\u00e4hlt derzeit 13 noch laufenden <a href=\"https:\/\/www.apple.com\/de\/support\/exchange_repair\/\">Service-Programme<\/a>.<\/p>\n<p><a href=\"https:\/\/images.ifun.de\/wp-content\/uploads\/2016\/08\/macbook-fehler.jpg\"><img loading=\"lazy\" decoding=\"async\" class=\"aligncenter size-full wp-image-96051\" src=\"https:\/\/images.ifun.de\/wp-content\/uploads\/2016\/08\/macbook-fehler.jpg\" alt=\"Macbook Fehler\" width=\"500\" height=\"281\" srcset=\"https:\/\/images.ifun.de\/wp-content\/uploads\/2016\/08\/macbook-fehler.jpg 500w, https:\/\/images.ifun.de\/wp-content\/uploads\/2016\/08\/macbook-fehler-300x169.jpg 300w\" sizes=\"auto, (max-width: 500px) 100vw, 500px\" \/><\/a><\/p>\n<p>Neben dem Austauschprogramm f\u00fcr <a href=\"http:\/\/www.ifun.de\/apple-austauschprogramm-usb-c-ladekabel-beim-macbook-12-teils-defekt-88484\/\">das USB-C-Ladekabel<\/a> von Apple, dem Austauschprogramm f\u00fcr die 3-TB-Festplatte des 27-Zoll iMac und der <a href=\"http:\/\/www.iphone-ticker.de\/rueckrufaktion-apples-stecker-austausch-verlaeuft-problemlos-92369\/\">R\u00fcckruf-Aktion<\/a> f\u00fcr die Netzteilstecker von Apple taucht auch das MacBook Pro in der Liste auf.<\/p>\n<p>Dieses ist jedoch nur mit dem MacBook Pro <a href=\"http:\/\/www.ifun.de\/apple-verlaengert-reparaturprogramm-fuer-macbooks-mit-grafikproblemen-88718\/\">Reparaturerweiterungsprogramm<\/a> f\u00fcr Videoprobleme vertreten &#8211; dabei bietet Apple ein weiteres Austausch-Programm an. Dar\u00fcber informiert das Systemhaus Haus &amp; Gross, ein Apple-autorisierter Premium Service Provider.<\/p>\n<p><a href=\"https:\/\/images.ifun.de\/wp-content\/uploads\/2016\/08\/austausch.jpg\"><img loading=\"lazy\" decoding=\"async\" class=\"aligncenter size-full wp-image-96052\" src=\"https:\/\/images.ifun.de\/wp-content\/uploads\/2016\/08\/austausch.jpg\" alt=\"Austausch\" width=\"700\" height=\"481\" srcset=\"https:\/\/images.ifun.de\/wp-content\/uploads\/2016\/08\/austausch.jpg 700w, https:\/\/images.ifun.de\/wp-content\/uploads\/2016\/08\/austausch-300x206.jpg 300w\" sizes=\"auto, (max-width: 700px) 100vw, 700px\" \/><\/a><\/p>\n<h2>Apple tauscht Festplattenkabel im MacBook Pro<\/h2>\n<p>Nach Angaben des Service-Partners hat Apple Anfang Juli damit begonnen die kostenlose Reparatur des Festplattenflexkabels zu autorisieren. Bei den Modellen kann es durch die vordere Festplattenhalterung zu Ausf\u00e4llen des Festplattenflexkabels kommen, die zu einem Startfehler f\u00fchren.<\/p>\n<blockquote><p>Apple hat uns informiert, dass vor dem 26. Januar 2016 hergestellte MacBook Pro-Modelle (<a href=\"https:\/\/support.apple.com\/kb\/SP649?locale=de_DE\">13&#8243;, Mitte 2012<\/a>) f\u00fcr eine kostenlose Reparatur des Festplattenflexkabels (auch bekannt als vordere Festplattenhalterung) infrage kommen. Apple autorisiert daf\u00fcr eine dreij\u00e4hrige Abdeckung ab dem urspr\u00fcnglichen Kaufdatum bzw. bis zum 10. Juni 2017.<\/p><\/blockquote>\n<p>Der Service-Partner <a href=\"http:\/\/www.hausgross-it.de\/news_detail.php?id=182\">weist darauf hin<\/a>, dass ausschlie\u00dflich 13-Zoll MacBook Pro-Modelle mit Laufwerk und ohne Retina-Display betroffen sind.<\/p>\n<p>Danke Michael!<\/p>\n","protected":false},"excerpt":{"rendered":"<a href=\"https:\/\/www.ifun.de\/macbook-pro-2012-apple-faehrt-stilles-austausch-programm-96050\/\"><img width=\"150\" height=\"150\" src=\"https:\/\/images.ifun.de\/wp-content\/uploads\/2016\/08\/austausch-150x150.jpg\" class=\"alignright tfe wp-post-image\" alt=\"Austausch\" decoding=\"async\" loading=\"lazy\" \/><\/a><p>Wer es schafft, sich auf Apples weit verzweigter Homepage bis hin zur Anzeige der aktiven Austausch- und Reparaturprogramme zu navigieren, z\u00e4hlt derzeit 13 noch laufenden Service-Programme. Neben dem Austauschprogramm f\u00fcr das USB-C-Ladekabel von Apple, dem Austauschprogramm f\u00fcr die 3-TB-Festplatte des 27-Zoll iMac und der R\u00fcckruf-Aktion f\u00fcr die Netzteilstecker von Apple taucht auch das MacBook Pro [&hellip;]<\/p>\n","protected":false},"author":1,"featured_media":96052,"comment_status":"open","ping_status":"closed","sticky":false,"template":"","format":"standard","meta":{"_acf_changed":false,"footnotes":""},"categories":[3,1783],"tags":[4736,224],"class_list":["post-96050","post","type-post","status-publish","format-standard","has-post-thumbnail","hentry","category-apple","category-feature","tag-apple","tag-macbook-pro"],"acf":[],"aioseo_notices":[],"featured_image":["https:\/\/images.ifun.de\/wp-content\/uploads\/2015\/02\/Grafikproblem-macbook.jpg"],"rest_api_enabler":{"featured_image":"https:\/\/images.ifun.de\/wp-content\/uploads\/2015\/02\/Grafikproblem-macbook.jpg"},"_links":{"self":[{"href":"https:\/\/www.ifun.de\/apiv2\/wp\/v2\/posts\/96050","targetHints":{"allow":["GET"]}}],"collection":[{"href":"https:\/\/www.ifun.de\/apiv2\/wp\/v2\/posts"}],"about":[{"href":"https:\/\/www.ifun.de\/apiv2\/wp\/v2\/types\/post"}],"author":[{"embeddable":true,"href":"https:\/\/www.ifun.de\/apiv2\/wp\/v2\/users\/1"}],"replies":[{"embeddable":true,"href":"https:\/\/www.ifun.de\/apiv2\/wp\/v2\/comments?post=96050"}],"version-history":[{"count":7,"href":"https:\/\/www.ifun.de\/apiv2\/wp\/v2\/posts\/96050\/revisions"}],"predecessor-version":[{"id":96067,"href":"https:\/\/www.ifun.de\/apiv2\/wp\/v2\/posts\/96050\/revisions\/96067"}],"wp:featuredmedia":[{"embeddable":true,"href":"https:\/\/www.ifun.de\/apiv2\/wp\/v2\/media\/96052"}],"wp:attachment":[{"href":"https:\/\/www.ifun.de\/apiv2\/wp\/v2\/media?parent=96050"}],"wp:term":[{"taxonomy":"category","embeddable":true,"href":"https:\/\/www.ifun.de\/apiv2\/wp\/v2\/categories?post=96050"},{"taxonomy":"post_tag","embeddable":true,"href":"https:\/\/www.ifun.de\/apiv2\/wp\/v2\/tags?post=96050"}],"curies":[{"name":"wp","href":"https:\/\/api.w.org\/{rel}","templated":true}]}}