{"id":95964,"date":"2016-08-09T08:36:25","date_gmt":"2016-08-09T06:36:25","guid":{"rendered":"http:\/\/www.ifun.de\/?p=95964"},"modified":"2016-08-09T11:40:25","modified_gmt":"2016-08-09T09:40:25","slug":"macbook-pro-2016-touchid-im-anaus-schalter-versteckt","status":"publish","type":"post","link":"https:\/\/www.ifun.de\/macbook-pro-2016-touchid-im-anaus-schalter-versteckt-95964\/","title":{"rendered":"MacBook Pro 2016: TouchID im An\/Aus-Schalter versteckt?"},"content":{"rendered":"<p>Mac-Nutzer, deren Rechner sich aktuell aus dem Betriebszustand verabschieden, sind nicht nur wegen der dann einsetzenden Backup-Panik zu bemitleiden. Wer beruflich auf seine Maschine angewiesen ist und sich die Tage mit einem Diebstahl, einem Wasserschaden oder einem Display-Bruch herumschlagen muss, kann sich eigentlich auch keine Ersatz-Maschine kaufen. <\/p>\n<p><a href=\"https:\/\/images.ifun.de\/wp-content\/uploads\/2016\/06\/macbook-pro-oled-funktionstasten.jpg\"><img loading=\"lazy\" decoding=\"async\" src=\"https:\/\/images.ifun.de\/wp-content\/uploads\/2016\/06\/macbook-pro-oled-funktionstasten.jpg\" alt=\"Macbook Pro Oled Funktionstasten\" width=\"500\" height=\"315\" class=\"aligncenter size-full wp-image-93543\" srcset=\"https:\/\/images.ifun.de\/wp-content\/uploads\/2016\/06\/macbook-pro-oled-funktionstasten.jpg 500w, https:\/\/images.ifun.de\/wp-content\/uploads\/2016\/06\/macbook-pro-oled-funktionstasten-300x189.jpg 300w\" sizes=\"auto, (max-width: 500px) 100vw, 500px\" \/><\/a><\/p>\n<p>Mit Ausnahme des neuen (1-Port-) MacBooks, sind fast alle Apple-Rechner schon so lange am Markt, dass eine Neuanschaffung zum zumeist unver\u00e4nderten Einf\u00fchrungspreis tunlichst vermieden werden sollte. Das aktuelle Retina MacBook Pro wird seit fast 450 Tagen angeboten, das MacBook Air wurde seit 500 Tagen nicht mehr \u00fcberarbeitet und der Mac Mini steuert auf die Schnapszahl von 666 Tagen ohne Hardware-Verbesserungen entgegen &#8211; bereits am Samstag ist es so weit.<\/p>\n<p>Kurzum: Apples MacBooks schreien nach einer Aktualisierung. Diese k\u00f6nnte zusammen mit der iPhone-Vorstellung auf dem September-Event Apples bekanntgegeben werden. Ger\u00fcchte, das MacBook Pro k\u00f6nnte dann mit einer neuen OLED-Leiste ausgestattet sein, die die Funktionstasten des Apple-Rechners in eine ber\u00fchrungsempfindliche, dynamische Anzeige \u00fcberf\u00fchrt, kursieren ja <a href=\"http:\/\/www.ifun.de\/so-koennte-das-macbook-pro-mit-oled-leiste-aussehen-93541\/\">schon seit Mai<\/a>. <\/p>\n<p><a href=\"https:\/\/images.ifun.de\/wp-content\/uploads\/2016\/06\/macbook-pro-oled-transmission.jpg\"><img loading=\"lazy\" decoding=\"async\" src=\"https:\/\/images.ifun.de\/wp-content\/uploads\/2016\/06\/macbook-pro-oled-transmission.jpg\" alt=\"Macbook Pro Oled Transmission\" width=\"700\" height=\"394\" class=\"aligncenter size-full wp-image-93545\" srcset=\"https:\/\/images.ifun.de\/wp-content\/uploads\/2016\/06\/macbook-pro-oled-transmission.jpg 700w, https:\/\/images.ifun.de\/wp-content\/uploads\/2016\/06\/macbook-pro-oled-transmission-300x169.jpg 300w\" sizes=\"auto, (max-width: 700px) 100vw, 700px\" \/><\/a><\/p>\n<p>Nun <a href=\"http:\/\/9to5mac.com\/2016\/08\/08\/new-macbooks-expected-to-feature-touch-id-power-button-as-well-as-oled-touch-panel\/\">erg\u00e4nzt<\/a> Ben Lovejoy: Auch die Integration des vom iPhone bekannten &#8222;Touch ID&#8220; Fingerabdruck-Scanners ist vorgesehen. Dieser soll in den An\/Aus-Schalter der neuen Modelle integriert sein und wird wohl weitgehend &#8211; wie <a href=\"http:\/\/www.iphone-ticker.de\/bericht-unterstreicht-iphone-7-ohne-homebutton-mechanik-100096\/\">auch beim iPhone 7<\/a> &#8211; auf mechanische Komponenten verzichten.<\/p>\n<p>Das neue MacBook Pro wird mit macOS Sierra Apple Pay-Zahlungen \u00fcber Safari anbieten, soll mit einem (zus\u00e4tzlichen) USB-C-Port ausgestattet sein und k\u00f6nnte erstmals auf den MagSafe-Stromanschluss verzichten. <\/p>\n","protected":false},"excerpt":{"rendered":"<a href=\"https:\/\/www.ifun.de\/macbook-pro-2016-touchid-im-anaus-schalter-versteckt-95964\/\"><img decoding=\"async\" width=\"150\" src=\"https:\/\/images.ifun.de\/wp-content\/uploads\/2016\/06\/macbook-pro-oled-funktionstasten.jpg\" class=\"alignright wp-post-image tfe\" alt=\"Macbook Pro Oled Funktionstasten\" title=\"\" \/><\/a><p>Mac-Nutzer, deren Rechner sich aktuell aus dem Betriebszustand verabschieden, sind nicht nur wegen der dann einsetzenden Backup-Panik zu bemitleiden. Wer beruflich auf seine Maschine angewiesen ist und sich die Tage mit einem Diebstahl, einem Wasserschaden oder einem Display-Bruch herumschlagen muss, kann sich eigentlich auch keine Ersatz-Maschine kaufen. Mit Ausnahme des neuen (1-Port-) MacBooks, sind fast [&hellip;]<\/p>\n","protected":false},"author":1,"featured_media":0,"comment_status":"open","ping_status":"closed","sticky":false,"template":"","format":"standard","meta":{"_acf_changed":false,"footnotes":""},"categories":[16,1783],"tags":[4736,6321,6322,2354],"class_list":["post-95964","post","type-post","status-publish","format-standard","hentry","category-mac","category-feature","tag-apple","tag-mac","tag-rumors","tag-touch-id"],"acf":[],"aioseo_notices":[],"featured_image":["https:\/\/images.ifun.de\/wp-content\/uploads\/2016\/06\/macbook-pro-oled-spotify.jpg"],"rest_api_enabler":{"featured_image":"https:\/\/images.ifun.de\/wp-content\/uploads\/2016\/06\/macbook-pro-oled-spotify.jpg"},"_links":{"self":[{"href":"https:\/\/www.ifun.de\/apiv2\/wp\/v2\/posts\/95964","targetHints":{"allow":["GET"]}}],"collection":[{"href":"https:\/\/www.ifun.de\/apiv2\/wp\/v2\/posts"}],"about":[{"href":"https:\/\/www.ifun.de\/apiv2\/wp\/v2\/types\/post"}],"author":[{"embeddable":true,"href":"https:\/\/www.ifun.de\/apiv2\/wp\/v2\/users\/1"}],"replies":[{"embeddable":true,"href":"https:\/\/www.ifun.de\/apiv2\/wp\/v2\/comments?post=95964"}],"version-history":[{"count":2,"href":"https:\/\/www.ifun.de\/apiv2\/wp\/v2\/posts\/95964\/revisions"}],"predecessor-version":[{"id":95966,"href":"https:\/\/www.ifun.de\/apiv2\/wp\/v2\/posts\/95964\/revisions\/95966"}],"wp:attachment":[{"href":"https:\/\/www.ifun.de\/apiv2\/wp\/v2\/media?parent=95964"}],"wp:term":[{"taxonomy":"category","embeddable":true,"href":"https:\/\/www.ifun.de\/apiv2\/wp\/v2\/categories?post=95964"},{"taxonomy":"post_tag","embeddable":true,"href":"https:\/\/www.ifun.de\/apiv2\/wp\/v2\/tags?post=95964"}],"curies":[{"name":"wp","href":"https:\/\/api.w.org\/{rel}","templated":true}]}}