{"id":95896,"date":"2016-08-05T16:10:11","date_gmt":"2016-08-05T14:10:11","guid":{"rendered":"http:\/\/www.ifun.de\/?p=95896"},"modified":"2016-08-05T16:13:48","modified_gmt":"2016-08-05T14:13:48","slug":"video-update-die-baufortschritte-der-neuen-apple-zentrale","status":"publish","type":"post","link":"https:\/\/www.ifun.de\/video-update-die-baufortschritte-der-neuen-apple-zentrale-95896\/","title":{"rendered":"Video-Update: Die Baufortschritte der neuen Apple-Zentrale"},"content":{"rendered":"<p>Der <a href=\"http:\/\/www.ifun.de\/neue-drohnen-videos-vom-apple-campus-2-90665\/\">Tradition verpflichtet<\/a> versorgt uns Matthew Roberts auch zu Beginn des Monats August wieder mit neuen Luftaufnahmen des Apple Campus 2.<\/p>\n<p><a href=\"http:\/\/images.ifun.de\/wp-content\/uploads\/2014\/08\/campus-500.jpg\"><img loading=\"lazy\" decoding=\"async\" src=\"http:\/\/images.ifun.de\/wp-content\/uploads\/2014\/08\/campus-500.jpg\" alt=\"campus-500\" width=\"500\" height=\"306\" class=\"aligncenter size-full wp-image-65453\" srcset=\"https:\/\/images.ifun.de\/wp-content\/uploads\/2014\/08\/campus-500.jpg 500w, https:\/\/images.ifun.de\/wp-content\/uploads\/2014\/08\/campus-500-300x183.jpg 300w\" sizes=\"auto, (max-width: 500px) 100vw, 500px\" \/><\/a><\/p>\n<h6>So sah es im August 2014 aus<\/h6>\n<p>Die Bauarbeiten an Apples neuer Firmenzentrale im kalifornischen Cupertino schreiten weiterhin mit eindrucksvoller Geschwindigkeit voran. Die aktuellen Eckdaten:<\/p>\n<ul>\n<li>Auf dem Dach des Hauptgeb\u00e4udes wurden fast alle Solarzellen sowie Heizungselemente montiert.<\/li>\n<li>Die Parkh\u00e4user f\u00fcr 11.000 Fahrzeuge sind bereits weit vorangeschritten und ebenfalls mit Solarzellen belegt.<\/li>\n<li>Der unterirdische Veranstaltungssaal wird abgedeckt. Das aus Kohlefaser gefertigte Dach wiegt 80 Tonnen.<\/li>\n<li>Das getrennt vom Hauptkomplex liegenden Geb\u00e4ude f\u00fcr Forschung und Entwicklung sowie f\u00fcr das Fitness-Center f\u00fcr Mitarbeiter nehmen ebenfalls Form an.<\/li>\n<li>Die Zufahrtstunnel werden mit Erde bedeckt.<\/li>\n<\/ul>\n<p>Der Apple Campus 2 wird in unmittelbarer N\u00e4he der derzeitigen Apple-Zentrale im kalifornischen Cupertino gebaut. Mit dem Bezug der ersten B\u00fcros wird Anfang n\u00e4chsten Jahres gerechnet.<\/p>\n<h2>Apple Campus 2: August 2016<\/h2>\n<p><div class=\"responsive-video\"><iframe loading=\"lazy\" width=\"700\" height=\"371\" src=\"https:\/\/www.youtube-nocookie.com\/embed\/1F6PFRxvu_0\" frameborder=\"0\" allowfullscreen><\/iframe><\/div><\/p>\n","protected":false},"excerpt":{"rendered":"<a href=\"https:\/\/www.ifun.de\/video-update-die-baufortschritte-der-neuen-apple-zentrale-95896\/\"><img width=\"150\" height=\"150\" src=\"https:\/\/images.ifun.de\/wp-content\/uploads\/2016\/08\/campus-150x150.jpg\" class=\"alignright tfe wp-post-image\" alt=\"Campus\" decoding=\"async\" loading=\"lazy\" \/><\/a><p>Der Tradition verpflichtet versorgt uns Matthew Roberts auch zu Beginn des Monats August wieder mit neuen Luftaufnahmen des Apple Campus 2. So sah es im August 2014 aus Die Bauarbeiten an Apples neuer Firmenzentrale im kalifornischen Cupertino schreiten weiterhin mit eindrucksvoller Geschwindigkeit voran. Die aktuellen Eckdaten: Auf dem Dach des Hauptgeb\u00e4udes wurden fast alle Solarzellen [&hellip;]<\/p>\n","protected":false},"author":1,"featured_media":95899,"comment_status":"open","ping_status":"closed","sticky":false,"template":"","format":"standard","meta":{"_acf_changed":false,"footnotes":""},"categories":[3],"tags":[4736,2490,31],"class_list":["post-95896","post","type-post","status-publish","format-standard","has-post-thumbnail","hentry","category-apple","tag-apple","tag-raumschiff","tag-video"],"acf":[],"aioseo_notices":[],"featured_image":["http:\/\/images.ifun.de\/wp-content\/uploads\/2016\/08\/campus.jpg"],"rest_api_enabler":{"featured_image":"http:\/\/images.ifun.de\/wp-content\/uploads\/2016\/08\/campus.jpg"},"_links":{"self":[{"href":"https:\/\/www.ifun.de\/apiv2\/wp\/v2\/posts\/95896","targetHints":{"allow":["GET"]}}],"collection":[{"href":"https:\/\/www.ifun.de\/apiv2\/wp\/v2\/posts"}],"about":[{"href":"https:\/\/www.ifun.de\/apiv2\/wp\/v2\/types\/post"}],"author":[{"embeddable":true,"href":"https:\/\/www.ifun.de\/apiv2\/wp\/v2\/users\/1"}],"replies":[{"embeddable":true,"href":"https:\/\/www.ifun.de\/apiv2\/wp\/v2\/comments?post=95896"}],"version-history":[{"count":3,"href":"https:\/\/www.ifun.de\/apiv2\/wp\/v2\/posts\/95896\/revisions"}],"predecessor-version":[{"id":100796,"href":"https:\/\/www.ifun.de\/apiv2\/wp\/v2\/posts\/95896\/revisions\/100796"}],"wp:featuredmedia":[{"embeddable":true,"href":"https:\/\/www.ifun.de\/apiv2\/wp\/v2\/media\/95899"}],"wp:attachment":[{"href":"https:\/\/www.ifun.de\/apiv2\/wp\/v2\/media?parent=95896"}],"wp:term":[{"taxonomy":"category","embeddable":true,"href":"https:\/\/www.ifun.de\/apiv2\/wp\/v2\/categories?post=95896"},{"taxonomy":"post_tag","embeddable":true,"href":"https:\/\/www.ifun.de\/apiv2\/wp\/v2\/tags?post=95896"}],"curies":[{"name":"wp","href":"https:\/\/api.w.org\/{rel}","templated":true}]}}