{"id":95712,"date":"2016-08-02T17:09:03","date_gmt":"2016-08-02T15:09:03","guid":{"rendered":"http:\/\/www.ifun.de\/?p=95712"},"modified":"2016-08-02T17:40:36","modified_gmt":"2016-08-02T15:40:36","slug":"prime-video-bringt-ash-vs-evil-dead-nach-deutschland","status":"publish","type":"post","link":"https:\/\/www.ifun.de\/prime-video-bringt-ash-vs-evil-dead-nach-deutschland-95712\/","title":{"rendered":"Prime Video bringt &#8222;Ash vs. Evil Dead&#8220; nach Deutschland"},"content":{"rendered":"<p>Der Hinweis aus Amazons Presseabteilung, <a rel=\"noindex, nofollow\" href=\"https:\/\/www.amazon.de\/Prime-Instant-Video\/b\/ref=as_li_ss_tl?node=3279204031&#038;linkCode=sl2&#038;tag=musicweb02&#038;linkId=f79653571b8a64285de57153988e668c\">Prime Video<\/a> w\u00fcrde ab September auch die amerikanische Starz-Produktion &#8222;Ash vs. Evil Dead&#8220; in Deutschland anbieten, w\u00e4re fast an uns vorbeigerutscht &#8211; w\u00fcrde Bruce Campbell nicht die Hauptrolle in der Comedy-Horror-Serie besetzen. <\/p>\n<p><a href=\"http:\/\/images.ifun.de\/wp-content\/uploads\/2016\/08\/evil.jpg\"><img loading=\"lazy\" decoding=\"async\" src=\"http:\/\/images.ifun.de\/wp-content\/uploads\/2016\/08\/evil.jpg\" alt=\"Evil\" width=\"500\" height=\"332\" class=\"aligncenter size-full wp-image-95713\" srcset=\"https:\/\/images.ifun.de\/wp-content\/uploads\/2016\/08\/evil.jpg 500w, https:\/\/images.ifun.de\/wp-content\/uploads\/2016\/08\/evil-300x199.jpg 300w\" sizes=\"auto, (max-width: 500px) 100vw, 500px\" \/><\/a><\/p>\n<p>So allerdings m\u00fcssen wir die heute ausgegebene Info zum baldigen Start der B-Serien-Ausstrahlung aufgreifen &#8211; Campbell ist immer sehenswert. <\/p>\n<p>Der aus Fargo, Burn Notice und Tanz der Teufel bekannte 58-j\u00e4hrige kehrt in der Serienadaption des Kult-Horrorfilms &#8222;The Evil Dead&#8220; ab dem 1. September auf euren (Rechner-)Bildschirm zur\u00fcck. <\/p>\n<p>Initial werden alle zehn Episoden der ersten Staffel in englischer Originalversion und deutscher Synchronfassung exklusiv f\u00fcr Prime-Kunden in Deutschland verf\u00fcgbar sein. Die zweite Staffel wird im Laufe des Jahres folgen.<\/p>\n<blockquote><p>Ash (Campbell) ist Lagerarbeiter, alternder Sch\u00fcrzenj\u00e4ger und D\u00e4monenj\u00e4ger \u2013 mit einer Kettens\u00e4ge statt einer Hand. Die letzten 30 Jahre hat er sich davor gedr\u00fcckt, Verantwortung zu \u00fcbernehmen, erwachsen zu werden und gegen das B\u00f6se vorzugehen. Als eine d\u00e4monische Plage die Menschheit auszul\u00f6schen droht, ist Ash jedoch gezwungen, sich seinen D\u00e4monen zu stellen \u2013 im wahrsten Sinne des Wortes. Doch das Schicksal scheint den ungew\u00f6hnlichen Helden nicht aus den b\u00f6sen F\u00e4ngen befreien zu wollen.<\/p><\/blockquote>\n<div id=\"article-single-app-preview\">\n<div id=\"article-single-app-preview-icon\"><img loading=\"lazy\" decoding=\"async\" src=\"https:\/\/www.ifun.de\/wp-content\/plugins\/appstore-lookup\/timthumb.php?src=http:\/\/placekitten.com\/57\/57&zc=0&amp;w=72&amp;q=80\"  alt=\"App Icon\"  height=\"72\" width=\"72\" class=\"asl-icon-img\" \/><\/div>\n<div id=\"article-single-app-preview-desc\"><span class=\"name\">App Not Found<\/span><br \/>\n<span class=\"seller\">Seller Not Found<\/span><\/div>\n<a href=\"http:\/\/www.ifun.de\/app\/457830447\"><div id=\"article-single-app-preview-download\">Free<br \/>\n<span class=\"size\">19.73MB<\/span><\/div><\/a>\n<\/div>\n<h2>Trailer: &#8222;Ash vs. Evil Dead&#8220;<\/h2>\n<p><div class=\"responsive-video\"><iframe loading=\"lazy\" width=\"700\" height=\"371\" src=\"http:\/\/www.youtube-nocookie.com\/embed\/LdRyAVsWVJ0\" frameborder=\"0\" allowfullscreen><\/iframe><\/div><\/p>\n","protected":false},"excerpt":{"rendered":"<a href=\"https:\/\/www.ifun.de\/prime-video-bringt-ash-vs-evil-dead-nach-deutschland-95712\/\"><img width=\"150\" height=\"150\" src=\"https:\/\/images.ifun.de\/wp-content\/uploads\/2016\/08\/ash-150x150.jpg\" class=\"alignright tfe wp-post-image\" alt=\"Ash\" decoding=\"async\" loading=\"lazy\" \/><\/a><p>Der Hinweis aus Amazons Presseabteilung, Prime Video w\u00fcrde ab September auch die amerikanische Starz-Produktion &#8222;Ash vs. Evil Dead&#8220; in Deutschland anbieten, w\u00e4re fast an uns vorbeigerutscht &#8211; w\u00fcrde Bruce Campbell nicht die Hauptrolle in der Comedy-Horror-Serie besetzen. So allerdings m\u00fcssen wir die heute ausgegebene Info zum baldigen Start der B-Serien-Ausstrahlung aufgreifen &#8211; Campbell ist immer [&hellip;]<\/p>\n","protected":false},"author":1,"featured_media":95714,"comment_status":"open","ping_status":"closed","sticky":false,"template":"","format":"standard","meta":{"_acf_changed":false,"footnotes":""},"categories":[20],"tags":[3135,125,31],"class_list":["post-95712","post","type-post","status-publish","format-standard","has-post-thumbnail","hentry","category-videos","tag-prime-video","tag-tipp","tag-video"],"acf":[],"aioseo_notices":[],"featured_image":["http:\/\/images.ifun.de\/wp-content\/uploads\/2016\/08\/ash.jpg"],"rest_api_enabler":{"featured_image":"http:\/\/images.ifun.de\/wp-content\/uploads\/2016\/08\/ash.jpg"},"_links":{"self":[{"href":"https:\/\/www.ifun.de\/apiv2\/wp\/v2\/posts\/95712","targetHints":{"allow":["GET"]}}],"collection":[{"href":"https:\/\/www.ifun.de\/apiv2\/wp\/v2\/posts"}],"about":[{"href":"https:\/\/www.ifun.de\/apiv2\/wp\/v2\/types\/post"}],"author":[{"embeddable":true,"href":"https:\/\/www.ifun.de\/apiv2\/wp\/v2\/users\/1"}],"replies":[{"embeddable":true,"href":"https:\/\/www.ifun.de\/apiv2\/wp\/v2\/comments?post=95712"}],"version-history":[{"count":2,"href":"https:\/\/www.ifun.de\/apiv2\/wp\/v2\/posts\/95712\/revisions"}],"predecessor-version":[{"id":95716,"href":"https:\/\/www.ifun.de\/apiv2\/wp\/v2\/posts\/95712\/revisions\/95716"}],"wp:featuredmedia":[{"embeddable":true,"href":"https:\/\/www.ifun.de\/apiv2\/wp\/v2\/media\/95714"}],"wp:attachment":[{"href":"https:\/\/www.ifun.de\/apiv2\/wp\/v2\/media?parent=95712"}],"wp:term":[{"taxonomy":"category","embeddable":true,"href":"https:\/\/www.ifun.de\/apiv2\/wp\/v2\/categories?post=95712"},{"taxonomy":"post_tag","embeddable":true,"href":"https:\/\/www.ifun.de\/apiv2\/wp\/v2\/tags?post=95712"}],"curies":[{"name":"wp","href":"https:\/\/api.w.org\/{rel}","templated":true}]}}