{"id":95478,"date":"2016-07-28T07:41:30","date_gmt":"2016-07-28T05:41:30","guid":{"rendered":"http:\/\/www.ifun.de\/?p=95478"},"modified":"2016-07-28T18:34:35","modified_gmt":"2016-07-28T16:34:35","slug":"bleibt-das-macbookair-geruechte-sehen-neues-modell-mit-usb-c","status":"publish","type":"post","link":"https:\/\/www.ifun.de\/bleibt-das-macbookair-geruechte-sehen-neues-modell-mit-usb-c-95478\/","title":{"rendered":"Bleibt das MacBookAir? Ger\u00fcchte sehen neues Modell mit USB-C"},"content":{"rendered":"<p>Kommt ein neues MacBook Air mit USB-C? Sollte Apple das kompakte Notebook fortf\u00fchren, muss man von dieser Annahme ausgehen. Nicht nur, weil kaum anzunehmen ist, dass Apple den Anschlusstyp als Exot ausschlie\u00dflich beim 12-Zoll-MacBook verwendet, sondern auch weil die Kombination aus Thunderbolt 3 und USB-C ein vielversprechender Standard ist. Intel hat Thunderbolt 3 vor einem Jahr <a href=\"http:\/\/www.ifun.de\/schnittstellen-mashup-thunderbolt-setzt-in-zukunft-auf-usb-c-stecker-77521\/\">vorgestellt<\/a>, die neue Generation der Schnittstelle setzt auf Stecker und Buchsen im USB-C-Format und erlaubt gleicherma\u00dfen die Verwendung von Thunderbolt- und USB-Ger\u00e4ten.<\/p>\n<p><a href=\"http:\/\/images.ifun.de\/wp-content\/uploads\/2013\/06\/macbookair1.jpg\"><img loading=\"lazy\" decoding=\"async\" src=\"http:\/\/images.ifun.de\/wp-content\/uploads\/2013\/06\/macbookair1.jpg\" alt=\"macbookair\" width=\"500\" height=\"170\" class=\"alignnone size-full wp-image-41780\" srcset=\"https:\/\/images.ifun.de\/wp-content\/uploads\/2013\/06\/macbookair1.jpg 500w, https:\/\/images.ifun.de\/wp-content\/uploads\/2013\/06\/macbookair1-300x102.jpg 300w\" sizes=\"auto, (max-width: 500px) 100vw, 500px\" \/><\/a><\/p>\n<p>W\u00e4hrend sich die Ger\u00fcchtek\u00f6che darin einig sind, dass ein \u00fcberarbeitetes MacBook Pro &#8211; wom\u00f6glich mit <a href=\"http:\/\/www.ifun.de\/macbook-pro-konfigurierbare-funktionstasten-waeren-eine-attraktive-neuerung-93362\/\">Touch-Funktionsleiste<\/a> &#8211; nicht vor Herbst zu erwarten ist, sehen Spekulationen regelm\u00e4\u00dfig auch die fr\u00fchere Markteinf\u00fchrung eines \u00fcberarbeiteten MacBook Air. Urspr\u00fcngliche Ger\u00fcchte hatten das mittlerweile verstrichene zweite Quartal genannt, aktuelle Meldungen aus der Zuliefererszene verzichten nun komplett auf die Nennung eines Zeitrahmens, best\u00e4tigen aber Apples bestreben, ein MacBook Air mit USB-C-Anschluss auszuliefern.<\/p>\n<blockquote>\n<p>Currently, Apple has decided to adopt the USB Type-C interface for its MacBook Air, while Asustek Computer and Hewlett-Packard (HP) are upgrading one of their notebooks&#39; regular USB port to the Type-C. Lenovo, Acer and Dell are still evaluating the option. (<a href=\"http:\/\/www.digitimes.com\/news\/a20160726PD206.html\" title=\"DigiTimes\">DigiTimes<\/a> via <a href=\"http:\/\/www.macrumors.com\/2016\/07\/27\/macbook-air-usb-c-ports-digitimes\/\">MacRumors<\/a>)<\/p>\n<\/blockquote>\n<p>Wir nehmen jedenfalls nicht an, dass Apple beim MacBook Air die Anschl\u00fcsse ebenso radikal reduziert wir beim 12-Zoll-MacBook. Vielmehr wird das Notebook mehrere Anschl\u00fcsse und vermutlich neben dem neuen USB-C (mit Thunderbolt?) auch noch \u00fcber eine oder zwei klassische USB-A-Buchsen verf\u00fcgen.<\/p>\n<p>Einig sind wir uns vermutlich alle darin. In Sachen Apple-Notebooks muss sich dieses Jahr noch einiges tun. Au\u00dfer dem im April \u00fcberarbeiteten MacBook warten steht bei allen Ger\u00e4ten eine Aktualisierung l\u00e4ngst an. Spannend wird in diesem Zusammenhang tats\u00e4chlich, wie Apple sich im Notebook-Bereich k\u00fcnftig positioniert. Bei der Annahme, dass das MacBook Pro noch ein St\u00fcck d\u00fcnner wird, bleibt zwischen dem 12-Zoll-MacBook und dem MacBook Pro bald kein Platz mehr f\u00fcr das MacBook Air als zus\u00e4tzliches Modell.<img loading=\"lazy\" decoding=\"async\" src=\"http:\/\/vg08.met.vgwort.de\/na\/60ac920c670845efb6cf642dbf80320e\" width=\"1\" height=\"1\" class=\"tracking\"><\/p>\n","protected":false},"excerpt":{"rendered":"<a href=\"https:\/\/www.ifun.de\/bleibt-das-macbookair-geruechte-sehen-neues-modell-mit-usb-c-95478\/\"><img decoding=\"async\" width=\"150\" src=\"http:\/\/images.ifun.de\/wp-content\/uploads\/2013\/06\/macbookair1.jpg\" class=\"alignright wp-post-image tfe\" alt=\"macbookair\" title=\"\" \/><\/a><p>Kommt ein neues MacBook Air mit USB-C? Sollte Apple das kompakte Notebook fortf\u00fchren, muss man von dieser Annahme ausgehen. Nicht nur, weil kaum anzunehmen ist, dass Apple den Anschlusstyp als Exot ausschlie\u00dflich beim 12-Zoll-MacBook verwendet, sondern auch weil die Kombination aus Thunderbolt 3 und USB-C ein vielversprechender Standard ist. Intel hat Thunderbolt 3 vor einem [&hellip;]<\/p>\n","protected":false},"author":2,"featured_media":0,"comment_status":"open","ping_status":"closed","sticky":false,"template":"","format":"standard","meta":{"_acf_changed":false,"footnotes":""},"categories":[18,1783],"tags":[344,2650],"class_list":["post-95478","post","type-post","status-publish","format-standard","hentry","category-rumors","category-feature","tag-macbook-air","tag-usb-c"],"acf":[],"aioseo_notices":[],"featured_image":["http:\/\/images.ifun.de\/wp-content\/uploads\/2015\/01\/macbook-air-header.jpg"],"rest_api_enabler":{"featured_image":"http:\/\/images.ifun.de\/wp-content\/uploads\/2015\/01\/macbook-air-header.jpg"},"_links":{"self":[{"href":"https:\/\/www.ifun.de\/apiv2\/wp\/v2\/posts\/95478","targetHints":{"allow":["GET"]}}],"collection":[{"href":"https:\/\/www.ifun.de\/apiv2\/wp\/v2\/posts"}],"about":[{"href":"https:\/\/www.ifun.de\/apiv2\/wp\/v2\/types\/post"}],"author":[{"embeddable":true,"href":"https:\/\/www.ifun.de\/apiv2\/wp\/v2\/users\/2"}],"replies":[{"embeddable":true,"href":"https:\/\/www.ifun.de\/apiv2\/wp\/v2\/comments?post=95478"}],"version-history":[{"count":5,"href":"https:\/\/www.ifun.de\/apiv2\/wp\/v2\/posts\/95478\/revisions"}],"predecessor-version":[{"id":95488,"href":"https:\/\/www.ifun.de\/apiv2\/wp\/v2\/posts\/95478\/revisions\/95488"}],"wp:attachment":[{"href":"https:\/\/www.ifun.de\/apiv2\/wp\/v2\/media?parent=95478"}],"wp:term":[{"taxonomy":"category","embeddable":true,"href":"https:\/\/www.ifun.de\/apiv2\/wp\/v2\/categories?post=95478"},{"taxonomy":"post_tag","embeddable":true,"href":"https:\/\/www.ifun.de\/apiv2\/wp\/v2\/tags?post=95478"}],"curies":[{"name":"wp","href":"https:\/\/api.w.org\/{rel}","templated":true}]}}