{"id":95348,"date":"2016-07-25T18:20:09","date_gmt":"2016-07-25T16:20:09","guid":{"rendered":"http:\/\/www.ifun.de\/?p=95348"},"modified":"2016-07-25T18:20:09","modified_gmt":"2016-07-25T16:20:09","slug":"apple-auto-ehemaliger-mac-hardwarechef-soll-projekt-titan-uebernehmen","status":"publish","type":"post","link":"https:\/\/www.ifun.de\/apple-auto-ehemaliger-mac-hardwarechef-soll-projekt-titan-uebernehmen-95348\/","title":{"rendered":"Apple-Auto: Ehemaliger Mac-Hardwarechef soll &#8222;Projekt Titan&#8220; \u00fcbernehmen"},"content":{"rendered":"<p>Bob Mansfield, ehemals Leiter der Mac-Hardware-Entwicklung, soll dem Vernehmen nach die Leitung von Apples Automobil-Projekt \u00fcbernehmen. Einem Bericht des <a href=\"http:\/\/www.wsj.com\/articles\/apple-taps-bob-mansfield-to-oversee-car-project-1469458580\">Wall Street Journal<\/a> zufolge wurde Mansfield eigens hierf\u00fcr aus dem Ruhestand zur\u00fcckbeordert.<\/p>\n<p><a href=\"http:\/\/images.ifun.de\/wp-content\/uploads\/2016\/07\/bob-mansfield-apple.jpg\"><img loading=\"lazy\" decoding=\"async\" src=\"http:\/\/images.ifun.de\/wp-content\/uploads\/2016\/07\/bob-mansfield-apple.jpg\" alt=\"Bob Mansfield Apple\" width=\"500\" height=\"375\" class=\"alignnone size-full wp-image-95350\" srcset=\"https:\/\/images.ifun.de\/wp-content\/uploads\/2016\/07\/bob-mansfield-apple.jpg 500w, https:\/\/images.ifun.de\/wp-content\/uploads\/2016\/07\/bob-mansfield-apple-300x225.jpg 300w\" sizes=\"auto, (max-width: 500px) 100vw, 500px\" \/><\/a><\/p>\n<p>Von Apple gibt es diesbez\u00fcglich selbstverst\u00e4ndlich keine Best\u00e4tigung, allerdings wird berichtet, dass mehrere mit Apples \u201eProject Titan\u201c genanntem Geheimprojekt befasste Mitarbeiter nun Mansfield gegen\u00fcber Rechenschaft ablegen. Mansfield genie\u00dft bis heute hohes Ansehen im Unternehmen und war w\u00e4hrend Zeiten von Steve Jobs f\u00fcr eine Reihe namhafter Hardware-Projekte verantwortlich.<\/p>\n<blockquote>\n<p>Until recently, Mr. Mansfield\u2014who, along with design chief Jony Ive, was one of the few executives to appear in Apple\u2019s carefully-crafted product announcement videos\u2014had all but retreated from the company aside from the occasional visit, these people said. Earlier this month, employees at Apple noticed in the company directory that all the senior managers on the car project were now reporting to Mr. Mansfield, they said. (via <a href=\"http:\/\/www.macrumors.com\/2016\/07\/25\/apple-car-bob-mansfield\/\">MacRumors<\/a>)<\/p>\n<\/blockquote>\n<p>Die Ger\u00fcchte rund um ein Apple-Auto rei\u00dfen seit Monaten nicht ab. Konkrete Hinweise dahingehend, ob Apple tats\u00e4chlich die Produktion eines eigenen PKW plant oder sich lediglich st\u00e4rker im Zubeh\u00f6r- und Ausstattungsbereich engagieren will, stehen weiterhin aus. Letzte Woche erst machten <a href=\"http:\/\/www.ifun.de\/1-jahr-verspaetung-apple-auto-kommt-angeblich-erst-2021-95236\/\" title=\"1 Jahr Versp\u00e4tung? Apple-Auto kommt angeblich erst 2021\">Ger\u00fcchte<\/a> die Runde, denen zufolge Apple tats\u00e4chlich ein eigenes Auto plant, die Markteinf\u00fchrung sich allerdings um ein Jahr nach hinten verschoben habe.<\/p>\n","protected":false},"excerpt":{"rendered":"<a href=\"https:\/\/www.ifun.de\/apple-auto-ehemaliger-mac-hardwarechef-soll-projekt-titan-uebernehmen-95348\/\"><img width=\"150\" height=\"150\" src=\"https:\/\/images.ifun.de\/wp-content\/uploads\/2016\/07\/bob-mansfield-apple-150x150.jpg\" class=\"alignright tfe wp-post-image\" alt=\"Bob Mansfield Apple\" decoding=\"async\" loading=\"lazy\" \/><\/a><p>Bob Mansfield, ehemals Leiter der Mac-Hardware-Entwicklung, soll dem Vernehmen nach die Leitung von Apples Automobil-Projekt \u00fcbernehmen. Einem Bericht des Wall Street Journal zufolge wurde Mansfield eigens hierf\u00fcr aus dem Ruhestand zur\u00fcckbeordert. Von Apple gibt es diesbez\u00fcglich selbstverst\u00e4ndlich keine Best\u00e4tigung, allerdings wird berichtet, dass mehrere mit Apples \u201eProject Titan\u201c genanntem Geheimprojekt befasste Mitarbeiter nun Mansfield gegen\u00fcber [&hellip;]<\/p>\n","protected":false},"author":2,"featured_media":95350,"comment_status":"open","ping_status":"closed","sticky":false,"template":"","format":"standard","meta":{"_acf_changed":false,"footnotes":""},"categories":[1],"tags":[2632],"class_list":["post-95348","post","type-post","status-publish","format-standard","has-post-thumbnail","hentry","category-news","tag-apple-auto"],"acf":[],"aioseo_notices":[],"featured_image":["http:\/\/images.ifun.de\/wp-content\/uploads\/2016\/05\/apple-firmenschild-cupertino.jpg"],"rest_api_enabler":{"featured_image":"http:\/\/images.ifun.de\/wp-content\/uploads\/2016\/05\/apple-firmenschild-cupertino.jpg"},"_links":{"self":[{"href":"https:\/\/www.ifun.de\/apiv2\/wp\/v2\/posts\/95348","targetHints":{"allow":["GET"]}}],"collection":[{"href":"https:\/\/www.ifun.de\/apiv2\/wp\/v2\/posts"}],"about":[{"href":"https:\/\/www.ifun.de\/apiv2\/wp\/v2\/types\/post"}],"author":[{"embeddable":true,"href":"https:\/\/www.ifun.de\/apiv2\/wp\/v2\/users\/2"}],"replies":[{"embeddable":true,"href":"https:\/\/www.ifun.de\/apiv2\/wp\/v2\/comments?post=95348"}],"version-history":[{"count":2,"href":"https:\/\/www.ifun.de\/apiv2\/wp\/v2\/posts\/95348\/revisions"}],"predecessor-version":[{"id":95351,"href":"https:\/\/www.ifun.de\/apiv2\/wp\/v2\/posts\/95348\/revisions\/95351"}],"wp:featuredmedia":[{"embeddable":true,"href":"https:\/\/www.ifun.de\/apiv2\/wp\/v2\/media\/95350"}],"wp:attachment":[{"href":"https:\/\/www.ifun.de\/apiv2\/wp\/v2\/media?parent=95348"}],"wp:term":[{"taxonomy":"category","embeddable":true,"href":"https:\/\/www.ifun.de\/apiv2\/wp\/v2\/categories?post=95348"},{"taxonomy":"post_tag","embeddable":true,"href":"https:\/\/www.ifun.de\/apiv2\/wp\/v2\/tags?post=95348"}],"curies":[{"name":"wp","href":"https:\/\/api.w.org\/{rel}","templated":true}]}}