{"id":94777,"date":"2016-07-10T09:46:02","date_gmt":"2016-07-10T07:46:02","guid":{"rendered":"http:\/\/www.ifun.de\/?p=94777"},"modified":"2016-07-11T08:36:51","modified_gmt":"2016-07-11T06:36:51","slug":"apple-store-stuttgart-soll-2017-im-dorotheen-quartier-eroeffnen","status":"publish","type":"post","link":"https:\/\/www.ifun.de\/apple-store-stuttgart-soll-2017-im-dorotheen-quartier-eroeffnen-94777\/","title":{"rendered":"Apple Store Stuttgart soll 2017 im &#8222;Dorotheen Quartier&#8220; er\u00f6ffnen"},"content":{"rendered":"<p>Stuttgart bekommt seinen City-Apple-Store voraussichtlich im Fr\u00fchjahr 2017 im <a href=\"http:\/\/dorotheen-quartier.de\">Dorotheen Quartier<\/a>, einem neuen Einkaufszentrum in zentraler Lage zwischen Breuninger, Markthalle und Karlsplatz. Bislang fehlt der baden-w\u00fcrttembergischen Landeshauptstadt ja eine zentrale Apple-Dependance, die teils als \u201eStuttgarter Apple Store\u201c titulierte Niederlassung in Sindelfingen liegt 20 Kilometer au\u00dferhalb.<\/p>\n<p>Das Handelsunternehmen Breuninger baut als &#8222;Dorotheen Quartier&#8220; drei Gesch\u00e4ftsh\u00e4user, die einen Mix aus Gastronomie, ausgew\u00e4hlten Gesch\u00e4ften und \u201eexquisiten Flagship-Stores\u201c beherbergen. Die zentrale Lage mit gro\u00dfer Ladenfront zum Karlsplatz passt hervorragend in Apples Store-Konzept.<\/p>\n<p><a href=\"http:\/\/images.ifun.de\/wp-content\/uploads\/2016\/07\/dorotheen-quartier.jpg\"><img loading=\"lazy\" decoding=\"async\" src=\"http:\/\/images.ifun.de\/wp-content\/uploads\/2016\/07\/dorotheen-quartier.jpg\" alt=\"Dorotheen Quartier\" width=\"700\" height=\"392\" class=\"alignnone size-full wp-image-94783\" srcset=\"https:\/\/images.ifun.de\/wp-content\/uploads\/2016\/07\/dorotheen-quartier.jpg 700w, https:\/\/images.ifun.de\/wp-content\/uploads\/2016\/07\/dorotheen-quartier-300x168.jpg 300w\" sizes=\"auto, (max-width: 700px) 100vw, 700px\" \/><\/a><\/p>\n<h6>(Bild: EKZ Grundst\u00fccksverwaltung GmbH &#038; Co. KG)<\/h6>\n<p>Die Er\u00f6ffnung des neuen Einkaufszentrums war urspr\u00fcnglich f\u00fcr Herbst 2016 geplant und wurde auf Anfang 2017 verschoben. Offenbar haben die ersten Apple-Mitarbeiter bereits Vertr\u00e4ge f\u00fcr den neuen Store unterschrieben. Offiziell bietet Apple derzeit keine Stellen f\u00fcr Stuttgart direkt, sondern nur f\u00fcr den Standpunkt Sindelfingen an. Unseren Informationen zufolge l\u00e4uft die Vorauswahl von Mitarbeitern bislang \u00fcber bestehende Apple-Ladengesch\u00e4fte, insbesondere den Store Sindelfingen.<\/p>\n","protected":false},"excerpt":{"rendered":"<a href=\"https:\/\/www.ifun.de\/apple-store-stuttgart-soll-2017-im-dorotheen-quartier-eroeffnen-94777\/\"><img width=\"150\" height=\"150\" src=\"https:\/\/images.ifun.de\/wp-content\/uploads\/2016\/07\/dorotheen-quartier-150x150.jpg\" class=\"alignright tfe wp-post-image\" alt=\"Dorotheen Quartier\" decoding=\"async\" loading=\"lazy\" \/><\/a><p>Stuttgart bekommt seinen City-Apple-Store voraussichtlich im Fr\u00fchjahr 2017 im Dorotheen Quartier, einem neuen Einkaufszentrum in zentraler Lage zwischen Breuninger, Markthalle und Karlsplatz. Bislang fehlt der baden-w\u00fcrttembergischen Landeshauptstadt ja eine zentrale Apple-Dependance, die teils als \u201eStuttgarter Apple Store\u201c titulierte Niederlassung in Sindelfingen liegt 20 Kilometer au\u00dferhalb. Das Handelsunternehmen Breuninger baut als &#8222;Dorotheen Quartier&#8220; drei Gesch\u00e4ftsh\u00e4user, die [&hellip;]<\/p>\n","protected":false},"author":2,"featured_media":94783,"comment_status":"open","ping_status":"closed","sticky":false,"template":"","format":"standard","meta":{"_acf_changed":false,"footnotes":""},"categories":[3,1783],"tags":[49,3300,245],"class_list":["post-94777","post","type-post","status-publish","format-standard","has-post-thumbnail","hentry","category-apple","category-feature","tag-apple-store","tag-dorotheen-quartier","tag-stuttgart"],"acf":[],"aioseo_notices":[],"featured_image":["http:\/\/images.ifun.de\/wp-content\/uploads\/2016\/04\/apple-store-header.jpg"],"rest_api_enabler":{"featured_image":"http:\/\/images.ifun.de\/wp-content\/uploads\/2016\/04\/apple-store-header.jpg"},"_links":{"self":[{"href":"https:\/\/www.ifun.de\/apiv2\/wp\/v2\/posts\/94777","targetHints":{"allow":["GET"]}}],"collection":[{"href":"https:\/\/www.ifun.de\/apiv2\/wp\/v2\/posts"}],"about":[{"href":"https:\/\/www.ifun.de\/apiv2\/wp\/v2\/types\/post"}],"author":[{"embeddable":true,"href":"https:\/\/www.ifun.de\/apiv2\/wp\/v2\/users\/2"}],"replies":[{"embeddable":true,"href":"https:\/\/www.ifun.de\/apiv2\/wp\/v2\/comments?post=94777"}],"version-history":[{"count":13,"href":"https:\/\/www.ifun.de\/apiv2\/wp\/v2\/posts\/94777\/revisions"}],"predecessor-version":[{"id":94791,"href":"https:\/\/www.ifun.de\/apiv2\/wp\/v2\/posts\/94777\/revisions\/94791"}],"wp:featuredmedia":[{"embeddable":true,"href":"https:\/\/www.ifun.de\/apiv2\/wp\/v2\/media\/94783"}],"wp:attachment":[{"href":"https:\/\/www.ifun.de\/apiv2\/wp\/v2\/media?parent=94777"}],"wp:term":[{"taxonomy":"category","embeddable":true,"href":"https:\/\/www.ifun.de\/apiv2\/wp\/v2\/categories?post=94777"},{"taxonomy":"post_tag","embeddable":true,"href":"https:\/\/www.ifun.de\/apiv2\/wp\/v2\/tags?post=94777"}],"curies":[{"name":"wp","href":"https:\/\/api.w.org\/{rel}","templated":true}]}}