{"id":94756,"date":"2016-07-08T18:03:47","date_gmt":"2016-07-08T16:03:47","guid":{"rendered":"http:\/\/www.ifun.de\/?p=94756"},"modified":"2016-07-08T18:03:47","modified_gmt":"2016-07-08T16:03:47","slug":"swr-mediathek-fuer-apple-tv-verfuegbar","status":"publish","type":"post","link":"https:\/\/www.ifun.de\/swr-mediathek-fuer-apple-tv-verfuegbar-94756\/","title":{"rendered":"SWR Mediathek f\u00fcr Apple TV verf\u00fcgbar"},"content":{"rendered":"<p>Mit dem SWR ist eine weiter Landesrundfunkanstalt der ARD auch auf Apple TV vertreten. Der Sender bietet seine <a rel=\"noindex, nofollow\" rel=\"noindex, nofollow\" href=\"http:\/\/www.ifun.de\/app\/655052131\">Mediathek-App<\/a> nun auch im App Store f\u00fcr Apple TV 4 an.<\/p>\n<p><a href=\"http:\/\/images.ifun.de\/wp-content\/uploads\/2016\/07\/swr-mediathek.jpg\"><img loading=\"lazy\" decoding=\"async\" src=\"http:\/\/images.ifun.de\/wp-content\/uploads\/2016\/07\/swr-mediathek.jpg\" alt=\"Swr Mediathek\" width=\"500\" height=\"281\" class=\"alignnone size-full wp-image-94758\" srcset=\"https:\/\/images.ifun.de\/wp-content\/uploads\/2016\/07\/swr-mediathek.jpg 500w, https:\/\/images.ifun.de\/wp-content\/uploads\/2016\/07\/swr-mediathek-300x169.jpg 300w\" sizes=\"auto, (max-width: 500px) 100vw, 500px\" \/><\/a><\/p>\n<blockquote>\n<p>Am besten S\u00fcdwesten. Am besten v\u00f6llig unabh\u00e4ngig, wann Sie Zeit und Lust haben SWR Fernsehen zu schauen. Verpassen Sie keine Folge unserer beliebten TV-Serien, Spielfilme und Dokumentationen und bleiben Sie mit der Landesschau immer aktuell informiert. Au\u00dferdem haben Sie Zugriff auf unsere beliebten Radiowellen (SWR1, SWR2, SWR3, SWR4 und SWRinfo) und Visual Radio von DASDING und SWR3.<\/p>\n<\/blockquote>\n<p>Bereits <a href=\"http:\/\/www.ifun.de\/neu-fuer-apple-tv-saarlaendischer-rundfunk-mediathek-91677\/\" title=\"Neu f\u00fcr Apple TV: Saarl\u00e4ndischer Rundfunk Mediathek\">seit April<\/a> ist der Saarl\u00e4ndische Rundfunk mit einem vergleichbaren Angebot am Start. Die l\u00e4nder\u00fcbergreifende App ARD Mediathek l\u00e4sst dagegen mit einer Version f\u00fcr Apple TV auf sich warten. Wie die der Sender uns <a href=\"http:\/\/www.ifun.de\/ard-mediathek-fuer-apple-tv-noch-unklar-telekom-entertain-hat-prioritaet-91726\/\">mitgeteilt hat<\/a>, stand zumindest im April eine finale Entscheidung diesbez\u00fcglich noch aus, zudem h\u00e4tten andere Projekte Vorrang.<\/p>\n","protected":false},"excerpt":{"rendered":"<a href=\"https:\/\/www.ifun.de\/swr-mediathek-fuer-apple-tv-verfuegbar-94756\/\"><img width=\"150\" height=\"150\" src=\"https:\/\/images.ifun.de\/wp-content\/uploads\/2016\/07\/swr-mediathek-150x150.jpg\" class=\"alignright tfe wp-post-image\" alt=\"Swr Mediathek\" decoding=\"async\" loading=\"lazy\" \/><\/a><p>Mit dem SWR ist eine weiter Landesrundfunkanstalt der ARD auch auf Apple TV vertreten. Der Sender bietet seine Mediathek-App nun auch im App Store f\u00fcr Apple TV 4 an. Am besten S\u00fcdwesten. Am besten v\u00f6llig unabh\u00e4ngig, wann Sie Zeit und Lust haben SWR Fernsehen zu schauen. Verpassen Sie keine Folge unserer beliebten TV-Serien, Spielfilme und [&hellip;]<\/p>\n","protected":false},"author":2,"featured_media":94758,"comment_status":"open","ping_status":"closed","sticky":false,"template":"","format":"standard","meta":{"_acf_changed":false,"footnotes":""},"categories":[4],"tags":[26,183,1169,2180],"class_list":["post-94756","post","type-post","status-publish","format-standard","has-post-thumbnail","hentry","category-appletv","tag-apple-tv","tag-ard","tag-mediathek","tag-swr"],"acf":[],"aioseo_notices":[],"featured_image":["http:\/\/images.ifun.de\/wp-content\/uploads\/2016\/07\/swr-mediathek-apple-tv.jpg"],"rest_api_enabler":{"featured_image":"http:\/\/images.ifun.de\/wp-content\/uploads\/2016\/07\/swr-mediathek-apple-tv.jpg"},"_links":{"self":[{"href":"https:\/\/www.ifun.de\/apiv2\/wp\/v2\/posts\/94756","targetHints":{"allow":["GET"]}}],"collection":[{"href":"https:\/\/www.ifun.de\/apiv2\/wp\/v2\/posts"}],"about":[{"href":"https:\/\/www.ifun.de\/apiv2\/wp\/v2\/types\/post"}],"author":[{"embeddable":true,"href":"https:\/\/www.ifun.de\/apiv2\/wp\/v2\/users\/2"}],"replies":[{"embeddable":true,"href":"https:\/\/www.ifun.de\/apiv2\/wp\/v2\/comments?post=94756"}],"version-history":[{"count":1,"href":"https:\/\/www.ifun.de\/apiv2\/wp\/v2\/posts\/94756\/revisions"}],"predecessor-version":[{"id":94759,"href":"https:\/\/www.ifun.de\/apiv2\/wp\/v2\/posts\/94756\/revisions\/94759"}],"wp:featuredmedia":[{"embeddable":true,"href":"https:\/\/www.ifun.de\/apiv2\/wp\/v2\/media\/94758"}],"wp:attachment":[{"href":"https:\/\/www.ifun.de\/apiv2\/wp\/v2\/media?parent=94756"}],"wp:term":[{"taxonomy":"category","embeddable":true,"href":"https:\/\/www.ifun.de\/apiv2\/wp\/v2\/categories?post=94756"},{"taxonomy":"post_tag","embeddable":true,"href":"https:\/\/www.ifun.de\/apiv2\/wp\/v2\/tags?post=94756"}],"curies":[{"name":"wp","href":"https:\/\/api.w.org\/{rel}","templated":true}]}}