{"id":94337,"date":"2016-06-29T09:18:03","date_gmt":"2016-06-29T07:18:03","guid":{"rendered":"http:\/\/www.ifun.de\/?p=94337"},"modified":"2016-06-29T11:47:09","modified_gmt":"2016-06-29T09:47:09","slug":"evernote-beschraenkt-kostenlose-nutzung-auf-maximal-zwei-geraete","status":"publish","type":"post","link":"https:\/\/www.ifun.de\/evernote-beschraenkt-kostenlose-nutzung-auf-maximal-zwei-geraete-94337\/","title":{"rendered":"Evernote beschr\u00e4nkt kostenlose Nutzung auf maximal zwei Ger\u00e4te"},"content":{"rendered":"<p>Die Anbieter der Notiz-App <a href=\"https:\/\/evernote.com\/\">Evernote<\/a> \u00e4ndern ihre Preisstruktur. Eine Nachricht, die etlichen Gratis-Nutzern des Dienstes bereits beim Abruf ihrer E-Mails heute fr\u00fch sauer aufgesto\u00dfen ist, besonders die angek\u00fcndigte Beschr\u00e4nkung des Evernote Basic-Kontos auf k\u00fcnftig maximal zwei Ger\u00e4te erntet Kritik.<\/p>\n<p><a href=\"http:\/\/images.ifun.de\/wp-content\/uploads\/2016\/06\/evernote-500.jpg\"><img loading=\"lazy\" decoding=\"async\" src=\"http:\/\/images.ifun.de\/wp-content\/uploads\/2016\/06\/evernote-500.jpg\" alt=\"Evernote 500\" width=\"500\" height=\"313\" class=\"alignnone size-full wp-image-94339\" srcset=\"https:\/\/images.ifun.de\/wp-content\/uploads\/2016\/06\/evernote-500.jpg 500w, https:\/\/images.ifun.de\/wp-content\/uploads\/2016\/06\/evernote-500-300x188.jpg 300w\" sizes=\"auto, (max-width: 500px) 100vw, 500px\" \/><\/a><\/p>\n<blockquote>\n<p>In den n\u00e4chsten Wochen wird die Verwendung von Evernote Basic-Konten auf zwei Ger\u00e4te beschr\u00e4nkt, zum Beispiel ein Computer und ein Mobiltelefon, zwei Computer oder ein Mobiltelefon und ein Tablet. Du \u00fcberschreitest dieses Limit derzeit, hast jedoch 30 Tage Zeit, um auf diese \u00c4nderung zu reagieren. Plus- und Premium-Abonnenten k\u00f6nnen weiterhin von allen ihren Ger\u00e4ten auf ihre Konten zugreifen.<\/p>\n<\/blockquote>\n<p>Es ist verst\u00e4ndlich, dass die Evernote-Macher ihre Leistung nicht kostenlos anbieten k\u00f6nnen und auch Geld verdienen wollen. Gerade das kostenlose Basispaket hat allerdings viele Nutzern angelockt, die derlei Funktionen zwar gerne nutzen, jedoch nicht als derart wichtig empfinden, dass sie auch daf\u00fcr bezahlen wollen. Letzte Woche erst hat Evernote die Zahl von weltweit mehr als 200 Millionen Nutzern <a href=\"http:\/\/www.iphone-ticker.de\/notiz-app-evernote-bietet-passcode-sperre-auch-fuer-gratis-nutzer-98400\/\">ver\u00f6ffentlicht<\/a>, wie viele davon das kostenlose Paket nutzen, wurde nicht kommuniziert.<\/p>\n<p>Ausf\u00fchrliche Infos zu den von neuen Evernote-Konditionen findet ihr im <a href=\"https:\/\/blog.evernote.com\/de\/anderung-der-evernote-preispakete\/\">Evernote-Blog<\/a>. Wechselwilligen Nutzern hat Apple bereits mit iOS 9 die T\u00fcr ein St\u00fcck weit aufgesto\u00dfen. Apples in der Vergangenheit oft kritisierte Notiz-App kann seither schon <a href=\"http:\/\/www.iphone-ticker.de\/ios-9-apples-neue-notizen-app-87040\/\">deutlich mehr<\/a> und mit iOS 10 steht eine <a href=\"http:\/\/www.ifun.de\/icloud-2016-gruppenarbeit-und-mehr-freiheiten-fuer-entwickler-93837\/\" title=\"iCloud 2016: Gruppenarbeit und mehr Freiheiten f\u00fcr Entwickler\">erneute Funktionserweiterung<\/a> ins Haus. Zudem erweist sich als praktisch, dass Apple inzwischen auch den <a href=\"http:\/\/www.ifun.de\/apples-notizen-app-erlaubt-kuenftig-evernote-import-88285\/\" title=\"Apples Notizen-App erlaubt k\u00fcnftig Evernote-Import\">Import von Evernote-Notizen<\/a> vorgesehen hat.<\/p>\n<p>Wie sieht\u2019s bei euch aus, bleibt ihr dem gr\u00fcnen Elefant treu oder wechselt ihr? F\u00fcr die von euch bevorzugten Alternativen ist Platz in den Kommentaren.<\/p>\n","protected":false},"excerpt":{"rendered":"<a href=\"https:\/\/www.ifun.de\/evernote-beschraenkt-kostenlose-nutzung-auf-maximal-zwei-geraete-94337\/\"><img width=\"150\" height=\"150\" src=\"https:\/\/images.ifun.de\/wp-content\/uploads\/2016\/06\/evernote-500-150x150.jpg\" class=\"alignright tfe wp-post-image\" alt=\"Evernote 500\" decoding=\"async\" loading=\"lazy\" \/><\/a><p>Die Anbieter der Notiz-App Evernote \u00e4ndern ihre Preisstruktur. Eine Nachricht, die etlichen Gratis-Nutzern des Dienstes bereits beim Abruf ihrer E-Mails heute fr\u00fch sauer aufgesto\u00dfen ist, besonders die angek\u00fcndigte Beschr\u00e4nkung des Evernote Basic-Kontos auf k\u00fcnftig maximal zwei Ger\u00e4te erntet Kritik. In den n\u00e4chsten Wochen wird die Verwendung von Evernote Basic-Konten auf zwei Ger\u00e4te beschr\u00e4nkt, zum Beispiel [&hellip;]<\/p>\n","protected":false},"author":2,"featured_media":94339,"comment_status":"open","ping_status":"closed","sticky":false,"template":"","format":"standard","meta":{"_acf_changed":false,"footnotes":""},"categories":[1,1783],"tags":[1516,417],"class_list":["post-94337","post","type-post","status-publish","format-standard","has-post-thumbnail","hentry","category-news","category-feature","tag-evernote","tag-notizen"],"acf":[],"aioseo_notices":[],"featured_image":["http:\/\/images.ifun.de\/wp-content\/uploads\/2015\/08\/evernote.jpg"],"rest_api_enabler":{"featured_image":"http:\/\/images.ifun.de\/wp-content\/uploads\/2015\/08\/evernote.jpg"},"_links":{"self":[{"href":"https:\/\/www.ifun.de\/apiv2\/wp\/v2\/posts\/94337","targetHints":{"allow":["GET"]}}],"collection":[{"href":"https:\/\/www.ifun.de\/apiv2\/wp\/v2\/posts"}],"about":[{"href":"https:\/\/www.ifun.de\/apiv2\/wp\/v2\/types\/post"}],"author":[{"embeddable":true,"href":"https:\/\/www.ifun.de\/apiv2\/wp\/v2\/users\/2"}],"replies":[{"embeddable":true,"href":"https:\/\/www.ifun.de\/apiv2\/wp\/v2\/comments?post=94337"}],"version-history":[{"count":7,"href":"https:\/\/www.ifun.de\/apiv2\/wp\/v2\/posts\/94337\/revisions"}],"predecessor-version":[{"id":94345,"href":"https:\/\/www.ifun.de\/apiv2\/wp\/v2\/posts\/94337\/revisions\/94345"}],"wp:featuredmedia":[{"embeddable":true,"href":"https:\/\/www.ifun.de\/apiv2\/wp\/v2\/media\/94339"}],"wp:attachment":[{"href":"https:\/\/www.ifun.de\/apiv2\/wp\/v2\/media?parent=94337"}],"wp:term":[{"taxonomy":"category","embeddable":true,"href":"https:\/\/www.ifun.de\/apiv2\/wp\/v2\/categories?post=94337"},{"taxonomy":"post_tag","embeddable":true,"href":"https:\/\/www.ifun.de\/apiv2\/wp\/v2\/tags?post=94337"}],"curies":[{"name":"wp","href":"https:\/\/api.w.org\/{rel}","templated":true}]}}