{"id":94216,"date":"2016-06-27T07:36:43","date_gmt":"2016-06-27T05:36:43","guid":{"rendered":"http:\/\/www.ifun.de\/?p=94216"},"modified":"2016-06-27T07:37:31","modified_gmt":"2016-06-27T05:37:31","slug":"apple-unterstuetzt-san-francisco-pride-regenbogen-watch-baender-fuer-mitarbeiter","status":"publish","type":"post","link":"https:\/\/www.ifun.de\/apple-unterstuetzt-san-francisco-pride-regenbogen-watch-baender-fuer-mitarbeiter-94216\/","title":{"rendered":"Apple unterst\u00fctzt San Francisco Pride: Regenbogen-Watch-B\u00e4nder f\u00fcr Mitarbeiter"},"content":{"rendered":"<p>Auch in diesem Jahr haben viele Apple-Mitarbeiter gemeinsam mit Apple-Chef Tim Cook an der San Francisco Pride Parade teilgenommen. Apple unterst\u00fctzt den Demonstrationszug von Lesben und Schwulen, um ein Zeichen f\u00fcr Toleranz und Gleichberechtigung zu setzen.<\/p>\n<p><a href=\"http:\/\/images.ifun.de\/wp-content\/uploads\/2016\/06\/apple-pride-watch-armband.jpg\"><img loading=\"lazy\" decoding=\"async\" src=\"http:\/\/images.ifun.de\/wp-content\/uploads\/2016\/06\/apple-pride-watch-armband.jpg\" alt=\"Apple Pride Watch Armband\" width=\"500\" height=\"500\" class=\"alignnone size-full wp-image-94217\" srcset=\"https:\/\/images.ifun.de\/wp-content\/uploads\/2016\/06\/apple-pride-watch-armband.jpg 500w, https:\/\/images.ifun.de\/wp-content\/uploads\/2016\/06\/apple-pride-watch-armband-150x150.jpg 150w, https:\/\/images.ifun.de\/wp-content\/uploads\/2016\/06\/apple-pride-watch-armband-300x300.jpg 300w\" sizes=\"auto, (max-width: 500px) 100vw, 500px\" \/><\/a><\/p>\n<h6>Bilder: <a href=\"https:\/\/twitter.com\/tim_cook\/status\/747189372462600192\">Twitter<\/a>, <a href=\"http:\/\/imgur.com\/mOMr4c0\">Instagram<\/a><\/h6>\n<p>Zus\u00e4tzlich zu den mittlerweile traditionellen T-Shirt gab es f\u00fcr teilnehmende Apple-Mitarbeiter in diesem Jahr auch ein Apple-Watch-Band in Regenbogenfarben. Die Sonderedition von Apples Nylon-Armband l\u00e4sst sich nicht k\u00e4uflich erwerben.<\/p>\n<p>Vielen Firmen in der San-Francisco-Region unterst\u00fctzen die Veranstaltung mittlerweile aktiv, darunter auch Google und Facebook. Unten eingebettet sieht ihr das offizielle Apple-Video zur letztj\u00e4hrigen Veranstaltung, es ist davon auszugehen, dass in den n\u00e4chsten Stunden auch ein Video zur San Francisco Pride 2016 ver\u00f6ffentlicht wird.<\/p>\n<p><div class=\"responsive-video\"><iframe loading=\"lazy\" width=\"700\" height=\"394\" src=\"https:\/\/www.youtube-nocookie.com\/embed\/SMUNO8Onoi4?rel=0\" frameborder=\"0\" allowfullscreen><\/iframe><\/div><\/p>\n<p><h8>Danke Filip!<\/h8><\/p>\n","protected":false},"excerpt":{"rendered":"<a href=\"https:\/\/www.ifun.de\/apple-unterstuetzt-san-francisco-pride-regenbogen-watch-baender-fuer-mitarbeiter-94216\/\"><img width=\"150\" height=\"150\" src=\"https:\/\/images.ifun.de\/wp-content\/uploads\/2016\/06\/sf-pride-header-150x150.jpg\" class=\"alignright tfe wp-post-image\" alt=\"Sf Pride Header\" decoding=\"async\" loading=\"lazy\" \/><\/a><p>Auch in diesem Jahr haben viele Apple-Mitarbeiter gemeinsam mit Apple-Chef Tim Cook an der San Francisco Pride Parade teilgenommen. Apple unterst\u00fctzt den Demonstrationszug von Lesben und Schwulen, um ein Zeichen f\u00fcr Toleranz und Gleichberechtigung zu setzen. Bilder: Twitter, Instagram Zus\u00e4tzlich zu den mittlerweile traditionellen T-Shirt gab es f\u00fcr teilnehmende Apple-Mitarbeiter in diesem Jahr auch ein [&hellip;]<\/p>\n","protected":false},"author":2,"featured_media":94218,"comment_status":"open","ping_status":"closed","sticky":false,"template":"","format":"standard","meta":{"_acf_changed":false,"footnotes":""},"categories":[3],"tags":[4736,3268,289],"class_list":["post-94216","post","type-post","status-publish","format-standard","has-post-thumbnail","hentry","category-apple","tag-apple","tag-pride-parade","tag-san-francisco"],"acf":[],"aioseo_notices":[],"featured_image":["http:\/\/images.ifun.de\/wp-content\/uploads\/2016\/06\/sf-pride-header.jpg"],"rest_api_enabler":{"featured_image":"http:\/\/images.ifun.de\/wp-content\/uploads\/2016\/06\/sf-pride-header.jpg"},"_links":{"self":[{"href":"https:\/\/www.ifun.de\/apiv2\/wp\/v2\/posts\/94216","targetHints":{"allow":["GET"]}}],"collection":[{"href":"https:\/\/www.ifun.de\/apiv2\/wp\/v2\/posts"}],"about":[{"href":"https:\/\/www.ifun.de\/apiv2\/wp\/v2\/types\/post"}],"author":[{"embeddable":true,"href":"https:\/\/www.ifun.de\/apiv2\/wp\/v2\/users\/2"}],"replies":[{"embeddable":true,"href":"https:\/\/www.ifun.de\/apiv2\/wp\/v2\/comments?post=94216"}],"version-history":[{"count":3,"href":"https:\/\/www.ifun.de\/apiv2\/wp\/v2\/posts\/94216\/revisions"}],"predecessor-version":[{"id":94221,"href":"https:\/\/www.ifun.de\/apiv2\/wp\/v2\/posts\/94216\/revisions\/94221"}],"wp:featuredmedia":[{"embeddable":true,"href":"https:\/\/www.ifun.de\/apiv2\/wp\/v2\/media\/94218"}],"wp:attachment":[{"href":"https:\/\/www.ifun.de\/apiv2\/wp\/v2\/media?parent=94216"}],"wp:term":[{"taxonomy":"category","embeddable":true,"href":"https:\/\/www.ifun.de\/apiv2\/wp\/v2\/categories?post=94216"},{"taxonomy":"post_tag","embeddable":true,"href":"https:\/\/www.ifun.de\/apiv2\/wp\/v2\/tags?post=94216"}],"curies":[{"name":"wp","href":"https:\/\/api.w.org\/{rel}","templated":true}]}}