{"id":94178,"date":"2016-06-24T09:23:37","date_gmt":"2016-06-24T07:23:37","guid":{"rendered":"http:\/\/www.ifun.de\/?p=94178"},"modified":"2016-06-24T09:23:37","modified_gmt":"2016-06-24T07:23:37","slug":"privatsphaere-kamera-led-laesst-sich-zumindest-bei-alten-macs-deaktivieren","status":"publish","type":"post","link":"https:\/\/www.ifun.de\/privatsphaere-kamera-led-laesst-sich-zumindest-bei-alten-macs-deaktivieren-94178\/","title":{"rendered":"Privatsph\u00e4re? Kamera-LED l\u00e4sst sich (zumindest) bei alten Macs deaktivieren"},"content":{"rendered":"<p>Ihr erinnert euch an das <a href=\"http:\/\/www.ifun.de\/kamera-und-mikro-abgeklebt-mark-zuckerberg-achtet-auf-privatsphaere-94052\/\" title=\"Kamera und Mikro abgeklebt: Mark Zuckerberg achtet auf Privatsph\u00e4re\">Foto<\/a> von Mark Zuckerbergs abgeklebter Webcam? Die Vorsichtsma\u00dfnahme ist nicht ganz unbegr\u00fcndet, denn zumindest theoretisch l\u00e4sst sich das Kameralicht auch bei Macs softwareseitig deaktivieren.<\/p>\n<p><a href=\"http:\/\/images.ifun.de\/wp-content\/uploads\/2016\/06\/500-6.jpg\"><img loading=\"lazy\" decoding=\"async\" src=\"http:\/\/images.ifun.de\/wp-content\/uploads\/2016\/06\/500-6.jpg\" alt=\"500\" width=\"500\" height=\"324\" class=\"alignnone size-full wp-image-94179\" srcset=\"https:\/\/images.ifun.de\/wp-content\/uploads\/2016\/06\/500-6.jpg 500w, https:\/\/images.ifun.de\/wp-content\/uploads\/2016\/06\/500-6-300x194.jpg 300w\" sizes=\"auto, (max-width: 500px) 100vw, 500px\" \/><\/a><\/p>\n<p>Apple-Blogger <a href=\"http:\/\/arstechnica.com\/security\/2013\/12\/perv-utopia-light-on-macbook-webcams-can-be-bypassed\/\" title=\"Can the Light on Modern Mac FaceTime Cameras Be Bypassed by&nbsp;Malware?\">John Gruber<\/a> ruft uns einen \u00e4lteren Artikel der Technikwebseite <a href=\"http:\/\/arstechnica.com\/security\/2013\/12\/perv-utopia-light-on-macbook-webcams-can-be-bypassed\/\">ArsTechica<\/a> in Erinnerung, darin wird auf eine Forschungsstudie eingegangen, der zufolge sich die gr\u00fcne Kamera-LED bei vor 2008 erschienenen MacBook- und iMac-Modellen mittels ferngesteuerter Software deaktivieren l\u00e4sst. Unter anderem wurde diese Technik vom FBI im Rahmen einer \u00dcberwachung genutzt, zudem gibt es Berichte \u00fcber Erpressungsf\u00e4lle und voyeuristische Handlungen auf dieser Basis.<\/p>\n<p>Die vor drei Jahren ver\u00f6ffentlichte Studie betont ausdr\u00fccklich, dass nicht ausgeschlossen werden kann, dass auch neuere Mac-Modelle und ebenso Computer anderer Hersteller \u00fcber die selben Schwachstellen verf\u00fcgen. Die Tatsache, dass wir nicht wissen ob es funktioniert belegt l\u00e4ngst nicht, dass es nicht funktioniert. <a href=\"http:\/\/www.ifun.de\/webcam-abdeckung-schieber-zu-wenn-die-kamera-nicht-gebraucht-wird-80411\/\">Webcam-Abdeckungen und -Kleber<\/a> sind also nicht pauschal zu bel\u00e4cheln.<\/p>\n","protected":false},"excerpt":{"rendered":"<a href=\"https:\/\/www.ifun.de\/privatsphaere-kamera-led-laesst-sich-zumindest-bei-alten-macs-deaktivieren-94178\/\"><img width=\"150\" height=\"150\" src=\"https:\/\/images.ifun.de\/wp-content\/uploads\/2016\/06\/mac-kamera-licht-led-150x150.jpg\" class=\"alignright tfe wp-post-image\" alt=\"Mac Kamera Licht Led\" decoding=\"async\" loading=\"lazy\" \/><\/a><p>Ihr erinnert euch an das Foto von Mark Zuckerbergs abgeklebter Webcam? Die Vorsichtsma\u00dfnahme ist nicht ganz unbegr\u00fcndet, denn zumindest theoretisch l\u00e4sst sich das Kameralicht auch bei Macs softwareseitig deaktivieren. Apple-Blogger John Gruber ruft uns einen \u00e4lteren Artikel der Technikwebseite ArsTechica in Erinnerung, darin wird auf eine Forschungsstudie eingegangen, der zufolge sich die gr\u00fcne Kamera-LED bei [&hellip;]<\/p>\n","protected":false},"author":2,"featured_media":94180,"comment_status":"open","ping_status":"closed","sticky":false,"template":"","format":"standard","meta":{"_acf_changed":false,"footnotes":""},"categories":[16],"tags":[6321,1972,92],"class_list":["post-94178","post","type-post","status-publish","format-standard","has-post-thumbnail","hentry","category-mac","tag-mac","tag-privatsphaere","tag-sicherheit"],"acf":[],"aioseo_notices":[],"featured_image":["http:\/\/images.ifun.de\/wp-content\/uploads\/2016\/06\/mac-kamera-licht-led.jpg"],"rest_api_enabler":{"featured_image":"http:\/\/images.ifun.de\/wp-content\/uploads\/2016\/06\/mac-kamera-licht-led.jpg"},"_links":{"self":[{"href":"https:\/\/www.ifun.de\/apiv2\/wp\/v2\/posts\/94178","targetHints":{"allow":["GET"]}}],"collection":[{"href":"https:\/\/www.ifun.de\/apiv2\/wp\/v2\/posts"}],"about":[{"href":"https:\/\/www.ifun.de\/apiv2\/wp\/v2\/types\/post"}],"author":[{"embeddable":true,"href":"https:\/\/www.ifun.de\/apiv2\/wp\/v2\/users\/2"}],"replies":[{"embeddable":true,"href":"https:\/\/www.ifun.de\/apiv2\/wp\/v2\/comments?post=94178"}],"version-history":[{"count":1,"href":"https:\/\/www.ifun.de\/apiv2\/wp\/v2\/posts\/94178\/revisions"}],"predecessor-version":[{"id":94181,"href":"https:\/\/www.ifun.de\/apiv2\/wp\/v2\/posts\/94178\/revisions\/94181"}],"wp:featuredmedia":[{"embeddable":true,"href":"https:\/\/www.ifun.de\/apiv2\/wp\/v2\/media\/94180"}],"wp:attachment":[{"href":"https:\/\/www.ifun.de\/apiv2\/wp\/v2\/media?parent=94178"}],"wp:term":[{"taxonomy":"category","embeddable":true,"href":"https:\/\/www.ifun.de\/apiv2\/wp\/v2\/categories?post=94178"},{"taxonomy":"post_tag","embeddable":true,"href":"https:\/\/www.ifun.de\/apiv2\/wp\/v2\/tags?post=94178"}],"curies":[{"name":"wp","href":"https:\/\/api.w.org\/{rel}","templated":true}]}}