{"id":93576,"date":"2016-06-12T12:22:15","date_gmt":"2016-06-12T10:22:15","guid":{"rendered":"http:\/\/www.ifun.de\/?p=93576"},"modified":"2016-06-13T21:10:43","modified_gmt":"2016-06-13T19:10:43","slug":"siri-verplappert-sich-hinweise-auf-den-finder-und-mac-unterstuetzung","status":"publish","type":"post","link":"https:\/\/www.ifun.de\/siri-verplappert-sich-hinweise-auf-den-finder-und-mac-unterstuetzung-93576\/","title":{"rendered":"Siri verplappert sich: Hinweise auf Finder und Mac-Unterst\u00fctzung"},"content":{"rendered":"<p>Brian Roemmele besch\u00e4ftigt sich seit mehreren Jahren mit Siris Funktionsumfang und hat schon mit den Eigenarten der Sprachassistentin experimentiert, bevor Apple diese aufgekauft und in das iPhone-Betriebssystem iOS integriert hat.<\/p>\n<p><a href=\"http:\/\/images.ifun.de\/wp-content\/uploads\/2016\/06\/siri-500.jpg\"><img loading=\"lazy\" decoding=\"async\" class=\"aligncenter size-full wp-image-93577\" src=\"http:\/\/images.ifun.de\/wp-content\/uploads\/2016\/06\/siri-500.jpg\" alt=\"Siri 500\" width=\"500\" height=\"262\" srcset=\"https:\/\/images.ifun.de\/wp-content\/uploads\/2016\/06\/siri-500.jpg 500w, https:\/\/images.ifun.de\/wp-content\/uploads\/2016\/06\/siri-500-300x157.jpg 300w\" sizes=\"auto, (max-width: 500px) 100vw, 500px\" \/><\/a><\/p>\n<p>Jetzt <a href=\"https:\/\/medium.com\/@brianroemmele\/siri-spilled-the-beans-siri-is-coming-to-macos-x-d11424fafaa1\">meldet sich der Blogger<\/a> mit einer neuen Beobachtung zu Wort: Seit wenigen Tagen l\u00e4sst Siri ihre Vorbereitung auf den Einsatz in OS X erkennen und verweist in ihren Antworten jetzt auf Mac-spezifische Komponenten wie etwa den Dateimanager <a href=\"https:\/\/de.wikipedia.org\/wiki\/Finder_(Mac)\">Finder<\/a>.<\/p>\n<p>Seit dem 10. Juni, so Roemmele, w\u00fcrde Siri grundlegende Mac-Navigationsbefehle verstehen, k\u00f6nnte diese aber nicht ausf\u00fchren. Ein Beispiel: Bittet man Siri darum, die Einstellungen in einem Fenster zu \u00f6ffnen (iOS kennt im Gegensatz zu OS X keine Fenster) reagiert Siri seit wenigen Stunden mit einem der folgenden Hinweise: &#8222;Ich ben\u00f6tige den Finder um dies zu tun&#8220; oder &#8222;Ich kann die Finder-App nicht finden&#8220;. Und nat\u00fcrlich: Im Gegensatz zu OS X kennt iOS auch keinen Finder.<\/p>\n<p>Roemmele hat sein Fundst\u00fcck in einem kurzen <a href=\"https:\/\/twitter.com\/BrianRoemmele\/status\/741618825502691328?ref_src=twsrc%5Etfw\">Video<\/a> auf Twitter festgehalten und unterstreicht damit die kollektive <a href=\"http:\/\/www.ifun.de\/siri-fuer-mac-soll-mit-os-x-10-12-kommen-screenshots-zeigen-dock-und-menueleistensymbole-92536\/\">Erwartungshaltung<\/a>. Zur morgigen WWDC wird Apple nicht nur eine komplett <a href=\"http:\/\/www.iphone-ticker.de\/siri-2-in-den-startloechern-lernfaehig-und-mit-neuen-technoloigen-97146\/\">neue Version<\/a> der Sprachassistentin vorstellen und diese mit Programmierschnittstellen f\u00fcr Drittentwickler ausstatten &#8211; auch die Integration in das Desktop-Betriebssystem OS X (<a href=\"http:\/\/www.ifun.de\/kommt-am-montag-die-umbenennung-von-os-x-zu-macos-93492\/\">bzw. macOS<\/a>) d\u00fcrfte am Montag auf dem Programm stehen.<\/p>\n<blockquote class=\"twitter-tweet\" data-lang=\"de\">\n<p dir=\"ltr\" lang=\"en\">Here is the video of Siri looking for Finder. Proof that someday real soon she will be on <a href=\"https:\/\/twitter.com\/hashtag\/MacOS?src=hash\">#MacOS<\/a> <a href=\"https:\/\/twitter.com\/hashtag\/WWDC2016?src=hash\">#WWDC2016<\/a> <a href=\"https:\/\/twitter.com\/hashtag\/Siri2?src=hash\">#Siri2<\/a> <a href=\"https:\/\/t.co\/RLJszpW5c7\">pic.twitter.com\/RLJszpW5c7<\/a><\/p>\n<p>\u2014 Brian Roemmele (@BrianRoemmele) <a href=\"https:\/\/twitter.com\/BrianRoemmele\/status\/741618825502691328\">11. Juni 2016<\/a><\/p><\/blockquote>\n<p><script src=\"\/\/platform.twitter.com\/widgets.js\" async=\"\" charset=\"utf-8\"><\/script><\/p>\n","protected":false},"excerpt":{"rendered":"<a href=\"https:\/\/www.ifun.de\/siri-verplappert-sich-hinweise-auf-den-finder-und-mac-unterstuetzung-93576\/\"><img width=\"150\" height=\"150\" src=\"https:\/\/images.ifun.de\/wp-content\/uploads\/2016\/06\/siri-mac-150x150.jpg\" class=\"alignright tfe wp-post-image\" alt=\"Siri Mac\" decoding=\"async\" loading=\"lazy\" \/><\/a><p>Brian Roemmele besch\u00e4ftigt sich seit mehreren Jahren mit Siris Funktionsumfang und hat schon mit den Eigenarten der Sprachassistentin experimentiert, bevor Apple diese aufgekauft und in das iPhone-Betriebssystem iOS integriert hat. Jetzt meldet sich der Blogger mit einer neuen Beobachtung zu Wort: Seit wenigen Tagen l\u00e4sst Siri ihre Vorbereitung auf den Einsatz in OS X erkennen [&hellip;]<\/p>\n","protected":false},"author":1,"featured_media":93578,"comment_status":"open","ping_status":"closed","sticky":false,"template":"","format":"standard","meta":{"_acf_changed":false,"footnotes":""},"categories":[16],"tags":[3910,6321,293,6322,714,52],"class_list":["post-93576","post","type-post","status-publish","format-standard","has-post-thumbnail","hentry","category-mac","tag-geruechte","tag-mac","tag-os-x","tag-rumors","tag-siri","tag-software"],"acf":[],"aioseo_notices":[],"featured_image":["http:\/\/images.ifun.de\/wp-content\/uploads\/2016\/06\/siri-mac.jpg"],"rest_api_enabler":{"featured_image":"http:\/\/images.ifun.de\/wp-content\/uploads\/2016\/06\/siri-mac.jpg"},"_links":{"self":[{"href":"https:\/\/www.ifun.de\/apiv2\/wp\/v2\/posts\/93576","targetHints":{"allow":["GET"]}}],"collection":[{"href":"https:\/\/www.ifun.de\/apiv2\/wp\/v2\/posts"}],"about":[{"href":"https:\/\/www.ifun.de\/apiv2\/wp\/v2\/types\/post"}],"author":[{"embeddable":true,"href":"https:\/\/www.ifun.de\/apiv2\/wp\/v2\/users\/1"}],"replies":[{"embeddable":true,"href":"https:\/\/www.ifun.de\/apiv2\/wp\/v2\/comments?post=93576"}],"version-history":[{"count":4,"href":"https:\/\/www.ifun.de\/apiv2\/wp\/v2\/posts\/93576\/revisions"}],"predecessor-version":[{"id":93582,"href":"https:\/\/www.ifun.de\/apiv2\/wp\/v2\/posts\/93576\/revisions\/93582"}],"wp:featuredmedia":[{"embeddable":true,"href":"https:\/\/www.ifun.de\/apiv2\/wp\/v2\/media\/93578"}],"wp:attachment":[{"href":"https:\/\/www.ifun.de\/apiv2\/wp\/v2\/media?parent=93576"}],"wp:term":[{"taxonomy":"category","embeddable":true,"href":"https:\/\/www.ifun.de\/apiv2\/wp\/v2\/categories?post=93576"},{"taxonomy":"post_tag","embeddable":true,"href":"https:\/\/www.ifun.de\/apiv2\/wp\/v2\/tags?post=93576"}],"curies":[{"name":"wp","href":"https:\/\/api.w.org\/{rel}","templated":true}]}}