{"id":9353,"date":"2011-02-10T09:35:40","date_gmt":"2011-02-10T08:35:40","guid":{"rendered":"http:\/\/www.ifun.de\/?p=9353"},"modified":"2011-02-11T11:17:26","modified_gmt":"2011-02-11T10:17:26","slug":"geruchte-3-ipad-generation-bereits-im-herbst","status":"publish","type":"post","link":"https:\/\/www.ifun.de\/geruchte-3-ipad-generation-bereits-im-herbst-9353\/","title":{"rendered":"Ger\u00fcchte: 3. iPad-Generation bereits im Herbst?"},"content":{"rendered":"<p>Und noch ein iPad-Ger\u00fccht: Eher der Vollst\u00e4ndigkeit wollen wir kurz auf die aktuellen Spekulationen um eine &#8222;iPad-3-Ank\u00fcndigung im Herbst&#8220; eingehen. Zitiert werden in diesem Zusammenhang der in Apple-Dingen eigentlich recht erfahrene und seri\u00f6se US-Blogger <a href=\"http:\/\/daringfireball.net\/linked\/2011\/02\/09\/hp-touchpad-veer-pre\">John Gruber<\/a> sowie die Webseite <a href=\"http:\/\/techcrunch.com\/2011\/02\/09\/ipad-3\/\">Techcrunch<\/a>.<\/p>\n<p>Konkret geht es darum, dass Apple den j\u00e4hrlichen iPad-Zyklus mit der regelm\u00e4\u00dfig Anfang September stattfindenden Pr\u00e4sentation der neuen iPod-Modelle zusammenlegen k\u00f6nnte. \u00c4hnliche Spekulationen gab es bereits im letzten Jahr und auf den ersten Blick machen diese auch durchaus Sinn. Anstatt im Fr\u00fchjahr w\u00e4re man mit neuen Modellen so stets zum Weihnachtsgesch\u00e4ft gut aufgestellt.<\/p>\n<p>Wir haben an dieser Theorie allerdings unsere Zweifel. Eine Neuvorstellung des iPad 2 innerhalb der n\u00e4chsten zwei Monate gilt als sicher. Apple wird kaum ein halbes Jahr sp\u00e4ter mit einem komplett \u00fcberarbeiteten Modell kommen.<br \/>\nDazu stellt sich die Frage, ob Apple neue iPads tats\u00e4chlich zusammen mit iPods und Apple TV gemeinsam vorstellen will. Die Ger\u00e4te w\u00fcrden sich gegenseitig Medienpr\u00e4senz rauben, m\u00f6glicherweise w\u00fcrden die kleineren iPod- oder Apple-TV-Ank\u00fcndigungen sogar im Trubel um ein neues iPad untergehen.<br \/>\niPods oder auch ein Apple TV finden sich jedoch mit Sicherheit deutlich \u00f6fter unter dem Weihnachtsbaum als ein iPad. Dieses k\u00f6nnte daf\u00fcr wie derzeit zu sehen die &#8222;langweiligen&#8220; Monate nach Weihnachten in Sachen Medienzauber ganz f\u00fcr sich beanspruchen.<\/p>\n<p>Wir tippen daher, dass Apple bei seinen drei j\u00e4hrlichen Produktzyklen im iOS-Bereich bleibt: Das iPhone im Juni, iPods im September und das iPad im April.<\/p>\n","protected":false},"excerpt":{"rendered":"<p>Ger\u00fcchte: 3. iPad<br \/>\nGeneration bereits<br \/>\nim Herbst?<\/p>\n","protected":false},"author":2,"featured_media":0,"comment_status":"open","ping_status":"closed","sticky":false,"template":"","format":"standard","meta":{"_acf_changed":false,"footnotes":""},"categories":[10,19],"tags":[3910,4740],"class_list":["post-9353","post","type-post","status-publish","format-standard","hentry","category-ipad","category-topnews","tag-geruechte","tag-ipad"],"acf":[],"aioseo_notices":[],"rest_api_enabler":[],"_links":{"self":[{"href":"https:\/\/www.ifun.de\/apiv2\/wp\/v2\/posts\/9353","targetHints":{"allow":["GET"]}}],"collection":[{"href":"https:\/\/www.ifun.de\/apiv2\/wp\/v2\/posts"}],"about":[{"href":"https:\/\/www.ifun.de\/apiv2\/wp\/v2\/types\/post"}],"author":[{"embeddable":true,"href":"https:\/\/www.ifun.de\/apiv2\/wp\/v2\/users\/2"}],"replies":[{"embeddable":true,"href":"https:\/\/www.ifun.de\/apiv2\/wp\/v2\/comments?post=9353"}],"version-history":[{"count":2,"href":"https:\/\/www.ifun.de\/apiv2\/wp\/v2\/posts\/9353\/revisions"}],"predecessor-version":[{"id":9414,"href":"https:\/\/www.ifun.de\/apiv2\/wp\/v2\/posts\/9353\/revisions\/9414"}],"wp:attachment":[{"href":"https:\/\/www.ifun.de\/apiv2\/wp\/v2\/media?parent=9353"}],"wp:term":[{"taxonomy":"category","embeddable":true,"href":"https:\/\/www.ifun.de\/apiv2\/wp\/v2\/categories?post=9353"},{"taxonomy":"post_tag","embeddable":true,"href":"https:\/\/www.ifun.de\/apiv2\/wp\/v2\/tags?post=9353"}],"curies":[{"name":"wp","href":"https:\/\/api.w.org\/{rel}","templated":true}]}}