{"id":93471,"date":"2016-06-09T16:13:33","date_gmt":"2016-06-09T14:13:33","guid":{"rendered":"http:\/\/www.ifun.de\/?p=93471"},"modified":"2016-06-09T16:48:18","modified_gmt":"2016-06-09T14:48:18","slug":"v-vehicle-ein-umweltfreundliches-auto-das-2010-das-interesse-von-steve-jobs-gewann","status":"publish","type":"post","link":"https:\/\/www.ifun.de\/v-vehicle-ein-umweltfreundliches-auto-das-2010-das-interesse-von-steve-jobs-gewann-93471\/","title":{"rendered":"V-Vehicle: Ein umweltfreundliches Auto, das 2010 das Interesse von Steve Jobs gewann"},"content":{"rendered":"<p>Ungeachtet der aktuell sehr prominenten Ger\u00fcchte um einen <a href=\"http:\/\/www.ifun.de\/tag\/apple-auto\/\">Einstieg Apples in den Automarkt<\/a>: Schon der mittlerweile verstorbene Apple-Gr\u00fcnder Steve Jobs zeigte konkretes Interesse in diesem Bereich. Das britische Magazin <a href=\"https:\/\/www.theguardian.com\/technology\/2016\/jun\/09\/steve-jobs-apple-car-project-titan-jonathan-ive\">Guardian<\/a> berichtet von einem Geheimtreffen zwischen Jobs und den Entwicklern des \u201eumweltfreundlichen und effizienten\u201c, aber nie in den Handel gekommenen Kleinwagens <a href=\"https:\/\/www.greentechmedia.com\/articles\/read\/v-vehicle-kleiner-backed-efficient-car-maker-to-build-louisiana-factory\">V-Vehicle<\/a>.<\/p>\n<p><a href=\"http:\/\/images.ifun.de\/wp-content\/uploads\/2016\/06\/500-1.jpg\"><img loading=\"lazy\" decoding=\"async\" src=\"http:\/\/images.ifun.de\/wp-content\/uploads\/2016\/06\/500-1.jpg\" alt=\"500\" width=\"500\" height=\"300\" class=\"alignnone size-full wp-image-93472\" srcset=\"https:\/\/images.ifun.de\/wp-content\/uploads\/2016\/06\/500-1.jpg 500w, https:\/\/images.ifun.de\/wp-content\/uploads\/2016\/06\/500-1-300x180.jpg 300w\" sizes=\"auto, (max-width: 500px) 100vw, 500px\" \/><\/a><\/p>\n<h6>Bilder: Bryan Thompson via <a href=\"https:\/\/www.theguardian.com\/technology\/2016\/jun\/09\/steve-jobs-apple-car-project-titan-jonathan-ive\">Guardian<\/a><\/h6>\n<p>Steve Jobs habe sich im Mai 2010 mit dem Designer des V-Vehicle, Bryan Thompson, getroffen. Das Fahrzeug sollte, so hatten es seine Erfinder geplant, die Automobilindustrie aufr\u00fctteln. Extrem leicht, g\u00fcnstig und mit au\u00dfergew\u00f6hnlich niedrigem Benzinverbrauch. ein Konzept, das Jobs\u2019 Interesse fand.<\/p>\n<p>Thompson und sein Team erm\u00f6glichten dem Apple-Chef unverz\u00fcglich eine Testfahrt. Jobs habe sich begeistert \u00fcber die Gestaltung und Materialwahl gezeigt und dem Fahrzeugbauer eine lehrreiche Unterrichtseinheit in Sachen Kunststoff-Design erteilt. Eine nette Anekdote am Rande: W\u00e4hrend des Treffens bei Steve Jobs zuhause sei dessen Sohn in das Gespr\u00e4ch geplatzt und habe sich \u00fcber einen nicht funktionierenden iPhone-Prototyp beschwert.<\/p>\n<p>Die Pl\u00e4ne f\u00fcr das V-Vehicle liegen heute in den H\u00e4nden von Investoren, somit ist zumindest nicht final ausgeschlossen, dass der Wagen oder eine Weiterentwicklung davon irgendwann doch noch auf den Markt kommt.<\/p>\n","protected":false},"excerpt":{"rendered":"<a href=\"https:\/\/www.ifun.de\/v-vehicle-ein-umweltfreundliches-auto-das-2010-das-interesse-von-steve-jobs-gewann-93471\/\"><img width=\"150\" height=\"150\" src=\"https:\/\/images.ifun.de\/wp-content\/uploads\/2016\/06\/header-4-150x150.jpg\" class=\"alignright tfe wp-post-image\" alt=\"Header\" decoding=\"async\" loading=\"lazy\" \/><\/a><p>Ungeachtet der aktuell sehr prominenten Ger\u00fcchte um einen Einstieg Apples in den Automarkt: Schon der mittlerweile verstorbene Apple-Gr\u00fcnder Steve Jobs zeigte konkretes Interesse in diesem Bereich. Das britische Magazin Guardian berichtet von einem Geheimtreffen zwischen Jobs und den Entwicklern des \u201eumweltfreundlichen und effizienten\u201c, aber nie in den Handel gekommenen Kleinwagens V-Vehicle. Bilder: Bryan Thompson via [&hellip;]<\/p>\n","protected":false},"author":2,"featured_media":93473,"comment_status":"open","ping_status":"closed","sticky":false,"template":"","format":"standard","meta":{"_acf_changed":false,"footnotes":""},"categories":[1],"tags":[4736,67,3238],"class_list":["post-93471","post","type-post","status-publish","format-standard","has-post-thumbnail","hentry","category-news","tag-apple","tag-steve-jobs","tag-v-vehicle"],"acf":[],"aioseo_notices":[],"featured_image":["http:\/\/images.ifun.de\/wp-content\/uploads\/2016\/06\/header-4.jpg"],"rest_api_enabler":{"featured_image":"http:\/\/images.ifun.de\/wp-content\/uploads\/2016\/06\/header-4.jpg"},"_links":{"self":[{"href":"https:\/\/www.ifun.de\/apiv2\/wp\/v2\/posts\/93471","targetHints":{"allow":["GET"]}}],"collection":[{"href":"https:\/\/www.ifun.de\/apiv2\/wp\/v2\/posts"}],"about":[{"href":"https:\/\/www.ifun.de\/apiv2\/wp\/v2\/types\/post"}],"author":[{"embeddable":true,"href":"https:\/\/www.ifun.de\/apiv2\/wp\/v2\/users\/2"}],"replies":[{"embeddable":true,"href":"https:\/\/www.ifun.de\/apiv2\/wp\/v2\/comments?post=93471"}],"version-history":[{"count":2,"href":"https:\/\/www.ifun.de\/apiv2\/wp\/v2\/posts\/93471\/revisions"}],"predecessor-version":[{"id":93475,"href":"https:\/\/www.ifun.de\/apiv2\/wp\/v2\/posts\/93471\/revisions\/93475"}],"wp:featuredmedia":[{"embeddable":true,"href":"https:\/\/www.ifun.de\/apiv2\/wp\/v2\/media\/93473"}],"wp:attachment":[{"href":"https:\/\/www.ifun.de\/apiv2\/wp\/v2\/media?parent=93471"}],"wp:term":[{"taxonomy":"category","embeddable":true,"href":"https:\/\/www.ifun.de\/apiv2\/wp\/v2\/categories?post=93471"},{"taxonomy":"post_tag","embeddable":true,"href":"https:\/\/www.ifun.de\/apiv2\/wp\/v2\/tags?post=93471"}],"curies":[{"name":"wp","href":"https:\/\/api.w.org\/{rel}","templated":true}]}}