{"id":93218,"date":"2016-06-02T19:20:35","date_gmt":"2016-06-02T17:20:35","guid":{"rendered":"http:\/\/www.ifun.de\/?p=93218"},"modified":"2016-06-02T19:22:48","modified_gmt":"2016-06-02T17:22:48","slug":"apple-veroeffentlicht-neue-version-von-ios-9-3-2-fuer-das-ipad-pro-97","status":"publish","type":"post","link":"https:\/\/www.ifun.de\/apple-veroeffentlicht-neue-version-von-ios-9-3-2-fuer-das-ipad-pro-97-93218\/","title":{"rendered":"Apple ver\u00f6ffentlicht neue Version von iOS 9.3.2 f\u00fcr das iPad Pro 9,7&#8243;"},"content":{"rendered":"<p>Apple hat speziell f\u00fcr das iPad Pro mit 9,7-Zoll-Bildschirm eine neue Version von iOS 9.3.2 ver\u00f6ffentlicht. Es ist davon auszugehen, dass darin die mit der zuvor verf\u00fcgbaren und von Apple wieder <a href=\"http:\/\/www.ifun.de\/apple-reagiert-auf-probleme-ios-9-3-2-fuer-ipad-pro-nicht-mehr-verfuegbar-92660\/\" title=\"Apple reagiert auf Probleme: iOS 9.3.2 f\u00fcr iPad Pro nicht mehr verf\u00fcgbar\">zur\u00fcckgezogenen<\/a> urspr\u00fcnglichen Version aufgetretenen <a href=\"http:\/\/www.ifun.de\/vorsicht-ios-9-3-2-macht-ipad-pro-teils-unbenutzbar-92435\/\" title=\"Vorsicht: iOS 9.3.2 macht iPad Pro teils unbenutzbar\">Probleme<\/a> behoben sind.<\/p>\n<p><a href=\"http:\/\/images.ifun.de\/wp-content\/uploads\/2016\/05\/ipad-problem-mit-itunes-verbinden.jpg\"><img loading=\"lazy\" decoding=\"async\" src=\"http:\/\/images.ifun.de\/wp-content\/uploads\/2016\/05\/ipad-problem-mit-itunes-verbinden.jpg\" alt=\"Ipad Problem Mit Itunes Verbinden\" width=\"500\" height=\"500\" class=\"alignnone size-full wp-image-92662\" srcset=\"https:\/\/images.ifun.de\/wp-content\/uploads\/2016\/05\/ipad-problem-mit-itunes-verbinden.jpg 500w, https:\/\/images.ifun.de\/wp-content\/uploads\/2016\/05\/ipad-problem-mit-itunes-verbinden-150x150.jpg 150w, https:\/\/images.ifun.de\/wp-content\/uploads\/2016\/05\/ipad-problem-mit-itunes-verbinden-300x300.jpg 300w\" sizes=\"auto, (max-width: 500px) 100vw, 500px\" \/><\/a><\/p>\n<p>Die neue, sowohl f\u00fcr die WiFi- als auch Cellular-Variante des kleinen iPad Pro verf\u00fcgbare Systemsoftware steht \u00fcber die Softwareaktualisierung bereit und tr\u00e4gt die Build-Nummer 13F72. Die fehlerhafte Vorg\u00e4ngerversion lief unter der Nummer 13F69.<\/p>\n<p>Apple hat sich immer noch nicht offiziell zu den Problemen mit iOS 9.3.2 auf dem neuen iPad Pro ge\u00e4u\u00dfert. Tatsache ist, das eine nicht unerhebliche Zahl von Nutzern davon betroffen war. Der Apple-Support fand bislang keine L\u00f6sung, die teilweise unbenutzbaren Ger\u00e4te wiederherzustellen und hat statt dessen betroffene iPads gro\u00dfz\u00fcgig getauscht.<\/p>\n","protected":false},"excerpt":{"rendered":"<a href=\"https:\/\/www.ifun.de\/apple-veroeffentlicht-neue-version-von-ios-9-3-2-fuer-das-ipad-pro-97-93218\/\"><img decoding=\"async\" width=\"150\" src=\"http:\/\/images.ifun.de\/wp-content\/uploads\/2016\/05\/ipad-problem-mit-itunes-verbinden.jpg\" class=\"alignright wp-post-image tfe\" alt=\"Ipad Problem Mit Itunes Verbinden\" title=\"\" \/><\/a><p>Apple hat speziell f\u00fcr das iPad Pro mit 9,7-Zoll-Bildschirm eine neue Version von iOS 9.3.2 ver\u00f6ffentlicht. Es ist davon auszugehen, dass darin die mit der zuvor verf\u00fcgbaren und von Apple wieder zur\u00fcckgezogenen urspr\u00fcnglichen Version aufgetretenen Probleme behoben sind. Die neue, sowohl f\u00fcr die WiFi- als auch Cellular-Variante des kleinen iPad Pro verf\u00fcgbare Systemsoftware steht \u00fcber [&hellip;]<\/p>\n","protected":false},"author":2,"featured_media":0,"comment_status":"open","ping_status":"closed","sticky":false,"template":"","format":"standard","meta":{"_acf_changed":false,"footnotes":""},"categories":[10],"tags":[4739,3179,2486,177],"class_list":["post-93218","post","type-post","status-publish","format-standard","hentry","category-ipad","tag-ios","tag-ios-9-3-2","tag-ipad-pro","tag-problem"],"acf":[],"aioseo_notices":[],"featured_image":["http:\/\/images.iphone-ticker.de\/wp-content\/uploads\/2015\/01\/update-header.jpg"],"rest_api_enabler":{"featured_image":"http:\/\/images.iphone-ticker.de\/wp-content\/uploads\/2015\/01\/update-header.jpg"},"_links":{"self":[{"href":"https:\/\/www.ifun.de\/apiv2\/wp\/v2\/posts\/93218","targetHints":{"allow":["GET"]}}],"collection":[{"href":"https:\/\/www.ifun.de\/apiv2\/wp\/v2\/posts"}],"about":[{"href":"https:\/\/www.ifun.de\/apiv2\/wp\/v2\/types\/post"}],"author":[{"embeddable":true,"href":"https:\/\/www.ifun.de\/apiv2\/wp\/v2\/users\/2"}],"replies":[{"embeddable":true,"href":"https:\/\/www.ifun.de\/apiv2\/wp\/v2\/comments?post=93218"}],"version-history":[{"count":3,"href":"https:\/\/www.ifun.de\/apiv2\/wp\/v2\/posts\/93218\/revisions"}],"predecessor-version":[{"id":93221,"href":"https:\/\/www.ifun.de\/apiv2\/wp\/v2\/posts\/93218\/revisions\/93221"}],"wp:attachment":[{"href":"https:\/\/www.ifun.de\/apiv2\/wp\/v2\/media?parent=93218"}],"wp:term":[{"taxonomy":"category","embeddable":true,"href":"https:\/\/www.ifun.de\/apiv2\/wp\/v2\/categories?post=93218"},{"taxonomy":"post_tag","embeddable":true,"href":"https:\/\/www.ifun.de\/apiv2\/wp\/v2\/tags?post=93218"}],"curies":[{"name":"wp","href":"https:\/\/api.w.org\/{rel}","templated":true}]}}