{"id":93145,"date":"2016-06-01T17:22:07","date_gmt":"2016-06-01T15:22:07","guid":{"rendered":"http:\/\/www.ifun.de\/?p=93145"},"modified":"2016-06-01T18:47:26","modified_gmt":"2016-06-01T16:47:26","slug":"usb-c-und-oled-leiste-bilder-sollen-neues-macbook-pro-gehaeuse-zeigen","status":"publish","type":"post","link":"https:\/\/www.ifun.de\/usb-c-und-oled-leiste-bilder-sollen-neues-macbook-pro-gehaeuse-zeigen-93145\/","title":{"rendered":"USB-C und OLED-Leiste: Bilder sollen neues MacBook Pro-Geh\u00e4use zeigen"},"content":{"rendered":"<p>Vor gut einer Woche hatten wir die Ger\u00fcchte zum Thema, Apples neues MacBook komme mit einer <a href=\"http:\/\/www.ifun.de\/neues-macbook-pro-mit-oled-funktionsleiste-und-touch-id-im-herbst-92738\/\" title=\"Neues MacBook Pro mit OLED-Funktionsleiste und Touch-ID im Herbst?\">OLED-Funktionsleiste und Touch-ID<\/a>. Jetzt sind Fotos aufgetaucht, die zumindest den zus\u00e4tzlichen OLED-Bildschirm best\u00e4tigen sollen.<\/p>\n<p><a href=\"http:\/\/images.ifun.de\/wp-content\/uploads\/2016\/06\/macbook-pro-oled-leiste.jpg\"><img loading=\"lazy\" decoding=\"async\" src=\"http:\/\/images.ifun.de\/wp-content\/uploads\/2016\/06\/macbook-pro-oled-leiste.jpg\" alt=\"Macbook Pro Oled Leiste\" width=\"500\" height=\"358\" class=\"alignnone size-full wp-image-93148\" srcset=\"https:\/\/images.ifun.de\/wp-content\/uploads\/2016\/06\/macbook-pro-oled-leiste.jpg 500w, https:\/\/images.ifun.de\/wp-content\/uploads\/2016\/06\/macbook-pro-oled-leiste-300x215.jpg 300w\" sizes=\"auto, (max-width: 500px) 100vw, 500px\" \/><\/a><\/p>\n<p>Die amerikanische Webseite <a href=\"http:\/\/www.cultofmac.com\/430982\/spy-photos-all-but-confirm-2016-macbook-pros-oled-touchpad\/?=spy-photos-all-but-confirm-2016-macbook-pros-oled-touchpad\">Cult of Mac<\/a> gibt an, die Fotos von einer anonymen, angeblich f\u00fcr einen von Apples Zulieferern in China t\u00e4tigen Quelle erhalten zu haben. Wenn die Bilder authentisch sind, sehen wir darauf das Geh\u00e4use eines noch nicht ver\u00f6ffentlichten Apple-Notebooks.<\/p>\n<p>Auff\u00e4llig sind neben der Aussparung f\u00fcr die vermeintliche Touchscreen-Leiste die Vorbereitungen f\u00fcr die seitlichen Anschl\u00fcsse. Der Gr\u00f6\u00dfe nach w\u00fcrde Apple auf den alten Ladeanschluss MagSafe, HDMI-Ausgang und SD-Karten-Steckplatz verzichten und nur noch vier Anschl\u00fcsse im USB-C-Format anbieten. Das neue MacBook Pro w\u00fcrde dann wie das kleine MacBook \u00fcber USB-C geladen. Mit Blick auf die Kompatibilit\u00e4t der Anschl\u00fcsse ist davon auszugehen, dass diese auch <a href=\"http:\/\/www.ifun.de\/schnittstellen-mashup-thunderbolt-setzt-in-zukunft-auf-usb-c-stecker-77521\/\" title=\"Kombi-Schnittstelle Thunderbolt 3\/USB-C\">Thunderbolt 3<\/a> unterst\u00fctzen. Die neueste Thunderbolt-Generation setzt auf die gleichen Anschl\u00fcsse wie USB-C, Thunderbolt- und USB-Ger\u00e4te lassen sich daran dann gleicherma\u00dfen nutzen.<\/p>\n<p><a href=\"http:\/\/images.ifun.de\/wp-content\/uploads\/2016\/06\/macbook-pro-usb-c-ports.jpg\"><img loading=\"lazy\" decoding=\"async\" src=\"http:\/\/images.ifun.de\/wp-content\/uploads\/2016\/06\/macbook-pro-usb-c-ports.jpg\" alt=\"Macbook Pro Usb C Ports\" width=\"700\" height=\"258\" class=\"alignnone size-full wp-image-93149\" srcset=\"https:\/\/images.ifun.de\/wp-content\/uploads\/2016\/06\/macbook-pro-usb-c-ports.jpg 700w, https:\/\/images.ifun.de\/wp-content\/uploads\/2016\/06\/macbook-pro-usb-c-ports-300x111.jpg 300w\" sizes=\"auto, (max-width: 700px) 100vw, 700px\" \/><\/a><\/p>\n<p>Allgemein wird erwartet, dass Apple im Herbst mit neuen 13- und 15-Zoll-Modellen des MacBook Pro auf den Markt kommt. Eine Vorstellung bereits zur Entwicklerkonferenz WWDC am 13. Juni ist eher unwahrscheinlich, w\u00e4re in jedem Fall aber eine freudige \u00dcberraschung.<\/p>\n","protected":false},"excerpt":{"rendered":"<a href=\"https:\/\/www.ifun.de\/usb-c-und-oled-leiste-bilder-sollen-neues-macbook-pro-gehaeuse-zeigen-93145\/\"><img width=\"150\" height=\"150\" src=\"https:\/\/images.ifun.de\/wp-content\/uploads\/2016\/06\/macbook-pro-usb-c-ports-150x150.jpg\" class=\"alignright tfe wp-post-image\" alt=\"Macbook Pro Usb C Ports\" decoding=\"async\" loading=\"lazy\" \/><\/a><p>Vor gut einer Woche hatten wir die Ger\u00fcchte zum Thema, Apples neues MacBook komme mit einer OLED-Funktionsleiste und Touch-ID. Jetzt sind Fotos aufgetaucht, die zumindest den zus\u00e4tzlichen OLED-Bildschirm best\u00e4tigen sollen. Die amerikanische Webseite Cult of Mac gibt an, die Fotos von einer anonymen, angeblich f\u00fcr einen von Apples Zulieferern in China t\u00e4tigen Quelle erhalten zu [&hellip;]<\/p>\n","protected":false},"author":2,"featured_media":93149,"comment_status":"open","ping_status":"closed","sticky":false,"template":"","format":"standard","meta":{"_acf_changed":false,"footnotes":""},"categories":[18,1783],"tags":[224],"class_list":["post-93145","post","type-post","status-publish","format-standard","has-post-thumbnail","hentry","category-rumors","category-feature","tag-macbook-pro"],"acf":[],"aioseo_notices":[],"featured_image":["http:\/\/images.ifun.de\/wp-content\/uploads\/2016\/06\/header.jpg"],"rest_api_enabler":{"featured_image":"http:\/\/images.ifun.de\/wp-content\/uploads\/2016\/06\/header.jpg"},"_links":{"self":[{"href":"https:\/\/www.ifun.de\/apiv2\/wp\/v2\/posts\/93145","targetHints":{"allow":["GET"]}}],"collection":[{"href":"https:\/\/www.ifun.de\/apiv2\/wp\/v2\/posts"}],"about":[{"href":"https:\/\/www.ifun.de\/apiv2\/wp\/v2\/types\/post"}],"author":[{"embeddable":true,"href":"https:\/\/www.ifun.de\/apiv2\/wp\/v2\/users\/2"}],"replies":[{"embeddable":true,"href":"https:\/\/www.ifun.de\/apiv2\/wp\/v2\/comments?post=93145"}],"version-history":[{"count":3,"href":"https:\/\/www.ifun.de\/apiv2\/wp\/v2\/posts\/93145\/revisions"}],"predecessor-version":[{"id":93151,"href":"https:\/\/www.ifun.de\/apiv2\/wp\/v2\/posts\/93145\/revisions\/93151"}],"wp:featuredmedia":[{"embeddable":true,"href":"https:\/\/www.ifun.de\/apiv2\/wp\/v2\/media\/93149"}],"wp:attachment":[{"href":"https:\/\/www.ifun.de\/apiv2\/wp\/v2\/media?parent=93145"}],"wp:term":[{"taxonomy":"category","embeddable":true,"href":"https:\/\/www.ifun.de\/apiv2\/wp\/v2\/categories?post=93145"},{"taxonomy":"post_tag","embeddable":true,"href":"https:\/\/www.ifun.de\/apiv2\/wp\/v2\/tags?post=93145"}],"curies":[{"name":"wp","href":"https:\/\/api.w.org\/{rel}","templated":true}]}}