{"id":93098,"date":"2016-06-01T07:11:07","date_gmt":"2016-06-01T05:11:07","guid":{"rendered":"http:\/\/www.ifun.de\/?p=93098"},"modified":"2016-06-01T17:36:42","modified_gmt":"2016-06-01T15:36:42","slug":"prime-video-fuer-apple-tv-muss-warten-amazon-kritisiert-apples-geschaeftsmodell","status":"publish","type":"post","link":"https:\/\/www.ifun.de\/prime-video-fuer-apple-tv-muss-warten-amazon-kritisiert-apples-geschaeftsmodell-93098\/","title":{"rendered":"Prime Video f\u00fcr Apple TV muss warten: Amazon kritisiert Apples Gesch\u00e4ftsmodell"},"content":{"rendered":"<p>Amazon-Chef Jeff Bezos hat sich im Rahmen einer <a href=\"http:\/\/www.recode.net\/2016\/6\/1\/11826514\/jeff-bezos-space-save-earth\">Fachkonferenz<\/a> zu der Frage ge\u00e4u\u00dfert, warum sein Unternehmen keine Prime-Video-App f\u00fcr Apple TV anbietet. Voraussetzung hierf\u00fcr seien \u201eakzeptable Gesch\u00e4ftsbedingungen\u201c, im Detail wollte Bezos mit Verweis auf die vertraulichen Inhalte der Verhandlungen mit Apple allerdings nicht auf seine Kritik eingehen.<\/p>\n<p><a href=\"http:\/\/images.ifun.de\/wp-content\/uploads\/2016\/06\/jeff-bezos.jpg\"><img loading=\"lazy\" decoding=\"async\" src=\"http:\/\/images.ifun.de\/wp-content\/uploads\/2016\/06\/jeff-bezos.jpg\" alt=\"Jeff Bezos\" width=\"500\" height=\"295\" class=\"alignnone size-full wp-image-93099\" srcset=\"https:\/\/images.ifun.de\/wp-content\/uploads\/2016\/06\/jeff-bezos.jpg 500w, https:\/\/images.ifun.de\/wp-content\/uploads\/2016\/06\/jeff-bezos-300x177.jpg 300w\" sizes=\"auto, (max-width: 500px) 100vw, 500px\" \/><\/a><\/p>\n<p>Aus dem selben Grund hat Amazon nach Bezos Aussage auch Apple TV aus dem Verkauf genommen. Amazon habe kein Problem damit, konkurrierende Produkte zu verkaufen, und habe daher auch Roku (ein amerikanischer Apple-TV-Konkurrent), die Xbox oder die PlayStation im Angebot. Allerdings wolle man im Gegenzug auch die eigene Prime-Video-App auf dem Ger\u00e4t haben, und zwar zu akzeptablen Bedingungen. Ansonsten verzichte man auf den Verkauf um zu vermeiden, dass die eigenen Kunden entt\u00e4uscht sind, weil sie das Ger\u00e4t in der Annahme erwerben, sie k\u00f6nnten dar\u00fcber auch auf das f\u00fcr Prime-Kunden kostenlose Videoprogramm zugreifen.<\/p>\n<p>Amazon hat Ende letzten Jahres den Verkauf von Apple TV und dar\u00fcber hinaus auch Googles Chromecast <a href=\"http:\/\/www.ifun.de\/wie-angekuendigt-kein-apple-tv-mehr-bei-amazon-83817\/\" title=\"Wie angek\u00fcndigt: Kein Apple TV mehr bei Amazon\">eingestellt<\/a>. Es gab zwar mehrfach Ger\u00fcchte und auch unbest\u00e4tigte <a href=\"http:\/\/www.ifun.de\/amazon-wir-bauen-an-einer-apple-tv-app-85336\/\" title=\"Amazon: \u201eWir bauen an einer Apple TV-App\u201c\">Support-Aussagen<\/a> dahingehend, dass eine Apple-TV-App in Entwicklung sei. Die aktuellen Aussagen von Jeff Bezos deuten allerdings an, dass wir so bald nicht mit einer Ver\u00f6ffentlichung rechnen m\u00fcssen.<\/p>\n<p>Das Interview wurde live \u00fcber Facebook gestreamt und l\u00e4sst sich <a href=\"https:\/\/www.facebook.com\/RecodeDotNet\/?fref=ts\">hier nachsehen<\/a>. Die Fragen zu Apple TV wurden nach einer Stunde und 15 Minuten gestellt.<\/p>\n","protected":false},"excerpt":{"rendered":"<a href=\"https:\/\/www.ifun.de\/prime-video-fuer-apple-tv-muss-warten-amazon-kritisiert-apples-geschaeftsmodell-93098\/\"><img width=\"150\" height=\"150\" src=\"https:\/\/images.ifun.de\/wp-content\/uploads\/2016\/06\/jeff-bezos-150x150.jpg\" class=\"alignright tfe wp-post-image\" alt=\"Jeff Bezos\" decoding=\"async\" loading=\"lazy\" \/><\/a><p>Amazon-Chef Jeff Bezos hat sich im Rahmen einer Fachkonferenz zu der Frage ge\u00e4u\u00dfert, warum sein Unternehmen keine Prime-Video-App f\u00fcr Apple TV anbietet. Voraussetzung hierf\u00fcr seien \u201eakzeptable Gesch\u00e4ftsbedingungen\u201c, im Detail wollte Bezos mit Verweis auf die vertraulichen Inhalte der Verhandlungen mit Apple allerdings nicht auf seine Kritik eingehen. Aus dem selben Grund hat Amazon nach Bezos [&hellip;]<\/p>\n","protected":false},"author":2,"featured_media":93099,"comment_status":"open","ping_status":"closed","sticky":false,"template":"","format":"standard","meta":{"_acf_changed":false,"footnotes":""},"categories":[4,1783],"tags":[53,26,3135],"class_list":["post-93098","post","type-post","status-publish","format-standard","has-post-thumbnail","hentry","category-appletv","category-feature","tag-amazon","tag-apple-tv","tag-prime-video"],"acf":[],"aioseo_notices":[],"featured_image":["http:\/\/images.ifun.de\/wp-content\/uploads\/2015\/11\/apple-tv-testbild-header.jpg"],"rest_api_enabler":{"featured_image":"http:\/\/images.ifun.de\/wp-content\/uploads\/2015\/11\/apple-tv-testbild-header.jpg"},"_links":{"self":[{"href":"https:\/\/www.ifun.de\/apiv2\/wp\/v2\/posts\/93098","targetHints":{"allow":["GET"]}}],"collection":[{"href":"https:\/\/www.ifun.de\/apiv2\/wp\/v2\/posts"}],"about":[{"href":"https:\/\/www.ifun.de\/apiv2\/wp\/v2\/types\/post"}],"author":[{"embeddable":true,"href":"https:\/\/www.ifun.de\/apiv2\/wp\/v2\/users\/2"}],"replies":[{"embeddable":true,"href":"https:\/\/www.ifun.de\/apiv2\/wp\/v2\/comments?post=93098"}],"version-history":[{"count":2,"href":"https:\/\/www.ifun.de\/apiv2\/wp\/v2\/posts\/93098\/revisions"}],"predecessor-version":[{"id":93101,"href":"https:\/\/www.ifun.de\/apiv2\/wp\/v2\/posts\/93098\/revisions\/93101"}],"wp:featuredmedia":[{"embeddable":true,"href":"https:\/\/www.ifun.de\/apiv2\/wp\/v2\/media\/93099"}],"wp:attachment":[{"href":"https:\/\/www.ifun.de\/apiv2\/wp\/v2\/media?parent=93098"}],"wp:term":[{"taxonomy":"category","embeddable":true,"href":"https:\/\/www.ifun.de\/apiv2\/wp\/v2\/categories?post=93098"},{"taxonomy":"post_tag","embeddable":true,"href":"https:\/\/www.ifun.de\/apiv2\/wp\/v2\/tags?post=93098"}],"curies":[{"name":"wp","href":"https:\/\/api.w.org\/{rel}","templated":true}]}}