{"id":92957,"date":"2016-05-27T17:25:37","date_gmt":"2016-05-27T15:25:37","guid":{"rendered":"http:\/\/www.ifun.de\/?p=92957"},"modified":"2016-05-27T17:32:07","modified_gmt":"2016-05-27T15:32:07","slug":"airport-extreme-und-time-capsule-in-usa-nicht-in-apple-stores-verfuegbar-neue-versionen-zur-wwdc","status":"publish","type":"post","link":"https:\/\/www.ifun.de\/airport-extreme-und-time-capsule-in-usa-nicht-in-apple-stores-verfuegbar-neue-versionen-zur-wwdc-92957\/","title":{"rendered":"AirPort Extreme und Time Capsule in USA nicht in Apple Stores verf\u00fcgbar &#8211; Neue Versionen zur WWDC?"},"content":{"rendered":"<p>Apples Netzwerkstationen <a href=\"http:\/\/ifun.de\/applestore\/http:\/\/store.apple.com\/de\/go\/product\/ME918\">AirPort Extreme<\/a> und <a href=\"http:\/\/ifun.de\/applestore\/http:\/\/store.apple.com\/de\/go\/product\/ME177\">AirPort Time Capsule<\/a> kommen m\u00f6glicherweise in den n\u00e4chsten Wochen in einer neuen Version. <a href=\"http:\/\/www.macrumors.com\/2016\/05\/27\/airport-out-of-stock-us-apple-stores\/\" title=\"AirPort Extreme and Time Capsule Out of Stock at U.S. Apple Stores\">Berichten aus den USA<\/a> zufolge bietet Apple die Ger\u00e4te dort derzeit nicht mehr \u00fcber die hauseigenen Ladengesch\u00e4fte an.<\/p>\n<p><a href=\"http:\/\/images.ifun.de\/wp-content\/uploads\/2016\/05\/apple-time-capsule.jpg\"><img loading=\"lazy\" decoding=\"async\" src=\"http:\/\/images.ifun.de\/wp-content\/uploads\/2016\/05\/apple-time-capsule.jpg\" alt=\"Apple Time Capsule\" width=\"500\" height=\"400\" class=\"alignnone size-full wp-image-92962\" srcset=\"https:\/\/images.ifun.de\/wp-content\/uploads\/2016\/05\/apple-time-capsule.jpg 500w, https:\/\/images.ifun.de\/wp-content\/uploads\/2016\/05\/apple-time-capsule-300x240.jpg 300w\" sizes=\"auto, (max-width: 500px) 100vw, 500px\" \/><\/a><\/p>\n<p>Die Meldung \u00fcber die eingeschr\u00e4nkte Verf\u00fcgbarkeit erreicht uns rund zwei Wochen vor Beginn der Entwicklerkonferenz <a href=\"http:\/\/www.ifun.de\/siri-nennt-das-datum-entwicklerkonferenz-wwdc-2016-startet-am-13-juni-91300\/\" title=\"Siri nennt das Datum: Entwicklerkonferenz WWDC 2016 startet am 13. Juni\">WWDC<\/a>. Am 13. Juni wird voraussichtlich Tim Cook die Er\u00f6ffnungsveranstaltung moderieren, und neben einem Ausblick auf die kommenden Versionen von OS X, iOS, tvOS und watchOS k\u00f6nnte der Apple-Chef durchaus auch die eine oder andere Hardware-Neuerung im Gep\u00e4ck haben.<\/p>\n<p>Die aktuellen Versionen von AirPort Extreme und Time Capsule haben mittlerweile drei Jahre auf dem Buckel und wurden im Sommer 2013 ebenfalls <a href=\"http:\/\/www.ifun.de\/neues-macbook-air-und-airport-extreme-verfuegbar-mac-pro-vorgestellt-41118\/\">auf der WWDC vorgestellt<\/a>. Erst diese Woche hat Apple eines der eher seltenen <a href=\"http:\/\/www.ifun.de\/firmware-update-fuer-airport-stationen-und-time-capsule-verfuebar-92808\/\">Updates<\/a> f\u00fcr die hauseigenen Netzwerkstationen ver\u00f6ffentlicht und f\u00fcr diverse, auch \u00e4ltere Modelle neue Firmware-Versionen bereitgestellt.<\/p>\n<p>In Deutschland sind die aktuellen AirPort-Produkte weiterhin sowohl Online als auch in den Apple-Ladengesch\u00e4ften verf\u00fcgbar. Dennoch: Wenn es nicht eilt, w\u00fcrden wir mit dem Kauf einer AirPort-Station oder Time Capsule lieber noch bis Mitte Juni warten.<\/p>\n","protected":false},"excerpt":{"rendered":"<a href=\"https:\/\/www.ifun.de\/airport-extreme-und-time-capsule-in-usa-nicht-in-apple-stores-verfuegbar-neue-versionen-zur-wwdc-92957\/\"><img width=\"150\" height=\"150\" src=\"https:\/\/images.ifun.de\/wp-content\/uploads\/2016\/05\/apple-time-capsule-150x150.jpg\" class=\"alignright tfe wp-post-image\" alt=\"Apple Time Capsule\" decoding=\"async\" loading=\"lazy\" \/><\/a><p>Apples Netzwerkstationen AirPort Extreme und AirPort Time Capsule kommen m\u00f6glicherweise in den n\u00e4chsten Wochen in einer neuen Version. Berichten aus den USA zufolge bietet Apple die Ger\u00e4te dort derzeit nicht mehr \u00fcber die hauseigenen Ladengesch\u00e4fte an. Die Meldung \u00fcber die eingeschr\u00e4nkte Verf\u00fcgbarkeit erreicht uns rund zwei Wochen vor Beginn der Entwicklerkonferenz WWDC. Am 13. Juni [&hellip;]<\/p>\n","protected":false},"author":2,"featured_media":92962,"comment_status":"open","ping_status":"closed","sticky":false,"template":"","format":"standard","meta":{"_acf_changed":false,"footnotes":""},"categories":[22],"tags":[103,4736],"class_list":["post-92957","post","type-post","status-publish","format-standard","has-post-thumbnail","hentry","category-zubehor","tag-airport","tag-apple"],"acf":[],"aioseo_notices":[],"featured_image":["http:\/\/images.ifun.de\/wp-content\/uploads\/2016\/05\/airport-extreme-header.jpg"],"rest_api_enabler":{"featured_image":"http:\/\/images.ifun.de\/wp-content\/uploads\/2016\/05\/airport-extreme-header.jpg"},"_links":{"self":[{"href":"https:\/\/www.ifun.de\/apiv2\/wp\/v2\/posts\/92957","targetHints":{"allow":["GET"]}}],"collection":[{"href":"https:\/\/www.ifun.de\/apiv2\/wp\/v2\/posts"}],"about":[{"href":"https:\/\/www.ifun.de\/apiv2\/wp\/v2\/types\/post"}],"author":[{"embeddable":true,"href":"https:\/\/www.ifun.de\/apiv2\/wp\/v2\/users\/2"}],"replies":[{"embeddable":true,"href":"https:\/\/www.ifun.de\/apiv2\/wp\/v2\/comments?post=92957"}],"version-history":[{"count":4,"href":"https:\/\/www.ifun.de\/apiv2\/wp\/v2\/posts\/92957\/revisions"}],"predecessor-version":[{"id":92964,"href":"https:\/\/www.ifun.de\/apiv2\/wp\/v2\/posts\/92957\/revisions\/92964"}],"wp:featuredmedia":[{"embeddable":true,"href":"https:\/\/www.ifun.de\/apiv2\/wp\/v2\/media\/92962"}],"wp:attachment":[{"href":"https:\/\/www.ifun.de\/apiv2\/wp\/v2\/media?parent=92957"}],"wp:term":[{"taxonomy":"category","embeddable":true,"href":"https:\/\/www.ifun.de\/apiv2\/wp\/v2\/categories?post=92957"},{"taxonomy":"post_tag","embeddable":true,"href":"https:\/\/www.ifun.de\/apiv2\/wp\/v2\/tags?post=92957"}],"curies":[{"name":"wp","href":"https:\/\/api.w.org\/{rel}","templated":true}]}}