{"id":92738,"date":"2016-05-24T07:31:47","date_gmt":"2016-05-24T05:31:47","guid":{"rendered":"http:\/\/www.ifun.de\/?p=92738"},"modified":"2016-05-25T20:32:36","modified_gmt":"2016-05-25T18:32:36","slug":"neues-macbook-pro-mit-oled-funktionsleiste-und-touch-id-im-herbst","status":"publish","type":"post","link":"https:\/\/www.ifun.de\/neues-macbook-pro-mit-oled-funktionsleiste-und-touch-id-im-herbst-92738\/","title":{"rendered":"Neues MacBook Pro mit OLED-Funktionsleiste und Touch-ID im Herbst?"},"content":{"rendered":"<p>Wer nicht auf Apples 12\u201c-MacBook scharf ist, sondern auf die Aktualisierung der MacBook-Pro-Modelle wartet, muss sich vermutlich noch bis zum Herbst gedulden. Aktuellen Ger\u00fcchten zufolge wird Apple im vierten Quartal dieses Jahres mit neuen 13- und 15-Zoll-Modellen auf den Markt kommen.<\/p>\n<p><a href=\"http:\/\/images.ifun.de\/wp-content\/uploads\/2016\/05\/macbook-pro.jpg\"><img loading=\"lazy\" decoding=\"async\" src=\"http:\/\/images.ifun.de\/wp-content\/uploads\/2016\/05\/macbook-pro.jpg\" alt=\"Macbook Pro\" width=\"500\" height=\"220\" class=\"alignnone size-full wp-image-92740\" srcset=\"https:\/\/images.ifun.de\/wp-content\/uploads\/2016\/05\/macbook-pro.jpg 500w, https:\/\/images.ifun.de\/wp-content\/uploads\/2016\/05\/macbook-pro-300x132.jpg 300w\" sizes=\"auto, (max-width: 500px) 100vw, 500px\" \/><\/a><\/p>\n<p>Das kommende MacBook-Pro-Update soll es allerdings in sich haben. Neben zeitgem\u00e4\u00dfen Verbesserungen unter der Haube wird erwartet, dass die Ger\u00e4te noch d\u00fcnner und leichter werden als die aktuellen Modelle. Zudem soll Apple die Leiste mit den Funktionstasten beim neue MacBook Pro durch einen langgezogenen OLED-Touch-Bildschirm ersetzen und die Ger\u00e4te mit einem Touch-ID-Fingerabdrucksensor sowie der neuen <a href=\"http:\/\/www.ifun.de\/schnittstellen-mashup-thunderbolt-setzt-in-zukunft-auf-usb-c-stecker-77521\/\">Kombi-Schnittstelle Thunderbolt 3\/USB-C<\/a> ausstatten.<\/p>\n<p>Das klingt jetzt erstmal nach \u201ealle Ger\u00fcchte in einen Topf geworfen\u201c, die Quelle ist mit dem Analyst <a href=\"http:\/\/www.macrumors.com\/2016\/05\/23\/macbook-pro-2016-oled-display-touch-bar\/\">Ming-Chi Kuo<\/a> von KGI Securities allerdings eine der in der Vergangenheit zuverl\u00e4ssigsten seiner Branche. Kuo selbst bezeichnet Apples MacBook-Update 2016 dann auch als den herausragenden Punkt mit Blick auf die Neuvorstellungen im aktuellen Jahr.<\/p>\n<p>Erg\u00e4nzend zu den neuen MacBooks soll Apple zudem eine MacBook mit 13\u201c-Zoll-Bildschirm als Erg\u00e4nzung zu dem im April vorgestellten <a href=\"http:\/\/www.ifun.de\/12-macbook-2016-neue-prozessoren-neue-farbe-mehr-ram-91341\/\">12-Zoll-Modell<\/a> bringen. Apple setzt dem Analysten zufolge auch k\u00fcnftig weiter auf drei Notebook-Linien: Das MacBook Air soll auch k\u00fcnftig das Einsteiger-Segment abdecken, das MacBook mit 12 und dann auch 13 Zoll den mittleren Bereich und die MacBook-Pro-Modelle k\u00fcmmern sich um High-End-Anwender.<\/p>\n<p>Wenn es dabei bleibt, bleibt eine Vorstellung neuer Apple-Notebooks im Rahmen der <a href=\"http:\/\/www.ifun.de\/siri-nennt-das-datum-entwicklerkonferenz-wwdc-2016-startet-am-13-juni-91300\/\" title=\"Siri nennt das Datum: Entwicklerkonferenz WWDC 2016 startet am 13. Juni\">Entwicklerkonferenz WWDC<\/a> im kommenden Monat aus. Das Unternehmen hat die in diesem Jahr am 13. Juni stattfindende Auftaktveranstaltung zum weltweiten Entwicklertreffen in der Vergangenheit regelm\u00e4\u00dfig auch zur Vorstellung neuer Hardware genutzt.<\/p>\n","protected":false},"excerpt":{"rendered":"<a href=\"https:\/\/www.ifun.de\/neues-macbook-pro-mit-oled-funktionsleiste-und-touch-id-im-herbst-92738\/\"><img width=\"150\" height=\"150\" src=\"https:\/\/images.ifun.de\/wp-content\/uploads\/2016\/05\/macbook-header-150x150.jpg\" class=\"alignright tfe wp-post-image\" alt=\"Macbook Header\" decoding=\"async\" loading=\"lazy\" \/><\/a><p>Wer nicht auf Apples 12\u201c-MacBook scharf ist, sondern auf die Aktualisierung der MacBook-Pro-Modelle wartet, muss sich vermutlich noch bis zum Herbst gedulden. Aktuellen Ger\u00fcchten zufolge wird Apple im vierten Quartal dieses Jahres mit neuen 13- und 15-Zoll-Modellen auf den Markt kommen. Das kommende MacBook-Pro-Update soll es allerdings in sich haben. Neben zeitgem\u00e4\u00dfen Verbesserungen unter der [&hellip;]<\/p>\n","protected":false},"author":2,"featured_media":92741,"comment_status":"open","ping_status":"closed","sticky":false,"template":"","format":"standard","meta":{"_acf_changed":false,"footnotes":""},"categories":[18,1783],"tags":[3910,224,925,2354],"class_list":["post-92738","post","type-post","status-publish","format-standard","has-post-thumbnail","hentry","category-rumors","category-feature","tag-geruechte","tag-macbook-pro","tag-oled","tag-touch-id"],"acf":[],"aioseo_notices":[],"featured_image":["http:\/\/images.ifun.de\/wp-content\/uploads\/2016\/05\/macbook-header.jpg"],"rest_api_enabler":{"featured_image":"http:\/\/images.ifun.de\/wp-content\/uploads\/2016\/05\/macbook-header.jpg"},"_links":{"self":[{"href":"https:\/\/www.ifun.de\/apiv2\/wp\/v2\/posts\/92738","targetHints":{"allow":["GET"]}}],"collection":[{"href":"https:\/\/www.ifun.de\/apiv2\/wp\/v2\/posts"}],"about":[{"href":"https:\/\/www.ifun.de\/apiv2\/wp\/v2\/types\/post"}],"author":[{"embeddable":true,"href":"https:\/\/www.ifun.de\/apiv2\/wp\/v2\/users\/2"}],"replies":[{"embeddable":true,"href":"https:\/\/www.ifun.de\/apiv2\/wp\/v2\/comments?post=92738"}],"version-history":[{"count":5,"href":"https:\/\/www.ifun.de\/apiv2\/wp\/v2\/posts\/92738\/revisions"}],"predecessor-version":[{"id":92861,"href":"https:\/\/www.ifun.de\/apiv2\/wp\/v2\/posts\/92738\/revisions\/92861"}],"wp:featuredmedia":[{"embeddable":true,"href":"https:\/\/www.ifun.de\/apiv2\/wp\/v2\/media\/92741"}],"wp:attachment":[{"href":"https:\/\/www.ifun.de\/apiv2\/wp\/v2\/media?parent=92738"}],"wp:term":[{"taxonomy":"category","embeddable":true,"href":"https:\/\/www.ifun.de\/apiv2\/wp\/v2\/categories?post=92738"},{"taxonomy":"post_tag","embeddable":true,"href":"https:\/\/www.ifun.de\/apiv2\/wp\/v2\/tags?post=92738"}],"curies":[{"name":"wp","href":"https:\/\/api.w.org\/{rel}","templated":true}]}}