{"id":92592,"date":"2016-05-19T15:51:12","date_gmt":"2016-05-19T13:51:12","guid":{"rendered":"http:\/\/www.ifun.de\/?p=92592"},"modified":"2016-05-19T17:37:39","modified_gmt":"2016-05-19T15:37:39","slug":"vor-15-jahren-oeffnete-der-erste-apple-store","status":"publish","type":"post","link":"https:\/\/www.ifun.de\/vor-15-jahren-oeffnete-der-erste-apple-store-92592\/","title":{"rendered":"Vor 15 Jahren \u00f6ffnete der erste Apple Store"},"content":{"rendered":"<p>Heute vor 15 Jahren wurden im kalifornischen Glendale und in Tysons Corner, Virginia die ersten beiden Apple Stores er\u00f6ffnet. Das anfangs umstrittene Konzept wurde schnell zum Erfolg, Apple betreibt heute rund um den Globus 478 Ladengesch\u00e4fte, 14 davon in Deutschland.<\/p>\n<p><div class=\"responsive-video\"><iframe loading=\"lazy\" width=\"500\" height=\"375\" src=\"https:\/\/www.youtube-nocookie.com\/embed\/xLTNfIaL5YI?rel=0\" frameborder=\"0\" allowfullscreen><\/iframe><\/div><\/p>\n<p>Im Video oben seht ihr den ehemaligen Apple-Chef Steve Jobs mit Begeisterung das neue Store-Konzept erkl\u00e4ren. Die Aufnahme stammt aus dem Jahr 2001 und zeigt den Apple Store Tysons Corner.<\/p>\n<p>Auch der Apple Store Fifth Avenue in New York feiert heute Jubil\u00e4um. Die unterirdische Filiale mit dem charakteristischen Glasw\u00fcrfel \u00fcber dem Eingang \u00f6ffnete vor genau zehn Jahren und ist bis heute wohl der bekannteste Apple Store weltweit. Aktuellen Ger\u00fcchten zufolge will Apple Verkaufsfl\u00e4che in der Fifth Avenue aufgrund der hohen Nachfrage erweitern, zeigt sich bislang allerdings nicht mit den Mietforderungen der verf\u00fcgbaren Ladenfl\u00e4chen einverstanden.<\/p>\n<p>Der erste deutsche Apple Store \u00f6ffnete <a href=\"https:\/\/www.flickr.com\/photos\/ifun\/sets\/72157610727016829\/\">am 6. Dezember 2008<\/a> in M\u00fcnchen. Bis zu 4000 Apple-Fans blockierten damals zeitweise die komplette Rosenstra\u00dfe in der M\u00fcnchener Innenstadt.<\/p>\n<p><a href=\"http:\/\/images.ifun.de\/wp-content\/uploads\/2016\/05\/apple-store-muenchen-eroeffnung.jpg\"><img loading=\"lazy\" decoding=\"async\" src=\"http:\/\/images.ifun.de\/wp-content\/uploads\/2016\/05\/apple-store-muenchen-eroeffnung.jpg\" alt=\"Apple Store Muenchen Eroeffnung\" width=\"700\" height=\"385\" class=\"alignnone size-full wp-image-92594\" srcset=\"https:\/\/images.ifun.de\/wp-content\/uploads\/2016\/05\/apple-store-muenchen-eroeffnung.jpg 700w, https:\/\/images.ifun.de\/wp-content\/uploads\/2016\/05\/apple-store-muenchen-eroeffnung-300x165.jpg 300w\" sizes=\"auto, (max-width: 700px) 100vw, 700px\" \/><\/a><\/p>\n","protected":false},"excerpt":{"rendered":"<a href=\"https:\/\/www.ifun.de\/vor-15-jahren-oeffnete-der-erste-apple-store-92592\/\"><img width=\"150\" height=\"150\" src=\"https:\/\/images.ifun.de\/wp-content\/uploads\/2016\/05\/apple-store-opening-header-150x150.jpg\" class=\"alignright tfe wp-post-image\" alt=\"Apple Store Opening Header\" decoding=\"async\" loading=\"lazy\" \/><\/a><p>Heute vor 15 Jahren wurden im kalifornischen Glendale und in Tysons Corner, Virginia die ersten beiden Apple Stores er\u00f6ffnet. Das anfangs umstrittene Konzept wurde schnell zum Erfolg, Apple betreibt heute rund um den Globus 478 Ladengesch\u00e4fte, 14 davon in Deutschland. Im Video oben seht ihr den ehemaligen Apple-Chef Steve Jobs mit Begeisterung das neue Store-Konzept [&hellip;]<\/p>\n","protected":false},"author":2,"featured_media":92595,"comment_status":"open","ping_status":"closed","sticky":false,"template":"","format":"standard","meta":{"_acf_changed":false,"footnotes":""},"categories":[3],"tags":[49],"class_list":["post-92592","post","type-post","status-publish","format-standard","has-post-thumbnail","hentry","category-apple","tag-apple-store"],"acf":[],"aioseo_notices":[],"featured_image":["http:\/\/images.ifun.de\/wp-content\/uploads\/2016\/05\/apple-store-opening-header.jpg"],"rest_api_enabler":{"featured_image":"http:\/\/images.ifun.de\/wp-content\/uploads\/2016\/05\/apple-store-opening-header.jpg"},"_links":{"self":[{"href":"https:\/\/www.ifun.de\/apiv2\/wp\/v2\/posts\/92592","targetHints":{"allow":["GET"]}}],"collection":[{"href":"https:\/\/www.ifun.de\/apiv2\/wp\/v2\/posts"}],"about":[{"href":"https:\/\/www.ifun.de\/apiv2\/wp\/v2\/types\/post"}],"author":[{"embeddable":true,"href":"https:\/\/www.ifun.de\/apiv2\/wp\/v2\/users\/2"}],"replies":[{"embeddable":true,"href":"https:\/\/www.ifun.de\/apiv2\/wp\/v2\/comments?post=92592"}],"version-history":[{"count":4,"href":"https:\/\/www.ifun.de\/apiv2\/wp\/v2\/posts\/92592\/revisions"}],"predecessor-version":[{"id":92606,"href":"https:\/\/www.ifun.de\/apiv2\/wp\/v2\/posts\/92592\/revisions\/92606"}],"wp:featuredmedia":[{"embeddable":true,"href":"https:\/\/www.ifun.de\/apiv2\/wp\/v2\/media\/92595"}],"wp:attachment":[{"href":"https:\/\/www.ifun.de\/apiv2\/wp\/v2\/media?parent=92592"}],"wp:term":[{"taxonomy":"category","embeddable":true,"href":"https:\/\/www.ifun.de\/apiv2\/wp\/v2\/categories?post=92592"},{"taxonomy":"post_tag","embeddable":true,"href":"https:\/\/www.ifun.de\/apiv2\/wp\/v2\/tags?post=92592"}],"curies":[{"name":"wp","href":"https:\/\/api.w.org\/{rel}","templated":true}]}}