{"id":92326,"date":"2016-05-11T16:13:40","date_gmt":"2016-05-11T14:13:40","guid":{"rendered":"http:\/\/www.ifun.de\/?p=92326"},"modified":"2016-05-12T10:44:40","modified_gmt":"2016-05-12T08:44:40","slug":"alle-warten-auf-neue-macbooks-apple-verkauft-40-weniger-notebooks","status":"publish","type":"post","link":"https:\/\/www.ifun.de\/alle-warten-auf-neue-macbooks-apple-verkauft-40-weniger-notebooks-92326\/","title":{"rendered":"Alle warten auf neue MacBooks: Apple verkauft 40% weniger Notebooks"},"content":{"rendered":"<p>Apples Laptop-Familie wartet noch immer auf ihren gro\u00dfen Refresh. Zwar k\u00fcmmerte sich Cupertino <a href=\"http:\/\/www.ifun.de\/12-macbook-2016-neue-prozessoren-neue-farbe-mehr-ram-91341\/\">am 19. April<\/a> um sein ultra-portables <a href=\"http:\/\/www.ifun.de\/suche\/macbook\">MacBook<\/a> und schickte eine leicht verbesserte Ausgabe des Modells mit dem einen USB-C-Anschluss in die Spur; das MacBook Air und das MacBook Pro warten jedoch nach wie vor auf ihre Ber\u00fccksichtigung. <\/p>\n<p><a href=\"http:\/\/images.ifun.de\/wp-content\/uploads\/2016\/04\/macbook-500.jpg\"><img loading=\"lazy\" decoding=\"async\" src=\"http:\/\/images.ifun.de\/wp-content\/uploads\/2016\/04\/macbook-500.jpg\" alt=\"macbook-500\" width=\"500\" height=\"202\" class=\"aligncenter size-full wp-image-91343\" srcset=\"https:\/\/images.ifun.de\/wp-content\/uploads\/2016\/04\/macbook-500.jpg 500w, https:\/\/images.ifun.de\/wp-content\/uploads\/2016\/04\/macbook-500-300x121.jpg 300w\" sizes=\"auto, (max-width: 500px) 100vw, 500px\" \/><\/a><\/p>\n<p>So wurde das MacBook Pro zuletzt vor ziemlich genau einem Jahr mit seiner j\u00fcngsten Hardware-Revision bedacht, beim MacBook Air haben sich die Innereien seit \u00fcber 400 Tagen nicht mehr ver\u00e4ndert. 400 Tage! In Internetjahre umgerechnet, n\u00e4hern wir uns hier einer zweistelligen Zahl. <\/p>\n<p>Inzwischen scheinen sich die tr\u00e4gen Hardware-Updates sogar auf den Ger\u00e4te-Absatz Apples <a href=\"http:\/\/www.macrumors.com\/2016\/05\/11\/mac-notebook-sales-1q16-trendforce\/\">auszuwirken<\/a>. So hat Apple im zur\u00fcckliegenden Quartal nicht nur deutlich weniger Laptops (2,5 Mio.) als im vergleichbaren Vorjahres-Quartal (3,4 Mio.) \u00fcber die Tresen gereicht, auch der von den tragbaren Macs besetzte Marktanteil ist von 8,8% auf 7,1% geschrumpft. Die potentiellen Kunden warten. <\/p>\n<p><a href=\"http:\/\/images.ifun.de\/wp-content\/uploads\/2016\/05\/mac-absatz.jpg\"><img loading=\"lazy\" decoding=\"async\" src=\"http:\/\/images.ifun.de\/wp-content\/uploads\/2016\/05\/mac-absatz.jpg\" alt=\"Mac Absatz\" width=\"700\" height=\"399\" class=\"aligncenter size-full wp-image-92327\" srcset=\"https:\/\/images.ifun.de\/wp-content\/uploads\/2016\/05\/mac-absatz.jpg 700w, https:\/\/images.ifun.de\/wp-content\/uploads\/2016\/05\/mac-absatz-300x171.jpg 300w\" sizes=\"auto, (max-width: 700px) 100vw, 700px\" \/><\/a><\/p>\n<h6>Bild: Barefigur.es<\/h6>\n<p>Im direkten Vergleich mit dem Weihnachtsquartal, darauf macht der Marktbeobachter Trendforce <a href=\"http:\/\/press.trendforce.com\/press\/20160510-2472.html\">aufmerksam<\/a>, hat Apples MacBook-Sparte sogar mit einem Absatz-R\u00fcckgang von 40% zu k\u00e4mpfen: &#8222;Apple suffered a 40% quarterly decline in MacBook shipments as most brands went through a difficult off season.&#8220;<\/p>\n<p>Zahlen, dies muss angemerkt werden, bei denen es sich um gesch\u00e4tzte Werte der Makrtbeobachter handelt. Apple selbst unterscheidet seit dem 4. Quartal 2012 nicht mehr zwischen Notebooks und Desktop-Rechnern (iMac, Mac Pro, Mac Mini), sondern informiert nur noch \u00fcber die insgesamt abgesetzten Einheiten. <\/p>\n","protected":false},"excerpt":{"rendered":"<a href=\"https:\/\/www.ifun.de\/alle-warten-auf-neue-macbooks-apple-verkauft-40-weniger-notebooks-92326\/\"><img width=\"150\" height=\"150\" src=\"https:\/\/images.ifun.de\/wp-content\/uploads\/2016\/05\/mac-absatz-150x150.jpg\" class=\"alignright tfe wp-post-image\" alt=\"Mac Absatz\" decoding=\"async\" loading=\"lazy\" \/><\/a><p>Apples Laptop-Familie wartet noch immer auf ihren gro\u00dfen Refresh. Zwar k\u00fcmmerte sich Cupertino am 19. April um sein ultra-portables MacBook und schickte eine leicht verbesserte Ausgabe des Modells mit dem einen USB-C-Anschluss in die Spur; das MacBook Air und das MacBook Pro warten jedoch nach wie vor auf ihre Ber\u00fccksichtigung. So wurde das MacBook Pro [&hellip;]<\/p>\n","protected":false},"author":1,"featured_media":92327,"comment_status":"open","ping_status":"closed","sticky":false,"template":"","format":"standard","meta":{"_acf_changed":false,"footnotes":""},"categories":[3,1783],"tags":[4736,144,225],"class_list":["post-92326","post","type-post","status-publish","format-standard","has-post-thumbnail","hentry","category-apple","category-feature","tag-apple","tag-macbook","tag-zahlen"],"acf":[],"aioseo_notices":[],"featured_image":["http:\/\/images.ifun.de\/wp-content\/uploads\/2016\/04\/macbook-header.jpg"],"rest_api_enabler":{"featured_image":"http:\/\/images.ifun.de\/wp-content\/uploads\/2016\/04\/macbook-header.jpg"},"_links":{"self":[{"href":"https:\/\/www.ifun.de\/apiv2\/wp\/v2\/posts\/92326","targetHints":{"allow":["GET"]}}],"collection":[{"href":"https:\/\/www.ifun.de\/apiv2\/wp\/v2\/posts"}],"about":[{"href":"https:\/\/www.ifun.de\/apiv2\/wp\/v2\/types\/post"}],"author":[{"embeddable":true,"href":"https:\/\/www.ifun.de\/apiv2\/wp\/v2\/users\/1"}],"replies":[{"embeddable":true,"href":"https:\/\/www.ifun.de\/apiv2\/wp\/v2\/comments?post=92326"}],"version-history":[{"count":1,"href":"https:\/\/www.ifun.de\/apiv2\/wp\/v2\/posts\/92326\/revisions"}],"predecessor-version":[{"id":92328,"href":"https:\/\/www.ifun.de\/apiv2\/wp\/v2\/posts\/92326\/revisions\/92328"}],"wp:featuredmedia":[{"embeddable":true,"href":"https:\/\/www.ifun.de\/apiv2\/wp\/v2\/media\/92327"}],"wp:attachment":[{"href":"https:\/\/www.ifun.de\/apiv2\/wp\/v2\/media?parent=92326"}],"wp:term":[{"taxonomy":"category","embeddable":true,"href":"https:\/\/www.ifun.de\/apiv2\/wp\/v2\/categories?post=92326"},{"taxonomy":"post_tag","embeddable":true,"href":"https:\/\/www.ifun.de\/apiv2\/wp\/v2\/tags?post=92326"}],"curies":[{"name":"wp","href":"https:\/\/api.w.org\/{rel}","templated":true}]}}