{"id":91677,"date":"2016-04-26T14:50:29","date_gmt":"2016-04-26T12:50:29","guid":{"rendered":"http:\/\/www.ifun.de\/?p=91677"},"modified":"2016-04-26T14:50:29","modified_gmt":"2016-04-26T12:50:29","slug":"neu-fuer-apple-tv-saarlaendischer-rundfunk-mediathek","status":"publish","type":"post","link":"https:\/\/www.ifun.de\/neu-fuer-apple-tv-saarlaendischer-rundfunk-mediathek-91677\/","title":{"rendered":"Neu f\u00fcr Apple TV: Saarl\u00e4ndischer Rundfunk Mediathek"},"content":{"rendered":"<p>Mit der ARD-Mediathek f\u00fcr Apple TV k\u00f6nnen wir weiterhin nicht dienen, allerdings ist mit dem Saarl\u00e4ndischen Rundfunk nun die erste Landesrundfunkanstalt auf Apples Set-Top-Box vertreten.<\/p>\n<p><a href=\"http:\/\/images.ifun.de\/wp-content\/uploads\/2016\/04\/sr-mediathek-500.jpg\" rel=\"attachment wp-att-91679\"><img loading=\"lazy\" decoding=\"async\" src=\"http:\/\/images.ifun.de\/wp-content\/uploads\/2016\/04\/sr-mediathek-500.jpg\" alt=\"sr-mediathek-500\" width=\"500\" height=\"281\" class=\"alignnone size-full wp-image-91679\" srcset=\"https:\/\/images.ifun.de\/wp-content\/uploads\/2016\/04\/sr-mediathek-500.jpg 500w, https:\/\/images.ifun.de\/wp-content\/uploads\/2016\/04\/sr-mediathek-500-300x169.jpg 300w\" sizes=\"auto, (max-width: 500px) 100vw, 500px\" \/><\/a><\/p>\n<p>Die <a href=\"https:\/\/itunes.apple.com\/de\/app\/sr-mediathek\/id1098667570?mt=8\">SR Mediathek<\/a> bietet nicht nur Zugriff auf On-Demand-Inhalte des Senders, sondern auch die Live-Streams des SR Fernsehens sowie verschiedener H\u00f6rfunkprogramme. Verpasste TV-Sendungen lassen sich alphabetisch, nach Tagen sortiert oder \u00fcber eine Suchfunktion finden.<\/p>\n<p>Ganz praktisch ist die in die App integrierte Merkliste. Ihr k\u00f6nnt beim St\u00f6bern im Archiv einzelne Sendungen markieren, und \u00fcber die Merkliste sp\u00e4ter schnell darauf zuzugreifen.<\/p>\n<p>Ihr findet die App \u00fcber die Suche nach \u201eSR Mediathek\u201c im App Store f\u00fcr Apple TV. Der Download ist kostenlos. F\u00fcr iOS hat der Saarl\u00e4ndische Rundfunk weiterhin nur eine f\u00fcr das iPhone optimierte Mediathek-App im Programm.<\/p>\n<div id=\"article-single-app-preview\">\n<div id=\"article-single-app-preview-icon\"><img loading=\"lazy\" decoding=\"async\" src=\"https:\/\/www.ifun.de\/wp-content\/plugins\/appstore-lookup\/timthumb.php?src=http:\/\/placekitten.com\/57\/57&zc=0&amp;w=72&amp;q=80\"  alt=\"App Icon\"  height=\"72\" width=\"72\" class=\"asl-icon-img\" \/><\/div>\n<div id=\"article-single-app-preview-desc\"><span class=\"name\">App Not Found<\/span><br \/>\n<span class=\"seller\">Seller Not Found<\/span><\/div>\n<a href=\"http:\/\/www.ifun.de\/app\/331274911\"><div id=\"article-single-app-preview-download\">Free<br \/>\n<span class=\"size\">19.73MB<\/span><\/div><\/a>\n<\/div>\n","protected":false},"excerpt":{"rendered":"<a href=\"https:\/\/www.ifun.de\/neu-fuer-apple-tv-saarlaendischer-rundfunk-mediathek-91677\/\"><img width=\"150\" height=\"150\" src=\"https:\/\/images.ifun.de\/wp-content\/uploads\/2016\/04\/sr-mediathek-header-150x150.jpg\" class=\"alignright tfe wp-post-image\" alt=\"\" decoding=\"async\" loading=\"lazy\" \/><\/a><p>Mit der ARD-Mediathek f\u00fcr Apple TV k\u00f6nnen wir weiterhin nicht dienen, allerdings ist mit dem Saarl\u00e4ndischen Rundfunk nun die erste Landesrundfunkanstalt auf Apples Set-Top-Box vertreten. Die SR Mediathek bietet nicht nur Zugriff auf On-Demand-Inhalte des Senders, sondern auch die Live-Streams des SR Fernsehens sowie verschiedener H\u00f6rfunkprogramme. Verpasste TV-Sendungen lassen sich alphabetisch, nach Tagen sortiert oder [&hellip;]<\/p>\n","protected":false},"author":2,"featured_media":91680,"comment_status":"open","ping_status":"closed","sticky":false,"template":"","format":"standard","meta":{"_acf_changed":false,"footnotes":""},"categories":[4],"tags":[26,183,58],"class_list":["post-91677","post","type-post","status-publish","format-standard","has-post-thumbnail","hentry","category-appletv","tag-apple-tv","tag-ard","tag-fernsehen"],"acf":[],"aioseo_notices":[],"featured_image":["http:\/\/images.ifun.de\/wp-content\/uploads\/2016\/04\/sr-mediathek-header.jpg","http:\/\/images.ifun.de\/wp-content\/uploads\/2016\/04\/sr-mediathek-header.jpg"],"rest_api_enabler":{"featured_image":["http:\/\/images.ifun.de\/wp-content\/uploads\/2016\/04\/sr-mediathek-header.jpg","http:\/\/images.ifun.de\/wp-content\/uploads\/2016\/04\/sr-mediathek-header.jpg"]},"_links":{"self":[{"href":"https:\/\/www.ifun.de\/apiv2\/wp\/v2\/posts\/91677","targetHints":{"allow":["GET"]}}],"collection":[{"href":"https:\/\/www.ifun.de\/apiv2\/wp\/v2\/posts"}],"about":[{"href":"https:\/\/www.ifun.de\/apiv2\/wp\/v2\/types\/post"}],"author":[{"embeddable":true,"href":"https:\/\/www.ifun.de\/apiv2\/wp\/v2\/users\/2"}],"replies":[{"embeddable":true,"href":"https:\/\/www.ifun.de\/apiv2\/wp\/v2\/comments?post=91677"}],"version-history":[{"count":2,"href":"https:\/\/www.ifun.de\/apiv2\/wp\/v2\/posts\/91677\/revisions"}],"predecessor-version":[{"id":91681,"href":"https:\/\/www.ifun.de\/apiv2\/wp\/v2\/posts\/91677\/revisions\/91681"}],"wp:featuredmedia":[{"embeddable":true,"href":"https:\/\/www.ifun.de\/apiv2\/wp\/v2\/media\/91680"}],"wp:attachment":[{"href":"https:\/\/www.ifun.de\/apiv2\/wp\/v2\/media?parent=91677"}],"wp:term":[{"taxonomy":"category","embeddable":true,"href":"https:\/\/www.ifun.de\/apiv2\/wp\/v2\/categories?post=91677"},{"taxonomy":"post_tag","embeddable":true,"href":"https:\/\/www.ifun.de\/apiv2\/wp\/v2\/tags?post=91677"}],"curies":[{"name":"wp","href":"https:\/\/api.w.org\/{rel}","templated":true}]}}