{"id":91442,"date":"2016-04-21T07:48:14","date_gmt":"2016-04-21T05:48:14","guid":{"rendered":"http:\/\/www.ifun.de\/?p=91442"},"modified":"2016-04-21T07:50:22","modified_gmt":"2016-04-21T05:50:22","slug":"apple-verschiebt-veroeffentlichung-der-quartalszahlen-auf-26-april","status":"publish","type":"post","link":"https:\/\/www.ifun.de\/apple-verschiebt-veroeffentlichung-der-quartalszahlen-auf-26-april-91442\/","title":{"rendered":"Apple verschiebt Ver\u00f6ffentlichung der Quartalszahlen auf 26. April"},"content":{"rendered":"<p>F\u00fcr die letzte Aprilwoche steht die Ver\u00f6ffentlichung von Apples Wirtschaftsergebnissen f\u00fcr das zweite Quartal 2016 an. Urspr\u00fcnglich f\u00fcr den 25. April vorgesehen, wurde die Telefonkonferenz nun auf den Abend des 26. April verschoben.<\/p>\n<p><a href=\"http:\/\/images.ifun.de\/wp-content\/uploads\/2016\/04\/apple-q2.gif\" rel=\"attachment wp-att-91443\"><img loading=\"lazy\" decoding=\"async\" src=\"http:\/\/images.ifun.de\/wp-content\/uploads\/2016\/04\/apple-q2.gif\" alt=\"apple-q2\" width=\"500\" height=\"326\" class=\"alignnone size-full wp-image-91443\" \/><\/a><\/p>\n<p>Apples Finanzbericht f\u00fcr den Zeitraum von Januar bis M\u00e4rz wird mit Spannung erwartet. Nach dem das Unternehmen im Januar <a href=\"http:\/\/www.iphone-ticker.de\/rekordquartal-apple-verkauft-75-millionen-iphones-92070\/\">erneut Rekordergebnisse<\/a> vermelden konnte, wurde vor einem Umsatzr\u00fcckgang im zweiten Quartal gewarnt. Die von Apple ausgegebene Umsatzerwartung liegt bei 50 bis 53 Milliarden US-Dollar, dies w\u00e4re nach langen Jahren erstmals wieder ein R\u00fcckgang im Vergleich zum entsprechenden <a href=\"http:\/\/www.iphone-ticker.de\/q22015-apple-erneut-mit-rekord-quartalszahlen-80872\/\">Vorjahresquartal<\/a>, das Apple mit 58 Milliarden Dollar Gesamtumsatz abgeschlossen hat.<\/p>\n<p>Die Terminverschiebung hat keine taktischen Gr\u00fcnde. Apple weist auf der <a href=\"http:\/\/investor.apple.com\">zugeh\u00f6rigen Webseite<\/a> darauf hin, dass am urspr\u00fcnglich vorgesehenen Tag eine Trauerfeier f\u00fcr den langj\u00e4hrigen Mitarbeiter Bill Campbell stattfindet.<\/p>\n<h2>Apples Gesch\u00e4ftsjahr<\/h2>\n<p>Weil immer wieder danach gefragt wird: Die im Zusammenhang mit den Finanzergebnissen genannten Zeitr\u00e4ume (Q1, Q2, usw.) orientieren sich am <a href=\"https:\/\/de.wikipedia.org\/wiki\/Gesch%C3%A4ftsjahr\">Gesch\u00e4ftsjahr<\/a> eines Unternehmens. Dies muss nicht zwangsl\u00e4ufig mit dem Kalenderjahr \u00fcbereinstimmen. Bei Apple hat das Gesch\u00e4ftsjahr 2016 am 27. September 2015 begonnen und endet am 24. September 2016.<\/p>\n","protected":false},"excerpt":{"rendered":"<a href=\"https:\/\/www.ifun.de\/apple-verschiebt-veroeffentlichung-der-quartalszahlen-auf-26-april-91442\/\"><img width=\"150\" height=\"150\" src=\"https:\/\/images.ifun.de\/wp-content\/uploads\/2016\/04\/apple-q2-150x150.gif\" class=\"alignright tfe wp-post-image\" alt=\"\" decoding=\"async\" loading=\"lazy\" \/><\/a><p>F\u00fcr die letzte Aprilwoche steht die Ver\u00f6ffentlichung von Apples Wirtschaftsergebnissen f\u00fcr das zweite Quartal 2016 an. Urspr\u00fcnglich f\u00fcr den 25. April vorgesehen, wurde die Telefonkonferenz nun auf den Abend des 26. April verschoben. Apples Finanzbericht f\u00fcr den Zeitraum von Januar bis M\u00e4rz wird mit Spannung erwartet. Nach dem das Unternehmen im Januar erneut Rekordergebnisse vermelden [&hellip;]<\/p>\n","protected":false},"author":2,"featured_media":91443,"comment_status":"open","ping_status":"closed","sticky":false,"template":"","format":"standard","meta":{"_acf_changed":false,"footnotes":""},"categories":[3],"tags":[4736,579,886],"class_list":["post-91442","post","type-post","status-publish","format-standard","has-post-thumbnail","hentry","category-apple","tag-apple","tag-borse","tag-finanzen"],"acf":[],"aioseo_notices":[],"featured_image":["http:\/\/images.ifun.de\/wp-content\/uploads\/2016\/04\/apple-logo-header.jpg","http:\/\/images.ifun.de\/wp-content\/uploads\/2016\/04\/apple-logo-header.jpg"],"rest_api_enabler":{"featured_image":["http:\/\/images.ifun.de\/wp-content\/uploads\/2016\/04\/apple-logo-header.jpg","http:\/\/images.ifun.de\/wp-content\/uploads\/2016\/04\/apple-logo-header.jpg"]},"_links":{"self":[{"href":"https:\/\/www.ifun.de\/apiv2\/wp\/v2\/posts\/91442","targetHints":{"allow":["GET"]}}],"collection":[{"href":"https:\/\/www.ifun.de\/apiv2\/wp\/v2\/posts"}],"about":[{"href":"https:\/\/www.ifun.de\/apiv2\/wp\/v2\/types\/post"}],"author":[{"embeddable":true,"href":"https:\/\/www.ifun.de\/apiv2\/wp\/v2\/users\/2"}],"replies":[{"embeddable":true,"href":"https:\/\/www.ifun.de\/apiv2\/wp\/v2\/comments?post=91442"}],"version-history":[{"count":5,"href":"https:\/\/www.ifun.de\/apiv2\/wp\/v2\/posts\/91442\/revisions"}],"predecessor-version":[{"id":91448,"href":"https:\/\/www.ifun.de\/apiv2\/wp\/v2\/posts\/91442\/revisions\/91448"}],"wp:featuredmedia":[{"embeddable":true,"href":"https:\/\/www.ifun.de\/apiv2\/wp\/v2\/media\/91443"}],"wp:attachment":[{"href":"https:\/\/www.ifun.de\/apiv2\/wp\/v2\/media?parent=91442"}],"wp:term":[{"taxonomy":"category","embeddable":true,"href":"https:\/\/www.ifun.de\/apiv2\/wp\/v2\/categories?post=91442"},{"taxonomy":"post_tag","embeddable":true,"href":"https:\/\/www.ifun.de\/apiv2\/wp\/v2\/tags?post=91442"}],"curies":[{"name":"wp","href":"https:\/\/api.w.org\/{rel}","templated":true}]}}