{"id":9131,"date":"2011-02-02T18:00:37","date_gmt":"2011-02-02T17:00:37","guid":{"rendered":"http:\/\/www.ifun.de\/?p=9131"},"modified":"2011-02-02T18:12:51","modified_gmt":"2011-02-02T17:12:51","slug":"the-daily-zeitung-fuer-ipad","status":"publish","type":"post","link":"https:\/\/www.ifun.de\/the-daily-zeitung-fuer-ipad-9131\/","title":{"rendered":"The Daily: Erstes Nachrichtenmagazin f\u00fcr das iPad vorerst nicht in Deutschland erh\u00e4ltlich"},"content":{"rendered":"<p>Lange erwartet wurde das erste ausschlie\u00dflich f\u00fcr das iPad produzierte Nachrichtenmagazin <a href=\"http:\/\/itunes.apple.com\/us\/app\/the-daily\/id411516732?mt=8\">The Daily<\/a> heute in New York vorgestellt. Der Medienkonzern News Corporation besch\u00e4ftigt mehr als 100 Journalisten mit der Produktion der t\u00e4glich neu erscheinenden Online-Zeitung. Der Verkaufspreis liegt bei f\u00fcr Endkunden ausgesprochen g\u00fcnstigen 99 US-Cent pro Woche oder 39,99 Dollar im Jahr.<\/p>\n<p><img loading=\"lazy\" decoding=\"async\" src=\"http:\/\/images.ifun.de\/wp-content\/uploads\/2011\/02\/daily_screens.jpg\" alt=\"\" title=\"daily_screens\" width=\"464\" height=\"202\" class=\"alignnone size-full wp-image-9153\" srcset=\"https:\/\/images.ifun.de\/wp-content\/uploads\/2011\/02\/daily_screens.jpg 464w, https:\/\/images.ifun.de\/wp-content\/uploads\/2011\/02\/daily_screens-300x130.jpg 300w\" sizes=\"auto, (max-width: 464px) 100vw, 464px\" \/><\/p>\n<p>In Deutschland ist das Magazin bislang nicht \u00fcber den App Store erh\u00e4ltlich. Wer hierzulande Zeitungen oder Magazine im Abo \u00fcber den App Store beziehen will muss sich noch etwas gedulden. Apple wird in K\u00fcrze eine Ank\u00fcndigung betreffend neuer Abo-Optionen machen, auf die mehr oder weniger direkt die ersten Angebote deutscher Verlage folgen werden.<\/p>\n<p>\u00dcber die iTunes-AGB sind bereits die ersten Details zu den kommenden In-App-Abos bekanntgeworden (<a href=\"http:\/\/www.ifun.de\/2011\/02\/02\/apple-bringt-in-app-abonnements\/\">wir berichteten<\/a>).<\/p>\n","protected":false},"excerpt":{"rendered":"<a href=\"https:\/\/www.ifun.de\/the-daily-zeitung-fuer-ipad-9131\/\"><img width=\"150\" height=\"150\" src=\"https:\/\/images.ifun.de\/wp-content\/uploads\/2011\/02\/daily_screens-150x150.jpg\" class=\"alignright tfe wp-post-image\" alt=\"\" decoding=\"async\" loading=\"lazy\" \/><\/a><p>Lange erwartet wurde das erste ausschlie\u00dflich f\u00fcr das iPad produzierte Nachrichtenmagazin The Daily heute in New York vorgestellt. Der Medienkonzern News Corporation besch\u00e4ftigt mehr als 100 Journalisten mit der Produktion der t\u00e4glich neu erscheinenden Online-Zeitung. Der Verkaufspreis liegt bei f\u00fcr Endkunden ausgesprochen g\u00fcnstigen 99 US-Cent pro Woche oder 39,99 Dollar im Jahr. In Deutschland ist [&hellip;]<\/p>\n","protected":false},"author":2,"featured_media":9153,"comment_status":"open","ping_status":"closed","sticky":false,"template":"","format":"standard","meta":{"_acf_changed":false,"footnotes":""},"categories":[10],"tags":[104,4740,189,66],"class_list":["post-9131","post","type-post","status-publish","format-standard","has-post-thumbnail","hentry","category-ipad","tag-abo","tag-ipad","tag-zeitschrift","tag-zeitung"],"acf":[],"aioseo_notices":[],"rest_api_enabler":[],"_links":{"self":[{"href":"https:\/\/www.ifun.de\/apiv2\/wp\/v2\/posts\/9131","targetHints":{"allow":["GET"]}}],"collection":[{"href":"https:\/\/www.ifun.de\/apiv2\/wp\/v2\/posts"}],"about":[{"href":"https:\/\/www.ifun.de\/apiv2\/wp\/v2\/types\/post"}],"author":[{"embeddable":true,"href":"https:\/\/www.ifun.de\/apiv2\/wp\/v2\/users\/2"}],"replies":[{"embeddable":true,"href":"https:\/\/www.ifun.de\/apiv2\/wp\/v2\/comments?post=9131"}],"version-history":[{"count":8,"href":"https:\/\/www.ifun.de\/apiv2\/wp\/v2\/posts\/9131\/revisions"}],"predecessor-version":[{"id":9155,"href":"https:\/\/www.ifun.de\/apiv2\/wp\/v2\/posts\/9131\/revisions\/9155"}],"wp:featuredmedia":[{"embeddable":true,"href":"https:\/\/www.ifun.de\/apiv2\/wp\/v2\/media\/9153"}],"wp:attachment":[{"href":"https:\/\/www.ifun.de\/apiv2\/wp\/v2\/media?parent=9131"}],"wp:term":[{"taxonomy":"category","embeddable":true,"href":"https:\/\/www.ifun.de\/apiv2\/wp\/v2\/categories?post=9131"},{"taxonomy":"post_tag","embeddable":true,"href":"https:\/\/www.ifun.de\/apiv2\/wp\/v2\/tags?post=9131"}],"curies":[{"name":"wp","href":"https:\/\/api.w.org\/{rel}","templated":true}]}}