{"id":91296,"date":"2016-04-18T20:18:39","date_gmt":"2016-04-18T18:18:39","guid":{"rendered":"http:\/\/www.ifun.de\/?p=91296"},"modified":"2016-04-18T20:19:20","modified_gmt":"2016-04-18T18:19:20","slug":"lagerbestaende-werden-knapp-neues-12-macbook-noch-im-april","status":"publish","type":"post","link":"https:\/\/www.ifun.de\/lagerbestaende-werden-knapp-neues-12-macbook-noch-im-april-91296\/","title":{"rendered":"Lagerbest\u00e4nde werden knapp: Neues 12&#8243; MacBook noch im April?"},"content":{"rendered":"<p>Apples MacBook mit 12\u201c Bildschirmgr\u00f6\u00dfe wurde im M\u00e4rz 2015 <a href=\"http:\/\/www.ifun.de\/macbook-retina-12-apple-stellt-neue-macbook-generation-vor-74120\/\">vorgestellt<\/a> und ist somit seit gut einem Jahr auf dem Markt. Nun mehren sich die Anzeichen daf\u00fcr, dass eine neue Version des Notebooks in K\u00fcrze verf\u00fcgbar sein wird.<\/p>\n<p><a href=\"http:\/\/images.ifun.de\/wp-content\/uploads\/2015\/04\/macbook-12-5001.jpg\" rel=\"attachment wp-att-75359\"><img loading=\"lazy\" decoding=\"async\" src=\"http:\/\/images.ifun.de\/wp-content\/uploads\/2015\/04\/macbook-12-5001.jpg\" alt=\"macbook-12-500\" width=\"500\" height=\"434\" class=\"alignnone size-full wp-image-75359\" srcset=\"https:\/\/images.ifun.de\/wp-content\/uploads\/2015\/04\/macbook-12-5001.jpg 500w, https:\/\/images.ifun.de\/wp-content\/uploads\/2015\/04\/macbook-12-5001-300x260.jpg 300w\" sizes=\"auto, (max-width: 500px) 100vw, 500px\" \/><\/a><\/p>\n<p>Die amerikanische Elektrokette <a href=\"http:\/\/www.bestbuy.com\/site\/apple-macbook-12-display-intel-core-m-8gb-memory-256gb-flash-storage-space-gray\/5240048.p\">Best Buy<\/a> listet die noch aktuelle Generation des 12\u201c MacBook als \u201eNicht mehr verf\u00fcgbar\u201c. S\u00e4mtliche Modellvarianten sind seit heute \u00fcber Best Buy nicht mehr erh\u00e4ltlich. Andere amerikanische H\u00e4ndler haben das Notebook derzeit drastisch preisreduziert im Angebot. Gr\u00f6\u00dfere Apple-Verkaufspartner verf\u00fcgen teils \u00fcber Vorabinformationen bez\u00fcglich Produktaktualisierungen, somit sind diese Hinweise sicherlich ernst zu nehmen.<\/p>\n<p>Bereits Ende M\u00e4rz fanden sich in der Serverversion von OS X <a href=\"http:\/\/www.ifun.de\/neues-macbook-12-2016-bereits-in-server-version-von-os-x-gelistet-90319\/\">\u00fcberraschende Hinweise<\/a> auf neue MacBook-Modelle. Hier war von einem \u201eMacBook 12\u201c Anfang 2016\u201c die Rede. Nachdem Apple das Jahr im Zusammenhang mit Produktbezeichnungen gew\u00f6hnlich in die jeweils vier Monate langen Abschnitte \u201eAnfang\u201c, \u201eMitte\u201c und \u201eEnde\u201c aufteilt, m\u00fcssten die Ger\u00e4te korrekterweise noch im April in den Handel kommen. Die f\u00fcr neue Mac-Hardware wahrscheinlichsten Tage w\u00e4ren Dienstag oder Mittwoch in dieser oder n\u00e4chster Woche. (via <a href=\"http:\/\/appleinsider.com\">AppleInsider<\/a>)<\/p>\n","protected":false},"excerpt":{"rendered":"<a href=\"https:\/\/www.ifun.de\/lagerbestaende-werden-knapp-neues-12-macbook-noch-im-april-91296\/\"><img decoding=\"async\" width=\"150\" src=\"http:\/\/images.ifun.de\/wp-content\/uploads\/2015\/04\/macbook-12-5001.jpg\" class=\"alignright wp-post-image tfe\" alt=\"macbook-12-500\" title=\"\" \/><\/a><p>Apples MacBook mit 12\u201c Bildschirmgr\u00f6\u00dfe wurde im M\u00e4rz 2015 vorgestellt und ist somit seit gut einem Jahr auf dem Markt. Nun mehren sich die Anzeichen daf\u00fcr, dass eine neue Version des Notebooks in K\u00fcrze verf\u00fcgbar sein wird. Die amerikanische Elektrokette Best Buy listet die noch aktuelle Generation des 12\u201c MacBook als \u201eNicht mehr verf\u00fcgbar\u201c. S\u00e4mtliche [&hellip;]<\/p>\n","protected":false},"author":2,"featured_media":0,"comment_status":"open","ping_status":"closed","sticky":false,"template":"","format":"standard","meta":{"_acf_changed":false,"footnotes":""},"categories":[16],"tags":[2945],"class_list":["post-91296","post","type-post","status-publish","format-standard","hentry","category-mac","tag-macbook-12"],"acf":[],"aioseo_notices":[],"featured_image":["http:\/\/images.ifun.de\/wp-content\/uploads\/2015\/04\/macbook-12-header.jpg","http:\/\/images.ifun.de\/wp-content\/uploads\/2015\/04\/macbook-12-header.jpg"],"rest_api_enabler":{"featured_image":["http:\/\/images.ifun.de\/wp-content\/uploads\/2015\/04\/macbook-12-header.jpg","http:\/\/images.ifun.de\/wp-content\/uploads\/2015\/04\/macbook-12-header.jpg"]},"_links":{"self":[{"href":"https:\/\/www.ifun.de\/apiv2\/wp\/v2\/posts\/91296","targetHints":{"allow":["GET"]}}],"collection":[{"href":"https:\/\/www.ifun.de\/apiv2\/wp\/v2\/posts"}],"about":[{"href":"https:\/\/www.ifun.de\/apiv2\/wp\/v2\/types\/post"}],"author":[{"embeddable":true,"href":"https:\/\/www.ifun.de\/apiv2\/wp\/v2\/users\/2"}],"replies":[{"embeddable":true,"href":"https:\/\/www.ifun.de\/apiv2\/wp\/v2\/comments?post=91296"}],"version-history":[{"count":3,"href":"https:\/\/www.ifun.de\/apiv2\/wp\/v2\/posts\/91296\/revisions"}],"predecessor-version":[{"id":91299,"href":"https:\/\/www.ifun.de\/apiv2\/wp\/v2\/posts\/91296\/revisions\/91299"}],"wp:attachment":[{"href":"https:\/\/www.ifun.de\/apiv2\/wp\/v2\/media?parent=91296"}],"wp:term":[{"taxonomy":"category","embeddable":true,"href":"https:\/\/www.ifun.de\/apiv2\/wp\/v2\/categories?post=91296"},{"taxonomy":"post_tag","embeddable":true,"href":"https:\/\/www.ifun.de\/apiv2\/wp\/v2\/tags?post=91296"}],"curies":[{"name":"wp","href":"https:\/\/api.w.org\/{rel}","templated":true}]}}