{"id":91270,"date":"2016-04-18T14:33:07","date_gmt":"2016-04-18T12:33:07","guid":{"rendered":"http:\/\/www.ifun.de\/?p=91270"},"modified":"2016-04-18T14:33:07","modified_gmt":"2016-04-18T12:33:07","slug":"icar-apple-betreibt-angeblich-geheimlabor-in-berlin","status":"publish","type":"post","link":"https:\/\/www.ifun.de\/icar-apple-betreibt-angeblich-geheimlabor-in-berlin-91270\/","title":{"rendered":"&#8222;iCar&#8220;: Apple betreibt angeblich &#8222;Geheimlabor&#8220; in Berlin"},"content":{"rendered":"<p>Die neuesten Ger\u00fcchte um den Einstieg Apples in die Automobilproduktion kommen aus Deutschland. Die <a href=\"http:\/\/www.faz.net\/aktuell\/wirtschaft\/netzwirtschaft\/apple-steve-jobs\/apple-icar-entwicklung-in-geheimem-autolabor-in-berlin-14183854.html\">Frankfurter Allgemeine<\/a> will wissen, dass Apple in Berlin ein \u201egeheimes Labor zur Entwicklung eines Automobils\u201c betreibt.<\/p>\n<p><a href=\"http:\/\/images.ifun.de\/wp-content\/uploads\/2015\/02\/50014.jpg\"><img loading=\"lazy\" decoding=\"async\" src=\"http:\/\/images.ifun.de\/wp-content\/uploads\/2015\/02\/50014.jpg\" alt=\"500\" width=\"500\" height=\"313\" class=\"aligncenter size-full wp-image-73296\" srcset=\"https:\/\/images.ifun.de\/wp-content\/uploads\/2015\/02\/50014.jpg 500w, https:\/\/images.ifun.de\/wp-content\/uploads\/2015\/02\/50014-300x188.jpg 300w\" sizes=\"auto, (max-width: 500px) 100vw, 500px\" \/><\/a><\/p>\n<h6>Bild: <a href=\"http:\/\/www.shutterstock.com\/\">daringstock, zomby | Shutterstock<\/a><\/h6>\n<h2>Apple-Geheimlabor in Berlin<\/h2>\n<p>Die Informationen stammen der Zeitung zufolge aus \u201egut informierten Kreisen\u201c. Demnach sollen in Berlin 15 bis 20 hochkar\u00e4tige Personen aus der deutschen Automobilbranche Ideen f\u00fcr das Auto der Zukunft schmieden. Darunter nicht nur Ingenieure, sondern auch Experten aus den Bereichen Software, Hardware und Vertrieb. Apple habe in dem Berliner Labor junge und innovative Menschen versammelt, die ihre Ideen an ihren alten Arbeitspl\u00e4tzen nicht ausleben konnten.<\/p>\n<p>Dem FAZ-Bericht zufolge stehen beim deutschen \u201eiCar-Team\u201c nicht nur technische Themen im Vordergrund, sondern auch Fragestellungen nach potenziellen Partner, lokalen Zulassungsbedingungen oder auch der Blick auf die Fortschritte der Konkurrenz.<\/p>\n<p>Die Spekulationen rund um das Thema <a href=\"http:\/\/www.ifun.de\/tag\/apple-auto\/\">Apple-Auto<\/a> haben in den letzten Wochen wieder ordentlich Fahrt aufgenommen. Zuletzt wurde <a href=\"http:\/\/www.ifun.de\/geheimprojekt-auto-apple-sichert-sich-groessere-firmengelaende-in-kalifornien-91047\/\" title=\"Geheimprojekt Auto? Apple sichert sich gr\u00f6\u00dfere Firmengel\u00e4nde in Kalifornien\">berichtet<\/a>, dass Apple mehrere gro\u00dfe Werksanlagen im kalifornischen Silicon Valley f\u00fcr diesen Zweck gekauft oder angemietet habe. Letzten Monat hat der deutsche Automobil-Zulieferer ElringKlinger von \u201eAnfragen Apples\u201c <a href=\"http:\/\/www.ifun.de\/apple-auto-deutscher-zulieferer-spricht-von-anfragen-apples-90525\/\" title=\"Apple-Auto: Deutscher Zulieferer spricht von \u201eAnfragen Apples\u201c\">gesprochen<\/a>, allerdings keine weiteren Details verlauten lassen. Bereits l\u00e4ngere Zeit kursieren Ger\u00fcchte, dass Apple f\u00fcr die Fahrzeugproduktion mit dem \u00f6sterreichischen Zulieferer Magna verhandle. Best\u00e4tigen lie\u00df sich dergleichen bislang allerdings nie.<\/p>\n","protected":false},"excerpt":{"rendered":"<a href=\"https:\/\/www.ifun.de\/icar-apple-betreibt-angeblich-geheimlabor-in-berlin-91270\/\"><img decoding=\"async\" width=\"150\" src=\"http:\/\/images.ifun.de\/wp-content\/uploads\/2015\/02\/50014.jpg\" class=\"alignright wp-post-image tfe\" alt=\"500\" title=\"\" \/><\/a><p>Die neuesten Ger\u00fcchte um den Einstieg Apples in die Automobilproduktion kommen aus Deutschland. Die Frankfurter Allgemeine will wissen, dass Apple in Berlin ein \u201egeheimes Labor zur Entwicklung eines Automobils\u201c betreibt. Bild: daringstock, zomby | Shutterstock Apple-Geheimlabor in Berlin Die Informationen stammen der Zeitung zufolge aus \u201egut informierten Kreisen\u201c. Demnach sollen in Berlin 15 bis 20 [&hellip;]<\/p>\n","protected":false},"author":2,"featured_media":0,"comment_status":"open","ping_status":"closed","sticky":false,"template":"","format":"standard","meta":{"_acf_changed":false,"footnotes":""},"categories":[1],"tags":[2632,190],"class_list":["post-91270","post","type-post","status-publish","format-standard","hentry","category-news","tag-apple-auto","tag-berlin"],"acf":[],"aioseo_notices":[],"featured_image":["http:\/\/images.ifun.de\/wp-content\/uploads\/2016\/03\/apple-cupertino-flaggen.jpg"],"rest_api_enabler":{"featured_image":"http:\/\/images.ifun.de\/wp-content\/uploads\/2016\/03\/apple-cupertino-flaggen.jpg"},"_links":{"self":[{"href":"https:\/\/www.ifun.de\/apiv2\/wp\/v2\/posts\/91270","targetHints":{"allow":["GET"]}}],"collection":[{"href":"https:\/\/www.ifun.de\/apiv2\/wp\/v2\/posts"}],"about":[{"href":"https:\/\/www.ifun.de\/apiv2\/wp\/v2\/types\/post"}],"author":[{"embeddable":true,"href":"https:\/\/www.ifun.de\/apiv2\/wp\/v2\/users\/2"}],"replies":[{"embeddable":true,"href":"https:\/\/www.ifun.de\/apiv2\/wp\/v2\/comments?post=91270"}],"version-history":[{"count":3,"href":"https:\/\/www.ifun.de\/apiv2\/wp\/v2\/posts\/91270\/revisions"}],"predecessor-version":[{"id":91273,"href":"https:\/\/www.ifun.de\/apiv2\/wp\/v2\/posts\/91270\/revisions\/91273"}],"wp:attachment":[{"href":"https:\/\/www.ifun.de\/apiv2\/wp\/v2\/media?parent=91270"}],"wp:term":[{"taxonomy":"category","embeddable":true,"href":"https:\/\/www.ifun.de\/apiv2\/wp\/v2\/categories?post=91270"},{"taxonomy":"post_tag","embeddable":true,"href":"https:\/\/www.ifun.de\/apiv2\/wp\/v2\/tags?post=91270"}],"curies":[{"name":"wp","href":"https:\/\/api.w.org\/{rel}","templated":true}]}}