{"id":91234,"date":"2016-04-16T11:28:06","date_gmt":"2016-04-16T09:28:06","guid":{"rendered":"http:\/\/www.ifun.de\/?p=91234"},"modified":"2016-04-16T11:28:06","modified_gmt":"2016-04-16T09:28:06","slug":"sonderedition-von-apples-design-team-gelbes-ipad-pro-wird-versteigert","status":"publish","type":"post","link":"https:\/\/www.ifun.de\/sonderedition-von-apples-design-team-gelbes-ipad-pro-wird-versteigert-91234\/","title":{"rendered":"Sonderedition von Apples Design-Team: Gelbes iPad Pro wird versteigert"},"content":{"rendered":"<p>Apples Design-Team hat ein gelbes iPad Pro konzipiert und fertigen lassen. Das Einzelst\u00fcck wird am 28. April vom Londoner Auktionshaus <a href=\"http:\/\/www.phillips.com\/detail\/APPLE-INC\/UK050316\/303#\">Phillips<\/a> versteigert.<\/p>\n<p>Das Aluminiumgeh\u00e4use der Sonderedition ist gelb anodisiert. Auf der R\u00fcckseite des Ger\u00e4ts zeugt die Lasergravur \u201eEdition 1 of 1\u201c von der Einzigartigkeit dieser Ausf\u00fchrung. Ebenfalls Sonderst\u00fccke sind das dunkelblaue Smart Cover sowie das orangefarbene Etui f\u00fcr den Apple Pencil.<\/p>\n<p><a href=\"http:\/\/images.ifun.de\/wp-content\/uploads\/2016\/04\/500-19.jpg\" rel=\"attachment wp-att-91236\"><img loading=\"lazy\" decoding=\"async\" src=\"http:\/\/images.ifun.de\/wp-content\/uploads\/2016\/04\/500-19.jpg\" alt=\"500\" width=\"500\" height=\"307\" class=\"alignnone size-full wp-image-91236\" srcset=\"https:\/\/images.ifun.de\/wp-content\/uploads\/2016\/04\/500-19.jpg 500w, https:\/\/images.ifun.de\/wp-content\/uploads\/2016\/04\/500-19-300x184.jpg 300w\" sizes=\"auto, (max-width: 500px) 100vw, 500px\" \/><\/a><\/p>\n<p>Die Auktion am 28. April findet unter dem Titel \u201e<a href=\"https:\/\/designmuseum.org\/move-with-us\/new-design-museum\/time-for-design-auction\">Time for Design<\/a>\u201c zugunsten des Design Museum London statt. Neben dem besonderen iPad suchen hier diverse Design-Gegenst\u00e4nde und Sondereditionen zahlungskr\u00e4ftige K\u00e4ufer, darunter ein vom Industriedesigner Ron Arad gestalteter Fiat 500, ein Tisch des Architekten Norman Foster oder eine Sitzgruppe von Zaha Hadid. Das gelbe iPad Pro soll dem Museum zwischen 12.000 und 19.000 Euro einbringen.<\/p>\n<p>Apples Design-Chef Jony Ive ist mit dem London Design Museum schon l\u00e4ngere Zeit eng verbunden. Bereits 1990, lange vor seinem Eintritt bei Apple, hat er dort einen Prototyp f\u00fcr ein Mobiltelefon ausgestellt. 2003 wurde er f\u00fcr den iMac mit dem Museumspreis \u201eDesigner of the Year\u201c ausgezeichnet.<\/p>\n","protected":false},"excerpt":{"rendered":"<a href=\"https:\/\/www.ifun.de\/sonderedition-von-apples-design-team-gelbes-ipad-pro-wird-versteigert-91234\/\"><img width=\"150\" height=\"150\" src=\"https:\/\/images.ifun.de\/wp-content\/uploads\/2016\/04\/ipad-pro-gelb-header-150x150.jpg\" class=\"alignright tfe wp-post-image\" alt=\"\" decoding=\"async\" loading=\"lazy\" \/><\/a><p>Apples Design-Team hat ein gelbes iPad Pro konzipiert und fertigen lassen. Das Einzelst\u00fcck wird am 28. April vom Londoner Auktionshaus Phillips versteigert. Das Aluminiumgeh\u00e4use der Sonderedition ist gelb anodisiert. Auf der R\u00fcckseite des Ger\u00e4ts zeugt die Lasergravur \u201eEdition 1 of 1\u201c von der Einzigartigkeit dieser Ausf\u00fchrung. Ebenfalls Sonderst\u00fccke sind das dunkelblaue Smart Cover sowie das [&hellip;]<\/p>\n","protected":false},"author":2,"featured_media":91237,"comment_status":"open","ping_status":"closed","sticky":false,"template":"","format":"standard","meta":{"_acf_changed":false,"footnotes":""},"categories":[10],"tags":[250,2486],"class_list":["post-91234","post","type-post","status-publish","format-standard","has-post-thumbnail","hentry","category-ipad","tag-design","tag-ipad-pro"],"acf":[],"aioseo_notices":[],"featured_image":["http:\/\/images.ifun.de\/wp-content\/uploads\/2016\/04\/ipad-pro-gelb-header.jpg","http:\/\/images.ifun.de\/wp-content\/uploads\/2016\/04\/ipad-pro-gelb-header.jpg","http:\/\/images.ifun.de\/wp-content\/uploads\/2016\/04\/ipad-pro-gelb-header.jpg","http:\/\/images.ifun.de\/wp-content\/uploads\/2016\/04\/ipad-pro-gelb-header.jpg","http:\/\/images.ifun.de\/wp-content\/uploads\/2016\/04\/ipad-pro-gelb-header.jpg","http:\/\/images.ifun.de\/wp-content\/uploads\/2016\/04\/ipad-pro-gelb-header.jpg"],"rest_api_enabler":{"featured_image":["http:\/\/images.ifun.de\/wp-content\/uploads\/2016\/04\/ipad-pro-gelb-header.jpg","http:\/\/images.ifun.de\/wp-content\/uploads\/2016\/04\/ipad-pro-gelb-header.jpg","http:\/\/images.ifun.de\/wp-content\/uploads\/2016\/04\/ipad-pro-gelb-header.jpg","http:\/\/images.ifun.de\/wp-content\/uploads\/2016\/04\/ipad-pro-gelb-header.jpg","http:\/\/images.ifun.de\/wp-content\/uploads\/2016\/04\/ipad-pro-gelb-header.jpg","http:\/\/images.ifun.de\/wp-content\/uploads\/2016\/04\/ipad-pro-gelb-header.jpg"]},"_links":{"self":[{"href":"https:\/\/www.ifun.de\/apiv2\/wp\/v2\/posts\/91234","targetHints":{"allow":["GET"]}}],"collection":[{"href":"https:\/\/www.ifun.de\/apiv2\/wp\/v2\/posts"}],"about":[{"href":"https:\/\/www.ifun.de\/apiv2\/wp\/v2\/types\/post"}],"author":[{"embeddable":true,"href":"https:\/\/www.ifun.de\/apiv2\/wp\/v2\/users\/2"}],"replies":[{"embeddable":true,"href":"https:\/\/www.ifun.de\/apiv2\/wp\/v2\/comments?post=91234"}],"version-history":[{"count":4,"href":"https:\/\/www.ifun.de\/apiv2\/wp\/v2\/posts\/91234\/revisions"}],"predecessor-version":[{"id":91240,"href":"https:\/\/www.ifun.de\/apiv2\/wp\/v2\/posts\/91234\/revisions\/91240"}],"wp:featuredmedia":[{"embeddable":true,"href":"https:\/\/www.ifun.de\/apiv2\/wp\/v2\/media\/91237"}],"wp:attachment":[{"href":"https:\/\/www.ifun.de\/apiv2\/wp\/v2\/media?parent=91234"}],"wp:term":[{"taxonomy":"category","embeddable":true,"href":"https:\/\/www.ifun.de\/apiv2\/wp\/v2\/categories?post=91234"},{"taxonomy":"post_tag","embeddable":true,"href":"https:\/\/www.ifun.de\/apiv2\/wp\/v2\/tags?post=91234"}],"curies":[{"name":"wp","href":"https:\/\/api.w.org\/{rel}","templated":true}]}}