{"id":91198,"date":"2016-04-15T08:36:41","date_gmt":"2016-04-15T06:36:41","guid":{"rendered":"http:\/\/www.ifun.de\/?p=91198"},"modified":"2016-04-15T08:40:20","modified_gmt":"2016-04-15T06:40:20","slug":"macos-statt-os-x-apple-verschreibt-sich-auf-neuer-webseite","status":"publish","type":"post","link":"https:\/\/www.ifun.de\/macos-statt-os-x-apple-verschreibt-sich-auf-neuer-webseite-91198\/","title":{"rendered":"MacOS statt OS X? Apple &#8222;verschreibt&#8220; sich auf neuer Webseite"},"content":{"rendered":"<p>Auf einer neu von Apple freigegebenen <a href=\"http:\/\/www.apple.com\/de\/environment\/answers\/\">Webseite zum Thema Umweltschutz<\/a> verwendet das Unternehmen f\u00fcr das Mac-Betriebssystem die Bezeichnung MacOS anstelle von OS X. Dieses Detail hat von daher Bedeutung, dass \u00fcber eine entsprechende Umbenennung seit einiger Zeit diskutiert wird.<\/p>\n<p><a href=\"http:\/\/images.ifun.de\/wp-content\/uploads\/2016\/04\/macos-statt-osx.jpg\" rel=\"attachment wp-att-91199\"><img loading=\"lazy\" decoding=\"async\" src=\"http:\/\/images.ifun.de\/wp-content\/uploads\/2016\/04\/macos-statt-osx.jpg\" alt=\"macos-statt-osx\" width=\"500\" height=\"246\" class=\"alignnone size-full wp-image-91199\" srcset=\"https:\/\/images.ifun.de\/wp-content\/uploads\/2016\/04\/macos-statt-osx.jpg 500w, https:\/\/images.ifun.de\/wp-content\/uploads\/2016\/04\/macos-statt-osx-300x148.jpg 300w\" sizes=\"auto, (max-width: 500px) 100vw, 500px\" \/><\/a><\/p>\n<h2>macOS statt OS X?<\/h2>\n<p>Die Bezeichnung OS X wirkt mit Blick auf die restlichen Apple-Betriebssysteme iOS, tvOS und watchOS wie ein Fremdk\u00f6rper. Daher wird bereits l\u00e4ngere Zeit dar\u00fcber diskutiert, dass eine Umbenennung in macOS <a href=\"http:\/\/www.ifun.de\/wird-os-x-zu-macos-eine-umbenennung-waere-konsequent-und-hilfreich-89731\/\" title=\"Wird OS X zu macOS? Eine Umbenennung w\u00e4re konsequent und hilfreich\">sinnvoll w\u00e4re<\/a>. Erste Hinweise darauf, dass dies m\u00f6glicherweise bevorsteht, <a href=\"http:\/\/www.ifun.de\/macos-statt-os-x-hinweis-auf-moegliche-umbenennung-90485\/\" title=\"macOS statt OS X: Hinweis auf m\u00f6gliche Umbenennung\">fanden sich<\/a> k\u00fcrzlich im Quellcode einer aktuellen OS-X-Version.<\/p>\n<p>Die nun erstmals auf Apples Webseite verwendete Schreibweise MacOS kann nat\u00fcrlich ein Fl\u00fcchtigkeitsfehler sein, daf\u00fcr spricht auch der nicht zum Rest der Systembezeichnungen passende, gro\u00dfgeschriebene Anfangsbuchstabe. Harmonischer w\u00e4re die neue Bezeichnung f\u00fcr OS X aber allemal.<\/p>\n<p>Apple hat den \u201eFehler\u201c auf der amerikanischen Webseite bereits korrigiert. Dort steht anstelle von MacOS nun OS X und auch Apple Deutschland d\u00fcrfte die Textstelle in den n\u00e4chsten Stunden \u00e4ndern. Dies ist allerdings l\u00e4ngst kein Beleg daf\u00fcr, dass eine entsprechende \u00c4nderung nicht auf dem Plan steht. dergleichen m\u00fcsste jedoch offiziell angek\u00fcndigt werden, ein hervorragender Termin hierf\u00fcr w\u00e4re Apples voraussichtlich im Juni stattfindende Entwicklerkonferenz WWDC.<\/p>\n","protected":false},"excerpt":{"rendered":"<a href=\"https:\/\/www.ifun.de\/macos-statt-os-x-apple-verschreibt-sich-auf-neuer-webseite-91198\/\"><img width=\"150\" height=\"150\" src=\"https:\/\/images.ifun.de\/wp-content\/uploads\/2016\/04\/macos-statt-osx-150x150.jpg\" class=\"alignright tfe wp-post-image\" alt=\"\" decoding=\"async\" loading=\"lazy\" \/><\/a><p>Auf einer neu von Apple freigegebenen Webseite zum Thema Umweltschutz verwendet das Unternehmen f\u00fcr das Mac-Betriebssystem die Bezeichnung MacOS anstelle von OS X. Dieses Detail hat von daher Bedeutung, dass \u00fcber eine entsprechende Umbenennung seit einiger Zeit diskutiert wird. macOS statt OS X? Die Bezeichnung OS X wirkt mit Blick auf die restlichen Apple-Betriebssysteme iOS, [&hellip;]<\/p>\n","protected":false},"author":2,"featured_media":91199,"comment_status":"open","ping_status":"closed","sticky":false,"template":"","format":"standard","meta":{"_acf_changed":false,"footnotes":""},"categories":[16],"tags":[6321,3095,293],"class_list":["post-91198","post","type-post","status-publish","format-standard","has-post-thumbnail","hentry","category-mac","tag-mac","tag-macos","tag-os-x"],"acf":[],"aioseo_notices":[],"featured_image":["http:\/\/images.ifun.de\/wp-content\/uploads\/2016\/04\/apple-systeme-header-1.jpg"],"rest_api_enabler":{"featured_image":"http:\/\/images.ifun.de\/wp-content\/uploads\/2016\/04\/apple-systeme-header-1.jpg"},"_links":{"self":[{"href":"https:\/\/www.ifun.de\/apiv2\/wp\/v2\/posts\/91198","targetHints":{"allow":["GET"]}}],"collection":[{"href":"https:\/\/www.ifun.de\/apiv2\/wp\/v2\/posts"}],"about":[{"href":"https:\/\/www.ifun.de\/apiv2\/wp\/v2\/types\/post"}],"author":[{"embeddable":true,"href":"https:\/\/www.ifun.de\/apiv2\/wp\/v2\/users\/2"}],"replies":[{"embeddable":true,"href":"https:\/\/www.ifun.de\/apiv2\/wp\/v2\/comments?post=91198"}],"version-history":[{"count":2,"href":"https:\/\/www.ifun.de\/apiv2\/wp\/v2\/posts\/91198\/revisions"}],"predecessor-version":[{"id":91202,"href":"https:\/\/www.ifun.de\/apiv2\/wp\/v2\/posts\/91198\/revisions\/91202"}],"wp:featuredmedia":[{"embeddable":true,"href":"https:\/\/www.ifun.de\/apiv2\/wp\/v2\/media\/91199"}],"wp:attachment":[{"href":"https:\/\/www.ifun.de\/apiv2\/wp\/v2\/media?parent=91198"}],"wp:term":[{"taxonomy":"category","embeddable":true,"href":"https:\/\/www.ifun.de\/apiv2\/wp\/v2\/categories?post=91198"},{"taxonomy":"post_tag","embeddable":true,"href":"https:\/\/www.ifun.de\/apiv2\/wp\/v2\/tags?post=91198"}],"curies":[{"name":"wp","href":"https:\/\/api.w.org\/{rel}","templated":true}]}}