{"id":90876,"date":"2016-04-07T15:39:21","date_gmt":"2016-04-07T13:39:21","guid":{"rendered":"http:\/\/www.ifun.de\/?p=90876"},"modified":"2016-04-07T15:39:21","modified_gmt":"2016-04-07T13:39:21","slug":"zagg-kuendigt-neue-tastaturen-fuer-das-kleine-ipad-pro-an","status":"publish","type":"post","link":"https:\/\/www.ifun.de\/zagg-kuendigt-neue-tastaturen-fuer-das-kleine-ipad-pro-an-90876\/","title":{"rendered":"ZAGG k\u00fcndigt neue Tastaturen f\u00fcr das kleine iPad Pro an"},"content":{"rendered":"<p>Apple hat sein <a href=\"http:\/\/www.ifun.de\/smart-keyboard-fuer-97-ipad-pro-nur-mit-us-tastatur-90074\/\" title=\"kompatible Apple-Tastatur\">Smart Keyboard<\/a> ja auch f\u00fcr das iPad Pro mit 9,7-Zoll-Bildschirm im Programm, verzichtet bislang aber auch hier darauf, ein deutsches Tastaturlayout anzubieten. Der Zubeh\u00f6rhersteller <a href=\"http:\/\/www.zagg.com\/eu\/de_eu\/\">ZAGG<\/a> will hier nun in die Bresche springen und hat gleich vier neue Tastaturen f\u00fcr Apples neues iPad angek\u00fcndigt. Allerdings nutzt keine davon Apples Spezialanschluss Smart Connector f\u00fcr Verbindung und Stromzufuhr, sondern die Keyboards arbeiten allesamt mittels Bluetooth-Verbindung und eigenem Akku.<\/p>\n<h2>ZAGG Messenger Folio<\/h2>\n<p><a href=\"http:\/\/images.ifun.de\/wp-content\/uploads\/2016\/04\/ZAGG_Messenger_Folio__for_9.7-inch_ipad_pro_img2-1.jpg\" rel=\"attachment wp-att-90881\"><img loading=\"lazy\" decoding=\"async\" src=\"http:\/\/images.ifun.de\/wp-content\/uploads\/2016\/04\/ZAGG_Messenger_Folio__for_9.7-inch_ipad_pro_img2-1.jpg\" alt=\"ZAGG_Messenger_Folio__for_9.7-inch_ipad_pro_img2-1\" width=\"700\" height=\"367\" class=\"alignnone size-full wp-image-90881\" srcset=\"https:\/\/images.ifun.de\/wp-content\/uploads\/2016\/04\/ZAGG_Messenger_Folio__for_9.7-inch_ipad_pro_img2-1.jpg 700w, https:\/\/images.ifun.de\/wp-content\/uploads\/2016\/04\/ZAGG_Messenger_Folio__for_9.7-inch_ipad_pro_img2-1-300x157.jpg 300w\" sizes=\"auto, (max-width: 700px) 100vw, 700px\" \/><\/a><\/p>\n<p>Das ZAGG Messenger Folio ist die g\u00fcnstigste der neuen Tastaturen. Eine einfache Tastaturh\u00fclle mit integriertem St\u00e4nder. Die Preisempfehlung des Herstellers liegt bei 59,99 Euro.<\/p>\n<h2>ZAGG Folio<\/h2>\n<p><a href=\"http:\/\/images.ifun.de\/wp-content\/uploads\/2016\/04\/ZAGG_Folio_9.7-inch_ipad_pro.jpg\" rel=\"attachment wp-att-90882\"><img loading=\"lazy\" decoding=\"async\" src=\"http:\/\/images.ifun.de\/wp-content\/uploads\/2016\/04\/ZAGG_Folio_9.7-inch_ipad_pro.jpg\" alt=\"ZAGG_Folio_9.7-inch_ipad_pro\" width=\"700\" height=\"551\" class=\"alignnone size-full wp-image-90882\" srcset=\"https:\/\/images.ifun.de\/wp-content\/uploads\/2016\/04\/ZAGG_Folio_9.7-inch_ipad_pro.jpg 700w, https:\/\/images.ifun.de\/wp-content\/uploads\/2016\/04\/ZAGG_Folio_9.7-inch_ipad_pro-300x236.jpg 300w\" sizes=\"auto, (max-width: 700px) 100vw, 700px\" \/><\/a><\/p>\n<p>Das ZAGG Folio packt das iPad komplett ein und macht so ein kleines Notebook aus eurem Tablet. Die Au\u00dfenseite der H\u00fclle ist mit Leder bezogen und die integrierte Tastatur hintergrundbeleuchtet. Als Preisempfehlung nennt der Hersteller 89,99 Euro.<\/p>\n<h2>ZAGG Slim Book<\/h2>\n<p><a href=\"http:\/\/images.ifun.de\/wp-content\/uploads\/2016\/04\/ZAGG_Slim_Book_for_9.7-inch_ipad_pro_img2.jpg\" rel=\"attachment wp-att-90879\"><img loading=\"lazy\" decoding=\"async\" src=\"http:\/\/images.ifun.de\/wp-content\/uploads\/2016\/04\/ZAGG_Slim_Book_for_9.7-inch_ipad_pro_img2.jpg\" alt=\"ZAGG_Slim_Book_for_9.7-inch_ipad_pro_img2\" width=\"700\" height=\"408\" class=\"alignnone size-full wp-image-90879\" srcset=\"https:\/\/images.ifun.de\/wp-content\/uploads\/2016\/04\/ZAGG_Slim_Book_for_9.7-inch_ipad_pro_img2.jpg 700w, https:\/\/images.ifun.de\/wp-content\/uploads\/2016\/04\/ZAGG_Slim_Book_for_9.7-inch_ipad_pro_img2-300x175.jpg 300w\" sizes=\"auto, (max-width: 700px) 100vw, 700px\" \/><\/a><\/p>\n<p>Das ZAGG Slim Book ist eine Kombi aus flexibel verwendbarer H\u00fclle und iPad-Tastatur. Besonders bemerkenswert ist hier die lange Akkulaufzeit von bis zu zwei Jahren (bei Nutzung von ca. 1 Stunde pro Tag). Die Preisangabe liegt hier bei 119,99 Euro.<\/p>\n<h2>ZAGG Rugged Book<\/h2>\n<p><a href=\"http:\/\/images.ifun.de\/wp-content\/uploads\/2016\/04\/ZAGG_Rugged_Book_2.jpg\" rel=\"attachment wp-att-90880\"><img loading=\"lazy\" decoding=\"async\" src=\"http:\/\/images.ifun.de\/wp-content\/uploads\/2016\/04\/ZAGG_Rugged_Book_2.jpg\" alt=\"ZAGG_Rugged_Book_2\" width=\"700\" height=\"432\" class=\"alignnone size-full wp-image-90880\" srcset=\"https:\/\/images.ifun.de\/wp-content\/uploads\/2016\/04\/ZAGG_Rugged_Book_2.jpg 700w, https:\/\/images.ifun.de\/wp-content\/uploads\/2016\/04\/ZAGG_Rugged_Book_2-300x185.jpg 300w\" sizes=\"auto, (max-width: 700px) 100vw, 700px\" \/><\/a><\/p>\n<p>Das ZAGG Rugged Book ist die \u201eOutdoor-Ausf\u00fchrung\u201c der Tastaturh\u00fcllen von ZAGG. Die robuste Polykarbonat-H\u00fclle soll das iPad in Kombination mit einer Silikonschicht optimal sch\u00fctzen. Das iPad l\u00e4sst sich dank eines Magnetscharniers in flexiblen Stellwinkeln nutzen und kann bei Bedarf von der Tastatur abgenommen werden. Auch hier ist die Tastatur hintergrundbeleuchtet und ein Akku mit bis zu zwei Jahren Laufzeit verbaut. Der Preis wird mit 129,99 Euro angegeben.<\/p>\n<p>Alle vier neuen iPad-Tastaturen von ZAGG sollen in K\u00fcrze im Fach- und Versandhandel erh\u00e4ltlich sein.<\/p>\n","protected":false},"excerpt":{"rendered":"<a href=\"https:\/\/www.ifun.de\/zagg-kuendigt-neue-tastaturen-fuer-das-kleine-ipad-pro-an-90876\/\"><img width=\"150\" height=\"150\" src=\"https:\/\/images.ifun.de\/wp-content\/uploads\/2016\/04\/ZAGG_Folio_9.7-inch_ipad_pro-150x150.jpg\" class=\"alignright tfe wp-post-image\" alt=\"\" decoding=\"async\" loading=\"lazy\" \/><\/a><p>Apple hat sein Smart Keyboard ja auch f\u00fcr das iPad Pro mit 9,7-Zoll-Bildschirm im Programm, verzichtet bislang aber auch hier darauf, ein deutsches Tastaturlayout anzubieten. Der Zubeh\u00f6rhersteller ZAGG will hier nun in die Bresche springen und hat gleich vier neue Tastaturen f\u00fcr Apples neues iPad angek\u00fcndigt. Allerdings nutzt keine davon Apples Spezialanschluss Smart Connector f\u00fcr [&hellip;]<\/p>\n","protected":false},"author":2,"featured_media":90882,"comment_status":"open","ping_status":"closed","sticky":false,"template":"","format":"standard","meta":{"_acf_changed":false,"footnotes":""},"categories":[22],"tags":[2486,348,3108,6325],"class_list":["post-90876","post","type-post","status-publish","format-standard","has-post-thumbnail","hentry","category-zubehor","tag-ipad-pro","tag-tastatur","tag-zaag","tag-zubehor"],"acf":[],"aioseo_notices":[],"featured_image":["http:\/\/images.ifun.de\/wp-content\/uploads\/2016\/04\/zagg-header.jpg","http:\/\/images.ifun.de\/wp-content\/uploads\/2016\/04\/zagg-header.jpg"],"rest_api_enabler":{"featured_image":["http:\/\/images.ifun.de\/wp-content\/uploads\/2016\/04\/zagg-header.jpg","http:\/\/images.ifun.de\/wp-content\/uploads\/2016\/04\/zagg-header.jpg"]},"_links":{"self":[{"href":"https:\/\/www.ifun.de\/apiv2\/wp\/v2\/posts\/90876","targetHints":{"allow":["GET"]}}],"collection":[{"href":"https:\/\/www.ifun.de\/apiv2\/wp\/v2\/posts"}],"about":[{"href":"https:\/\/www.ifun.de\/apiv2\/wp\/v2\/types\/post"}],"author":[{"embeddable":true,"href":"https:\/\/www.ifun.de\/apiv2\/wp\/v2\/users\/2"}],"replies":[{"embeddable":true,"href":"https:\/\/www.ifun.de\/apiv2\/wp\/v2\/comments?post=90876"}],"version-history":[{"count":2,"href":"https:\/\/www.ifun.de\/apiv2\/wp\/v2\/posts\/90876\/revisions"}],"predecessor-version":[{"id":90883,"href":"https:\/\/www.ifun.de\/apiv2\/wp\/v2\/posts\/90876\/revisions\/90883"}],"wp:featuredmedia":[{"embeddable":true,"href":"https:\/\/www.ifun.de\/apiv2\/wp\/v2\/media\/90882"}],"wp:attachment":[{"href":"https:\/\/www.ifun.de\/apiv2\/wp\/v2\/media?parent=90876"}],"wp:term":[{"taxonomy":"category","embeddable":true,"href":"https:\/\/www.ifun.de\/apiv2\/wp\/v2\/categories?post=90876"},{"taxonomy":"post_tag","embeddable":true,"href":"https:\/\/www.ifun.de\/apiv2\/wp\/v2\/tags?post=90876"}],"curies":[{"name":"wp","href":"https:\/\/api.w.org\/{rel}","templated":true}]}}